{"id":19041,"date":"2023-07-17T10:30:28","date_gmt":"2023-07-17T08:30:28","guid":{"rendered":"https:\/\/bergers-schlagerparadies.de\/?p=19041"},"modified":"2023-07-11T22:10:32","modified_gmt":"2023-07-11T20:10:32","slug":"rayn-donner-tagtraum-%c2%b7-bergers-schlagerparadies","status":"publish","type":"post","link":"https:\/\/bergers-schlagerparadies.de\/?p=19041","title":{"rendered":"rayn, Donner &#8211; Tagtraum \u00b7 Berger\u00b4s Schlagerparadies"},"content":{"rendered":"<p><img loading=\"lazy\" decoding=\"async\" class=\"size-medium wp-image-19043 alignleft\" src=\"https:\/\/bergers-schlagerparadies.de\/wp-content\/uploads\/2023\/07\/rayn-Donner-Tagtraum-300x300.jpg\" alt=\"\" width=\"300\" height=\"300\" srcset=\"https:\/\/bergers-schlagerparadies.de\/wp-content\/uploads\/2023\/07\/rayn-Donner-Tagtraum-300x300.jpg 300w, https:\/\/bergers-schlagerparadies.de\/wp-content\/uploads\/2023\/07\/rayn-Donner-Tagtraum-1024x1024.jpg 1024w, https:\/\/bergers-schlagerparadies.de\/wp-content\/uploads\/2023\/07\/rayn-Donner-Tagtraum-150x150.jpg 150w, https:\/\/bergers-schlagerparadies.de\/wp-content\/uploads\/2023\/07\/rayn-Donner-Tagtraum-768x768.jpg 768w, https:\/\/bergers-schlagerparadies.de\/wp-content\/uploads\/2023\/07\/rayn-Donner-Tagtraum-1536x1536.jpg 1536w, https:\/\/bergers-schlagerparadies.de\/wp-content\/uploads\/2023\/07\/rayn-Donner-Tagtraum-2048x2048.jpg 2048w, https:\/\/bergers-schlagerparadies.de\/wp-content\/uploads\/2023\/07\/rayn-Donner-Tagtraum-1200x1200.jpg 1200w, https:\/\/bergers-schlagerparadies.de\/wp-content\/uploads\/2023\/07\/rayn-Donner-Tagtraum-1188x1188.jpg 1188w, https:\/\/bergers-schlagerparadies.de\/wp-content\/uploads\/2023\/07\/rayn-Donner-Tagtraum-100x100.jpg 100w\" sizes=\"auto, (max-width: 300px) 100vw, 300px\" \/>Der \u00f6sterreichische K\u00fcnstler rayn (#7 meistgestreamte Produzenten in \u00d6sterreich) tut sich mit dem deutschen K\u00fcnstler, S\u00e4nger und Produzenten &#8218;Thunder&#8216; zusammen, um &#8218;daydream&#8216; zu ver\u00f6ffentlichen &#8211; eine Pop-Platte mit einer super eing\u00e4ngigen Topline mit starkem und einzigartigem Gesang von Thunder. Die Strecke ist der perfekte Begleiter f\u00fcr Ihren Roadtrip oder lustiges Grillen.<\/p>\n<p>&nbsp;<\/p>\n<p>&nbsp;<\/p>\n<p>&nbsp;<\/p>\n<p><span style=\"color: #800000;\"><strong>Quelle: Lilly-\u00c4ra International<\/strong><\/span><\/p>\n<p><span style=\"color: #800000;\"><strong>Dieser Song ist ab dem 21.07.2023 in allen bekannten Onlineshops erh\u00e4ltlich!<\/strong><\/span><\/p>\n<p><span style=\"color: #800000;\"><strong>Airdate (f\u00fcr Radiosender): 21.07.2023<\/strong><\/span><\/p>\n","protected":false},"excerpt":{"rendered":"<p>Der \u00f6sterreichische K\u00fcnstler rayn (#7 meistgestreamte Produzenten in \u00d6sterreich) tut sich mit dem deutschen K\u00fcnstler, S\u00e4nger und Produzenten &#8218;Thunder&#8216; zusammen, um &#8218;daydream&#8216; zu ver\u00f6ffentlichen &#8211; eine Pop-Platte mit einer super eing\u00e4ngigen Topline mit starkem und einzigartigem Gesang von Thunder. Die Strecke ist der perfekte Begleiter f\u00fcr Ihren Roadtrip oder lustiges Grillen. &nbsp; &nbsp; &nbsp; Quelle: Lilly-\u00c4ra International Dieser Song ist ab dem 21.07.2023 in allen bekannten Onlineshops erh\u00e4ltlich! Airdate (f\u00fcr Radiosender): 21.07.2023<\/p>\n","protected":false},"author":1,"featured_media":19043,"comment_status":"open","ping_status":"open","sticky":false,"template":"","format":"standard","meta":{"footnotes":""},"categories":[2],"tags":[1946,1945],"class_list":["post-19041","post","type-post","status-publish","format-standard","has-post-thumbnail","hentry","category-schlager","tag-donner","tag-rayn","wpcat-2-id"],"_links":{"self":[{"href":"https:\/\/bergers-schlagerparadies.de\/index.php?rest_route=\/wp\/v2\/posts\/19041","targetHints":{"allow":["GET"]}}],"collection":[{"href":"https:\/\/bergers-schlagerparadies.de\/index.php?rest_route=\/wp\/v2\/posts"}],"about":[{"href":"https:\/\/bergers-schlagerparadies.de\/index.php?rest_route=\/wp\/v2\/types\/post"}],"author":[{"embeddable":true,"href":"https:\/\/bergers-schlagerparadies.de\/index.php?rest_route=\/wp\/v2\/users\/1"}],"replies":[{"embeddable":true,"href":"https:\/\/bergers-schlagerparadies.de\/index.php?rest_route=%2Fwp%2Fv2%2Fcomments&post=19041"}],"version-history":[{"count":1,"href":"https:\/\/bergers-schlagerparadies.de\/index.php?rest_route=\/wp\/v2\/posts\/19041\/revisions"}],"predecessor-version":[{"id":19044,"href":"https:\/\/bergers-schlagerparadies.de\/index.php?rest_route=\/wp\/v2\/posts\/19041\/revisions\/19044"}],"wp:featuredmedia":[{"embeddable":true,"href":"https:\/\/bergers-schlagerparadies.de\/index.php?rest_route=\/wp\/v2\/media\/19043"}],"wp:attachment":[{"href":"https:\/\/bergers-schlagerparadies.de\/index.php?rest_route=%2Fwp%2Fv2%2Fmedia&parent=19041"}],"wp:term":[{"taxonomy":"category","embeddable":true,"href":"https:\/\/bergers-schlagerparadies.de\/index.php?rest_route=%2Fwp%2Fv2%2Fcategories&post=19041"},{"taxonomy":"post_tag","embeddable":true,"href":"https:\/\/bergers-schlagerparadies.de\/index.php?rest_route=%2Fwp%2Fv2%2Ftags&post=19041"}],"curies":[{"name":"wp","href":"https:\/\/api.w.org\/{rel}","templated":true}]}}