{"id":18967,"date":"2023-07-07T11:39:15","date_gmt":"2023-07-07T09:39:15","guid":{"rendered":"https:\/\/bergers-schlagerparadies.de\/?p=18967"},"modified":"2023-07-07T11:39:15","modified_gmt":"2023-07-07T09:39:15","slug":"adriano-ich-werd-wahnsinnig-%c2%b7-bergers-schlagerparadies","status":"publish","type":"post","link":"https:\/\/bergers-schlagerparadies.de\/?p=18967","title":{"rendered":"Adriano &#8211; Ich werd wahnsinnig \u00b7 Berger\u00b4s Schlagerparadies"},"content":{"rendered":"<p><img loading=\"lazy\" decoding=\"async\" class=\"size-medium wp-image-18969 alignleft\" src=\"https:\/\/bergers-schlagerparadies.de\/wp-content\/uploads\/2023\/07\/Adriano-Ich-werd-wahnsinnig-300x300.jpg\" alt=\"\" width=\"300\" height=\"300\" srcset=\"https:\/\/bergers-schlagerparadies.de\/wp-content\/uploads\/2023\/07\/Adriano-Ich-werd-wahnsinnig-300x300.jpg 300w, https:\/\/bergers-schlagerparadies.de\/wp-content\/uploads\/2023\/07\/Adriano-Ich-werd-wahnsinnig-1024x1024.jpg 1024w, https:\/\/bergers-schlagerparadies.de\/wp-content\/uploads\/2023\/07\/Adriano-Ich-werd-wahnsinnig-150x150.jpg 150w, https:\/\/bergers-schlagerparadies.de\/wp-content\/uploads\/2023\/07\/Adriano-Ich-werd-wahnsinnig-768x768.jpg 768w, https:\/\/bergers-schlagerparadies.de\/wp-content\/uploads\/2023\/07\/Adriano-Ich-werd-wahnsinnig-1200x1200.jpg 1200w, https:\/\/bergers-schlagerparadies.de\/wp-content\/uploads\/2023\/07\/Adriano-Ich-werd-wahnsinnig-1188x1188.jpg 1188w, https:\/\/bergers-schlagerparadies.de\/wp-content\/uploads\/2023\/07\/Adriano-Ich-werd-wahnsinnig-100x100.jpg 100w, https:\/\/bergers-schlagerparadies.de\/wp-content\/uploads\/2023\/07\/Adriano-Ich-werd-wahnsinnig.jpg 1400w\" sizes=\"auto, (max-width: 300px) 100vw, 300px\" \/>Newcomer-Sensation Adriano ver\u00f6ffentliche Ende M\u00e4rz diesen Jahres sein Deb\u00fctalbum \u201eWie im Film\u201c. Mit seinem Album entf\u00fchrte der 13-j\u00e4hrige seine Fans in die Klangwelt des Kinos: Zum Sommer koppelt der S\u00e4nger nun seinen Song \u201eIch werd wahnsinnig\u201c vom Film \u201eFlashdance\u201c aus.<\/p>\n<p>Nachdem sich auch f\u00fcr Adriano, der ja zuletzt tats\u00e4chlich immer h\u00e4ufiger vor laufenden (TV-)Kameras gestanden hat, viele Momente seiner rasant Fahrt aufnehmenden Karriere so angef\u00fchlt haben, hatte er auch sein erstes Albumstatement so getauft: \u201eWie im Film\u201c. Das von Christian Geller (Eloy de Jong, Giovanni Zarrella, \u201eDas Album\u201c) aufregend arrangierte Deb\u00fct vereint deutschsprachige Neuinterpretationen von etlichen Soundtrack-Klassikern aus unterschiedlichen Jahrzehnten \u2013 sowie eine autobiografische Exklusivkomposition, der das Album seinen Titel verdankt.<\/p>\n<p>Dass seine Stimme auch richtig sch\u00f6n rockig klingen kann, beweist Adriano mit \u201eIch werd\u2019 wahnsinnig\u201c \u2013 seiner Version von \u201eShe\u2019s a Maniac\u201c aus \u201eFlashdance\u201c, wobei hier sonst auch klassische Achtziger-Sounds aufblitzen.<\/p>\n<p>Tats\u00e4chlich wie im Film angef\u00fchlt hat sich das letzte Jahr f\u00fcr Adriano Kaya Sunel aus dem hessischen Bebra, der dieser Tage als Stimmwunderkind im deutschen TV f\u00fcr Furore sorgt: Gerade mal 13 Jahre alt, hat der Nachwuchss\u00e4nger mit t\u00fcrkisch-brasilianischen Wurzeln eine Wahnsinnsstimme, dazu eine gesunde Portion Selbstbewusstsein und vor allem hat er dieses gewisse Etwas \u2013 Showmanship, Ausstrahlung, Charme\u2026 \u2013, weshalb er schon im Dezember 2021 seinen Deal mit TELAMO eint\u00fcten konnte. Auch als T\u00e4nzer \u00fcberragend f\u00fcr sein Alter, begann seine musikalische Karriere im Kollektiv: Erste Soloparts im Kinderchor \u00fcbernahm er schon als F\u00fcnfj\u00e4hriger. Offensichtlich extrem talentiert, sang er wenig sp\u00e4ter alles von Musical \u00fcber Pop bis Soul \u2013 und \u00fcberzeugte in jedem Genre. Im Fr\u00fchsommer 2021 schaffte er es bei der Sat.1-Show \u201eThe Voice Kids\u201c bis ins Halbfinale und konnte wenig sp\u00e4ter auch im Duett mit Giovanni Zarrella in dessen Primetime-Show gl\u00e4nzen (\u201eMillionen Tr\u00e4ume\u201c \u2013 aus dem Film \u201eThe Greatest Showman\u201c), in die er seither mehrfach zur\u00fcckkehren durfte \u2026<\/p>\n<p>Die Single \u201eIch werd wahnsinnig\u201c erscheint am 07.07.2023 bei TELAMO.<\/p>\n<p><span style=\"color: #800000;\"><strong>Quelle: Telamo<\/strong><\/span><\/p>\n<p><span style=\"color: #800000;\"><strong>Dieser Song ist ab dem 07.07.2023 in allen bekannten Onlineshops erh\u00e4ltlich!<\/strong><\/span><\/p>\n<p><span style=\"color: #800000;\"><strong>Airdate (f\u00fcr Radiosender): 07.07.2023<\/strong><\/span><\/p>\n","protected":false},"excerpt":{"rendered":"<p>Newcomer-Sensation Adriano ver\u00f6ffentliche Ende M\u00e4rz diesen Jahres sein Deb\u00fctalbum \u201eWie im Film\u201c. Mit seinem Album entf\u00fchrte der 13-j\u00e4hrige seine Fans in die Klangwelt des Kinos: Zum Sommer koppelt der S\u00e4nger nun seinen Song \u201eIch werd wahnsinnig\u201c vom Film \u201eFlashdance\u201c aus. Nachdem sich auch f\u00fcr Adriano, der ja zuletzt tats\u00e4chlich immer h\u00e4ufiger vor laufenden (TV-)Kameras gestanden hat, viele Momente seiner rasant Fahrt aufnehmenden Karriere so angef\u00fchlt haben, hatte er auch sein erstes Albumstatement so getauft: \u201eWie im Film\u201c. Das von Christian Geller (Eloy de Jong, Giovanni Zarrella, \u201eDas Album\u201c) aufregend arrangierte Deb\u00fct vereint deutschsprachige Neuinterpretationen von etlichen Soundtrack-Klassikern aus unterschiedlichen Jahrzehnten \u2013 sowie eine autobiografische Exklusivkomposition,&#8230;<\/p>\n","protected":false},"author":1,"featured_media":18969,"comment_status":"open","ping_status":"open","sticky":false,"template":"","format":"standard","meta":{"footnotes":""},"categories":[2],"tags":[1519],"class_list":["post-18967","post","type-post","status-publish","format-standard","has-post-thumbnail","hentry","category-schlager","tag-adriano","wpcat-2-id"],"_links":{"self":[{"href":"https:\/\/bergers-schlagerparadies.de\/index.php?rest_route=\/wp\/v2\/posts\/18967","targetHints":{"allow":["GET"]}}],"collection":[{"href":"https:\/\/bergers-schlagerparadies.de\/index.php?rest_route=\/wp\/v2\/posts"}],"about":[{"href":"https:\/\/bergers-schlagerparadies.de\/index.php?rest_route=\/wp\/v2\/types\/post"}],"author":[{"embeddable":true,"href":"https:\/\/bergers-schlagerparadies.de\/index.php?rest_route=\/wp\/v2\/users\/1"}],"replies":[{"embeddable":true,"href":"https:\/\/bergers-schlagerparadies.de\/index.php?rest_route=%2Fwp%2Fv2%2Fcomments&post=18967"}],"version-history":[{"count":1,"href":"https:\/\/bergers-schlagerparadies.de\/index.php?rest_route=\/wp\/v2\/posts\/18967\/revisions"}],"predecessor-version":[{"id":18970,"href":"https:\/\/bergers-schlagerparadies.de\/index.php?rest_route=\/wp\/v2\/posts\/18967\/revisions\/18970"}],"wp:featuredmedia":[{"embeddable":true,"href":"https:\/\/bergers-schlagerparadies.de\/index.php?rest_route=\/wp\/v2\/media\/18969"}],"wp:attachment":[{"href":"https:\/\/bergers-schlagerparadies.de\/index.php?rest_route=%2Fwp%2Fv2%2Fmedia&parent=18967"}],"wp:term":[{"taxonomy":"category","embeddable":true,"href":"https:\/\/bergers-schlagerparadies.de\/index.php?rest_route=%2Fwp%2Fv2%2Fcategories&post=18967"},{"taxonomy":"post_tag","embeddable":true,"href":"https:\/\/bergers-schlagerparadies.de\/index.php?rest_route=%2Fwp%2Fv2%2Ftags&post=18967"}],"curies":[{"name":"wp","href":"https:\/\/api.w.org\/{rel}","templated":true}]}}