{"id":18833,"date":"2023-07-03T10:30:45","date_gmt":"2023-07-03T08:30:45","guid":{"rendered":"https:\/\/bergers-schlagerparadies.de\/?p=18833"},"modified":"2023-07-02T19:15:32","modified_gmt":"2023-07-02T17:15:32","slug":"andreas-gabalier-superstar-%c2%b7-bergers-schlagerparadies","status":"publish","type":"post","link":"https:\/\/bergers-schlagerparadies.de\/?p=18833","title":{"rendered":"Andreas Gabalier &#8211; Superstar \u00b7 Berger\u00b4s Schlagerparadies"},"content":{"rendered":"<p><img loading=\"lazy\" decoding=\"async\" class=\"size-medium wp-image-18835 alignleft\" src=\"https:\/\/bergers-schlagerparadies.de\/wp-content\/uploads\/2023\/07\/Andreas-Gabalier-Superstar-300x300.jpg\" alt=\"\" width=\"300\" height=\"300\" srcset=\"https:\/\/bergers-schlagerparadies.de\/wp-content\/uploads\/2023\/07\/Andreas-Gabalier-Superstar-300x300.jpg 300w, https:\/\/bergers-schlagerparadies.de\/wp-content\/uploads\/2023\/07\/Andreas-Gabalier-Superstar-1024x1024.jpg 1024w, https:\/\/bergers-schlagerparadies.de\/wp-content\/uploads\/2023\/07\/Andreas-Gabalier-Superstar-150x150.jpg 150w, https:\/\/bergers-schlagerparadies.de\/wp-content\/uploads\/2023\/07\/Andreas-Gabalier-Superstar-768x768.jpg 768w, https:\/\/bergers-schlagerparadies.de\/wp-content\/uploads\/2023\/07\/Andreas-Gabalier-Superstar-1188x1188.jpg 1188w, https:\/\/bergers-schlagerparadies.de\/wp-content\/uploads\/2023\/07\/Andreas-Gabalier-Superstar-100x100.jpg 100w, https:\/\/bergers-schlagerparadies.de\/wp-content\/uploads\/2023\/07\/Andreas-Gabalier-Superstar.jpg 1200w\" sizes=\"auto, (max-width: 300px) 100vw, 300px\" \/>Andreas Gabalier<br \/>\npr\u00e4sentiert seine brandneue Sommer-Single<br \/>\n\u201eSuperstar\u201c<br \/>\nab 30. Juni im Stream<\/p>\n<p>++ Live-Premiere beim allerersten \u201eSchlagerbooom Open Air\u201c am 01. Juli ++<\/p>\n<p>In seinen Socials teilte er die \u201emusikalischen Good News\u201c bereits mit einem ersten Teaser-Vorgeschmack \u2013 jetzt kommt sein \u201eNEUES Lied f\u00fcr euch \u201c in die Playlisten geschossen: \u201eSuperstar\u201c hei\u00dft die brandneue Single von Andreas Gabalier, der dieses Mal auf kosmische Zusammenh\u00e4nge und sommerliche Uptempo-Sounds setzt. Live pr\u00e4sentiert er die Single, die ab dem 30. Juni im Stream verf\u00fcgbar ist, bereits am 01. Juli beim gro\u00dfen \u201eSchlagerbooom Open Air\u201c in Kitzb\u00fchel!<\/p>\n<p>Selbst seit Jahren als absoluter Superstar in den gr\u00f6\u00dften Stadien Europas unterwegs, geht\u2019s Andreas Gabalier bei der neuen Single genau genommen um eine ganz besondere Himmelskonstellation, die ihn schon sein ganzes Leben inspiriert und begleitet: Das Sternbild Pegasus, das schon in der Antike nach dem gleichnamigen gefl\u00fcgelten Pferd benannt wurde. \u201eIch nenne ihn meinen fliegenden Drachen\u201c, so der Musiker \u00fcber seinen pers\u00f6nlichen Gl\u00fccksbringer am Nachthimmel. \u201eWenn ich fr\u00fcher drau\u00dfen war, habe ich ihn jede Nacht fliegen sehen.\u201c<\/p>\n<p>Auch klanglich hebt die von Mathias Roska produzierte neue Single, die der 38-J\u00e4hrige komplett selbst geschrieben und getextet hat, sp\u00e4testens zum ersten Refrain in h\u00f6here Sph\u00e4ren ab: \u201eHoch oben, da steht, was nie vergeht\u201c, singt der Volks-Rock\u2019n\u2019Roller \u00fcber seinen \u201eSuperstar\u201c am Firmament. Mit treibender Akustikgitarre, einem Pfeifen auf den Lippen und einer gesunden Portion Ehrfurcht vor dem Universum, bringt er zum Refrain auch elektrisierende Beats ins Spiel \u2013 und beantwortet die Frage nach dem Sinn und den Zielen mit einem wortlosen Gesang, bei dem man automatisch einstimmen muss.<\/p>\n<p>Es geht um gr\u00f6\u00dfere Zusammenh\u00e4nge, um einen sinnhaften \u00dcberbau, um Verbundenheit (\u201eSterne vereinen die Gro\u00dfen und Kleinen\u201c): Den Blick in den Himmel gerichtet, pr\u00e4sentiert Andreas Gabalier eine massive Feelgood-Hymne als ersten neuen Track seit der Ver\u00f6ffentlichung des aktuellen Hitalbums \u201eEin neuer Anfang\u201c, mit dem er im vergangenen Sommer zum sechsten Mal in Folge (!) direkt Platz #1 der \u00f6sterreichischen Albumcharts erst\u00fcrmt hatte (flankiert von jeweils Platz #2 in Deutschland und der Schweiz).<\/p>\n<p>Die offizielle Livepremiere des Songs findet im gr\u00f6\u00dftm\u00f6glichen Rahmen bei Florian Silbereisens \u201eSchlagerbooom Open Air\u201c in Kitzb\u00fchel statt \u2013 der allerersten Open-Air-Ausgabe der erfolgreichen Show, die diesen Sommer in XXL-Stadiongr\u00f6\u00dfe zum Mitsingen und Mitfeiern einl\u00e4dt.<\/p>\n<p>Nachdem Andreas Gabalier (*1984) im Jahr 2008 mit einer selbstgebrannten CD bei Radio Steiermark aufgeschlagen ist, avancierte er binnen k\u00fcrzester Zeit zum einem der gr\u00f6\u00dften Stars der \u00f6sterreichischen Musiklandschaft. Auf die wenig sp\u00e4ter erfolgte Geburtsstunde des Volks-Rock\u2019n\u2019Roll und den Siegeszug in der Heimat lie\u00df er schon bald massive US-Trips und Diamant-Awards in Deutschland folgen, ganz zu schweigen von unvergessenen Stadionshows mit immer neuen Zuschauerrekorden, unz\u00e4hligen Auszeichnungen und schlie\u00dflich sogar der Ehre, als erster \u00d6sterreicher ein MTV Unplugged-Konzert spielen zu d\u00fcrfen. Im Juni 2022 ver\u00f6ffentlichte der f\u00fcr seinen handgemachten Sound mit ehrlichen Texten bekannte Musiker das aktuelle Studioalbum \u201eEin neuer Anfang\u201c \u2013 seinen Soundtrack zum Neustart, mit dem er das halbe Dutzend #1-Alben in \u00d6sterreich vollmachte.<\/p>\n<p><span style=\"color: #800000;\"><strong>Quelle: ELE\/ Electrola<\/strong><\/span><\/p>\n<p><span style=\"color: #800000;\"><strong>Dieser Song ist ab dem 30.06.2023 in allen bekannten Onlineshops erh\u00e4ltlich!<\/strong><\/span><\/p>\n<p><span style=\"color: #800000;\"><strong>Airdate (f\u00fcr Radiosender): 30.06.2023<\/strong><\/span><\/p>\n","protected":false},"excerpt":{"rendered":"<p>Andreas Gabalier pr\u00e4sentiert seine brandneue Sommer-Single \u201eSuperstar\u201c ab 30. Juni im Stream ++ Live-Premiere beim allerersten \u201eSchlagerbooom Open Air\u201c am 01. Juli ++ In seinen Socials teilte er die \u201emusikalischen Good News\u201c bereits mit einem ersten Teaser-Vorgeschmack \u2013 jetzt kommt sein \u201eNEUES Lied f\u00fcr euch \u201c in die Playlisten geschossen: \u201eSuperstar\u201c hei\u00dft die brandneue Single von Andreas Gabalier, der dieses Mal auf kosmische Zusammenh\u00e4nge und sommerliche Uptempo-Sounds setzt. Live pr\u00e4sentiert er die Single, die ab dem 30. Juni im Stream verf\u00fcgbar ist, bereits am 01. Juli beim gro\u00dfen \u201eSchlagerbooom Open Air\u201c in Kitzb\u00fchel! Selbst seit Jahren als absoluter Superstar in den gr\u00f6\u00dften Stadien Europas unterwegs,&#8230;<\/p>\n","protected":false},"author":1,"featured_media":18835,"comment_status":"open","ping_status":"open","sticky":false,"template":"","format":"standard","meta":{"footnotes":""},"categories":[2],"tags":[292],"class_list":["post-18833","post","type-post","status-publish","format-standard","has-post-thumbnail","hentry","category-schlager","tag-andreas-gabalier","wpcat-2-id"],"_links":{"self":[{"href":"https:\/\/bergers-schlagerparadies.de\/index.php?rest_route=\/wp\/v2\/posts\/18833","targetHints":{"allow":["GET"]}}],"collection":[{"href":"https:\/\/bergers-schlagerparadies.de\/index.php?rest_route=\/wp\/v2\/posts"}],"about":[{"href":"https:\/\/bergers-schlagerparadies.de\/index.php?rest_route=\/wp\/v2\/types\/post"}],"author":[{"embeddable":true,"href":"https:\/\/bergers-schlagerparadies.de\/index.php?rest_route=\/wp\/v2\/users\/1"}],"replies":[{"embeddable":true,"href":"https:\/\/bergers-schlagerparadies.de\/index.php?rest_route=%2Fwp%2Fv2%2Fcomments&post=18833"}],"version-history":[{"count":1,"href":"https:\/\/bergers-schlagerparadies.de\/index.php?rest_route=\/wp\/v2\/posts\/18833\/revisions"}],"predecessor-version":[{"id":18836,"href":"https:\/\/bergers-schlagerparadies.de\/index.php?rest_route=\/wp\/v2\/posts\/18833\/revisions\/18836"}],"wp:featuredmedia":[{"embeddable":true,"href":"https:\/\/bergers-schlagerparadies.de\/index.php?rest_route=\/wp\/v2\/media\/18835"}],"wp:attachment":[{"href":"https:\/\/bergers-schlagerparadies.de\/index.php?rest_route=%2Fwp%2Fv2%2Fmedia&parent=18833"}],"wp:term":[{"taxonomy":"category","embeddable":true,"href":"https:\/\/bergers-schlagerparadies.de\/index.php?rest_route=%2Fwp%2Fv2%2Fcategories&post=18833"},{"taxonomy":"post_tag","embeddable":true,"href":"https:\/\/bergers-schlagerparadies.de\/index.php?rest_route=%2Fwp%2Fv2%2Ftags&post=18833"}],"curies":[{"name":"wp","href":"https:\/\/api.w.org\/{rel}","templated":true}]}}