{"id":18759,"date":"2023-06-30T13:29:44","date_gmt":"2023-06-30T11:29:44","guid":{"rendered":"https:\/\/bergers-schlagerparadies.de\/?p=18759"},"modified":"2023-06-30T16:24:58","modified_gmt":"2023-06-30T14:24:58","slug":"nina-la-vida-was-soll-das-denn-werden-%c2%b7-bergers-schlagerparadies","status":"publish","type":"post","link":"https:\/\/bergers-schlagerparadies.de\/?p=18759","title":{"rendered":"Nina la Vida &#8211; Was soll das denn werden \u00b7 Berger\u00b4s Schlagerparadies"},"content":{"rendered":"<p><img loading=\"lazy\" decoding=\"async\" class=\"size-medium wp-image-18800 alignleft\" src=\"https:\/\/bergers-schlagerparadies.de\/wp-content\/uploads\/2023\/06\/Nina-la-Vida-Was-soll-das-denn-werden-300x300.jpg\" alt=\"\" width=\"300\" height=\"300\" srcset=\"https:\/\/bergers-schlagerparadies.de\/wp-content\/uploads\/2023\/06\/Nina-la-Vida-Was-soll-das-denn-werden-300x300.jpg 300w, https:\/\/bergers-schlagerparadies.de\/wp-content\/uploads\/2023\/06\/Nina-la-Vida-Was-soll-das-denn-werden-1024x1024.jpg 1024w, https:\/\/bergers-schlagerparadies.de\/wp-content\/uploads\/2023\/06\/Nina-la-Vida-Was-soll-das-denn-werden-150x150.jpg 150w, https:\/\/bergers-schlagerparadies.de\/wp-content\/uploads\/2023\/06\/Nina-la-Vida-Was-soll-das-denn-werden-768x768.jpg 768w, https:\/\/bergers-schlagerparadies.de\/wp-content\/uploads\/2023\/06\/Nina-la-Vida-Was-soll-das-denn-werden-1536x1536.jpg 1536w, https:\/\/bergers-schlagerparadies.de\/wp-content\/uploads\/2023\/06\/Nina-la-Vida-Was-soll-das-denn-werden-2048x2048.jpg 2048w, https:\/\/bergers-schlagerparadies.de\/wp-content\/uploads\/2023\/06\/Nina-la-Vida-Was-soll-das-denn-werden-1200x1200.jpg 1200w, https:\/\/bergers-schlagerparadies.de\/wp-content\/uploads\/2023\/06\/Nina-la-Vida-Was-soll-das-denn-werden-1188x1188.jpg 1188w, https:\/\/bergers-schlagerparadies.de\/wp-content\/uploads\/2023\/06\/Nina-la-Vida-Was-soll-das-denn-werden-100x100.jpg 100w\" sizes=\"auto, (max-width: 300px) 100vw, 300px\" \/>Hola \u2026 was soll das denn werden? Die Antwort lautet: Ein neuer, hei\u00dfbl\u00fctig-romantischer Song von Schlagers\u00e4ngerin Nina la Vida, mit dem sie ihre Fans auf die Lieblingsinsel der Deutschen mitnimmt. F\u00fcr die Single \u201eWas soll das denn werden\u201c hat die Hamburgerin kurzzeitig ihr pers\u00f6nliches Urlaubsparadies Gran Canaria verlassen, um einen musikalischen Zwischenstopp auf Mallorca einzulegen. Die K\u00fcnstlerin ist bei Jelfi Records unter Vertrag. Als Label dieser Single fungiert Fiesta Records, der Vertrieb erfolgt \u00fcber Universal Music Group.<\/p>\n<p>\u201eHey, du k\u00f6nntest mein Herz gef\u00e4hrden\u201c singt die lebensbejahende Musikerin und meint damit nicht nur ihren Urlaubsflirt in dem Song. Diesem einzigartigen und von Nina la Vida besungenen \u201eUnd-mein-Kopf-der-sagt-mir-alles-kann\u201c-Gef\u00fchl kann sich hier, auf Mallorca, niemand entziehen \u2013 auch nicht die S\u00e4ngerin selbst. So entstand auf der traumhaften Baleareninsel auch das aufw\u00e4ndige Musikvideo zu \u201eWas soll das denn werden\u201c, gedreht von Jelfi Media.<\/p>\n<p>Nina la Vida erz\u00e4hlt die Geschichte einer Urlaubsromanze, die \u201ein dem kleinen Caf\u00e9 auf Mallorca\u201c ihren Anfang nimmt. Die brennende Frage, ob daraus mehr werden k\u00f6nnte, verleiht diesem Song eine knisternde Spannung. \u201eWas soll das denn werden\u201c: Der Titel dieses Songs ist Programm und macht Lust auf Urlaube zum Verlieben!<\/p>\n<p>Knisternde Spannung auf Mallorca<\/p>\n<p>Weitaus mehr als eine Romanze ist das, was sich in den vergangenen Jahren zwischen Nina und ihrem kreativen Team entwickelt hat. Wie bereits bei ihren vorherigen Titeln \u201eDer Wind von Maspalomas\u201c, \u201eDornr\u00f6schen\u201c oder \u201eMi Cari\u00f1o\u201c fungierte erneut das Singer-Songwriter-P\u00e4rchen Jennifer van Bree und Wolfgang Nadrag als Produzenten-Duo, w\u00e4hrend Text und Musik von Erwin Brand beigesteuert wurden. Als fr\u00fcherer Autor der Erfolgsband Die Flippers hat er wieder einmal genau die richtigen Worte und T\u00f6ne getroffen, die ein Urlaubsschlager mit Herz \u00e0 la Nina la Vida braucht. Der \u201eWind von Maspalomas\u201c hat sie f\u00fcr den Moment von den Kanaren auf die Balearen geweht \u2013 an einen Ort, der jedes \u201eHerz gef\u00e4hrden\u201c kann. Aber hola!<\/p>\n<p><span style=\"color: #800000;\"><strong>Quelle: Fiesta Records<\/strong><\/span><\/p>\n<p><span style=\"color: #800000;\"><strong>Dieser Song ist ab dem 30.06.2023 in allen bekannten Onlineshops erh\u00e4ltlich!<\/strong><\/span><\/p>\n<p><span style=\"color: #800000;\"><strong>Airdate (f\u00fcr Radiosender): 27.06.2023<\/strong><\/span><\/p>\n","protected":false},"excerpt":{"rendered":"<p>Hola \u2026 was soll das denn werden? Die Antwort lautet: Ein neuer, hei\u00dfbl\u00fctig-romantischer Song von Schlagers\u00e4ngerin Nina la Vida, mit dem sie ihre Fans auf die Lieblingsinsel der Deutschen mitnimmt. F\u00fcr die Single \u201eWas soll das denn werden\u201c hat die Hamburgerin kurzzeitig ihr pers\u00f6nliches Urlaubsparadies Gran Canaria verlassen, um einen musikalischen Zwischenstopp auf Mallorca einzulegen. Die K\u00fcnstlerin ist bei Jelfi Records unter Vertrag. Als Label dieser Single fungiert Fiesta Records, der Vertrieb erfolgt \u00fcber Universal Music Group. \u201eHey, du k\u00f6nntest mein Herz gef\u00e4hrden\u201c singt die lebensbejahende Musikerin und meint damit nicht nur ihren Urlaubsflirt in dem Song. Diesem einzigartigen und von Nina la Vida besungenen&#8230;<\/p>\n","protected":false},"author":1,"featured_media":18800,"comment_status":"open","ping_status":"open","sticky":false,"template":"","format":"standard","meta":{"footnotes":""},"categories":[2],"tags":[115],"class_list":["post-18759","post","type-post","status-publish","format-standard","has-post-thumbnail","hentry","category-schlager","tag-nina-la-vida","wpcat-2-id"],"_links":{"self":[{"href":"https:\/\/bergers-schlagerparadies.de\/index.php?rest_route=\/wp\/v2\/posts\/18759","targetHints":{"allow":["GET"]}}],"collection":[{"href":"https:\/\/bergers-schlagerparadies.de\/index.php?rest_route=\/wp\/v2\/posts"}],"about":[{"href":"https:\/\/bergers-schlagerparadies.de\/index.php?rest_route=\/wp\/v2\/types\/post"}],"author":[{"embeddable":true,"href":"https:\/\/bergers-schlagerparadies.de\/index.php?rest_route=\/wp\/v2\/users\/1"}],"replies":[{"embeddable":true,"href":"https:\/\/bergers-schlagerparadies.de\/index.php?rest_route=%2Fwp%2Fv2%2Fcomments&post=18759"}],"version-history":[{"count":4,"href":"https:\/\/bergers-schlagerparadies.de\/index.php?rest_route=\/wp\/v2\/posts\/18759\/revisions"}],"predecessor-version":[{"id":18802,"href":"https:\/\/bergers-schlagerparadies.de\/index.php?rest_route=\/wp\/v2\/posts\/18759\/revisions\/18802"}],"wp:featuredmedia":[{"embeddable":true,"href":"https:\/\/bergers-schlagerparadies.de\/index.php?rest_route=\/wp\/v2\/media\/18800"}],"wp:attachment":[{"href":"https:\/\/bergers-schlagerparadies.de\/index.php?rest_route=%2Fwp%2Fv2%2Fmedia&parent=18759"}],"wp:term":[{"taxonomy":"category","embeddable":true,"href":"https:\/\/bergers-schlagerparadies.de\/index.php?rest_route=%2Fwp%2Fv2%2Fcategories&post=18759"},{"taxonomy":"post_tag","embeddable":true,"href":"https:\/\/bergers-schlagerparadies.de\/index.php?rest_route=%2Fwp%2Fv2%2Ftags&post=18759"}],"curies":[{"name":"wp","href":"https:\/\/api.w.org\/{rel}","templated":true}]}}