{"id":18488,"date":"2023-06-16T16:55:28","date_gmt":"2023-06-16T14:55:28","guid":{"rendered":"https:\/\/bergers-schlagerparadies.de\/?p=18488"},"modified":"2023-06-16T16:55:28","modified_gmt":"2023-06-16T14:55:28","slug":"frank-schoebel-die-letzten-werden-die-ersten-sein-%c2%b7-bergers-schlagerparadies","status":"publish","type":"post","link":"https:\/\/bergers-schlagerparadies.de\/?p=18488","title":{"rendered":"Frank Sch\u00f6bel &#8211; Die Letzten werden die Ersten sein \u00b7 Berger\u00b4s Schlagerparadies"},"content":{"rendered":"<p><img loading=\"lazy\" decoding=\"async\" class=\"size-medium wp-image-18490 alignleft\" src=\"https:\/\/bergers-schlagerparadies.de\/wp-content\/uploads\/2023\/06\/Frank-Schoebel-Die-Letzten-werden-die-Ersten-sein-300x300.jpg\" alt=\"\" width=\"300\" height=\"300\" srcset=\"https:\/\/bergers-schlagerparadies.de\/wp-content\/uploads\/2023\/06\/Frank-Schoebel-Die-Letzten-werden-die-Ersten-sein-300x300.jpg 300w, https:\/\/bergers-schlagerparadies.de\/wp-content\/uploads\/2023\/06\/Frank-Schoebel-Die-Letzten-werden-die-Ersten-sein-1024x1024.jpg 1024w, https:\/\/bergers-schlagerparadies.de\/wp-content\/uploads\/2023\/06\/Frank-Schoebel-Die-Letzten-werden-die-Ersten-sein-150x150.jpg 150w, https:\/\/bergers-schlagerparadies.de\/wp-content\/uploads\/2023\/06\/Frank-Schoebel-Die-Letzten-werden-die-Ersten-sein-768x768.jpg 768w, https:\/\/bergers-schlagerparadies.de\/wp-content\/uploads\/2023\/06\/Frank-Schoebel-Die-Letzten-werden-die-Ersten-sein-1536x1536.jpg 1536w, https:\/\/bergers-schlagerparadies.de\/wp-content\/uploads\/2023\/06\/Frank-Schoebel-Die-Letzten-werden-die-Ersten-sein-2048x2048.jpg 2048w, https:\/\/bergers-schlagerparadies.de\/wp-content\/uploads\/2023\/06\/Frank-Schoebel-Die-Letzten-werden-die-Ersten-sein-1200x1200.jpg 1200w, https:\/\/bergers-schlagerparadies.de\/wp-content\/uploads\/2023\/06\/Frank-Schoebel-Die-Letzten-werden-die-Ersten-sein-1188x1188.jpg 1188w, https:\/\/bergers-schlagerparadies.de\/wp-content\/uploads\/2023\/06\/Frank-Schoebel-Die-Letzten-werden-die-Ersten-sein-100x100.jpg 100w\" sizes=\"auto, (max-width: 300px) 100vw, 300px\" \/>FRANK SCH\u00d6BEL &#8211; \u201eDIE LETZTEN WERDEN DIE ERSTEN SEIN\u201c<br \/>\nDie neue Single ab sofort auf allen Streaming- und Downloadportalen<\/p>\n<p>TV-Termine:<br \/>\n25.06.2023 \u2013 ARD \u201eIMMER WIEDER SONNTAGS\u201c<br \/>\n03.07.2023 \u2013 ZDF \u201eVOLLE KANNE\u201c<\/p>\n<p>Der Berliner Kults\u00e4nger Frank Sch\u00f6bel beschreibt die Idee und die Botschaft zu seiner neuen Single mit einem ganz besonderen Zitat:<\/p>\n<p>\u201eDas Sprichwort -Die Letzten werden die Ersten sein- steht schon in der Bibel. So wie es gedacht war, m\u00f6chte ich den Menschen, die nicht gerade auf der Sonnenseite des Lebens stehen oder unterdr\u00fcckt werden, Mut machen. Lasst euch also nicht unterkriegen, k\u00e4mpft und seid laut, damit ihr geh\u00f6rt werdet. Dann werdet ihr eines Tages im Licht stehen!\u201c<\/p>\n<p>\u201eDie Letzten werden die Ersten sein\u201c wurde von Hens Hensen komponiert und produziert und der Text stammt aus der Feder von einem der renommiertesten deutschen Schlager-textdichtern: Tobias Reitz. Gemeinsam haben Sie f\u00fcr den in Berlin K\u00f6penick lebenden S\u00e4nger eine kraftvolle Schlagerproduktion geschaffen, die Mut und Hoffnung macht.<\/p>\n<p>Frank Sch\u00f6bel hat Musikgeschichte geschrieben, steht seit \u00fcber 60 Jahren auf der B\u00fchne, war der Superstar der ehemaligen DDR, bekannt in Ost und West, errang nationale und internationale Preise und wurde im Juni 2022 mit dem Schlager Radio-Preis f\u00fcr sein Lebenswerk ausgezeichnet. F\u00fcr viele ist \u201eFranky\u201c, wie ihn seine Fans liebevoll nennen, ein echtes menschliches Vorbild und verdient nach so langer, erfolgreicher Zeit im Musikbusiness das Pr\u00e4dikat: Legende!<\/p>\n<p><span style=\"color: #800000;\"><strong>Quelle: Monopol Records<\/strong><\/span><\/p>\n<p><span style=\"color: #800000;\"><strong>Dieser Song ist ab dem 16.06.2023 in allen bekannten Onlineshops erh\u00e4ltlich!<\/strong><\/span><\/p>\n<p><span style=\"color: #800000;\"><strong>Airdate (f\u00fcr Radiosender): 16.06.2023<\/strong><\/span><\/p>\n","protected":false},"excerpt":{"rendered":"<p>FRANK SCH\u00d6BEL &#8211; \u201eDIE LETZTEN WERDEN DIE ERSTEN SEIN\u201c Die neue Single ab sofort auf allen Streaming- und Downloadportalen TV-Termine: 25.06.2023 \u2013 ARD \u201eIMMER WIEDER SONNTAGS\u201c 03.07.2023 \u2013 ZDF \u201eVOLLE KANNE\u201c Der Berliner Kults\u00e4nger Frank Sch\u00f6bel beschreibt die Idee und die Botschaft zu seiner neuen Single mit einem ganz besonderen Zitat: \u201eDas Sprichwort -Die Letzten werden die Ersten sein- steht schon in der Bibel. So wie es gedacht war, m\u00f6chte ich den Menschen, die nicht gerade auf der Sonnenseite des Lebens stehen oder unterdr\u00fcckt werden, Mut machen. Lasst euch also nicht unterkriegen, k\u00e4mpft und seid laut, damit ihr geh\u00f6rt werdet. Dann werdet ihr eines Tages&#8230;<\/p>\n","protected":false},"author":1,"featured_media":18490,"comment_status":"open","ping_status":"open","sticky":false,"template":"","format":"standard","meta":{"footnotes":""},"categories":[2],"tags":[782],"class_list":["post-18488","post","type-post","status-publish","format-standard","has-post-thumbnail","hentry","category-schlager","tag-frank-schoebel","wpcat-2-id"],"_links":{"self":[{"href":"https:\/\/bergers-schlagerparadies.de\/index.php?rest_route=\/wp\/v2\/posts\/18488","targetHints":{"allow":["GET"]}}],"collection":[{"href":"https:\/\/bergers-schlagerparadies.de\/index.php?rest_route=\/wp\/v2\/posts"}],"about":[{"href":"https:\/\/bergers-schlagerparadies.de\/index.php?rest_route=\/wp\/v2\/types\/post"}],"author":[{"embeddable":true,"href":"https:\/\/bergers-schlagerparadies.de\/index.php?rest_route=\/wp\/v2\/users\/1"}],"replies":[{"embeddable":true,"href":"https:\/\/bergers-schlagerparadies.de\/index.php?rest_route=%2Fwp%2Fv2%2Fcomments&post=18488"}],"version-history":[{"count":1,"href":"https:\/\/bergers-schlagerparadies.de\/index.php?rest_route=\/wp\/v2\/posts\/18488\/revisions"}],"predecessor-version":[{"id":18491,"href":"https:\/\/bergers-schlagerparadies.de\/index.php?rest_route=\/wp\/v2\/posts\/18488\/revisions\/18491"}],"wp:featuredmedia":[{"embeddable":true,"href":"https:\/\/bergers-schlagerparadies.de\/index.php?rest_route=\/wp\/v2\/media\/18490"}],"wp:attachment":[{"href":"https:\/\/bergers-schlagerparadies.de\/index.php?rest_route=%2Fwp%2Fv2%2Fmedia&parent=18488"}],"wp:term":[{"taxonomy":"category","embeddable":true,"href":"https:\/\/bergers-schlagerparadies.de\/index.php?rest_route=%2Fwp%2Fv2%2Fcategories&post=18488"},{"taxonomy":"post_tag","embeddable":true,"href":"https:\/\/bergers-schlagerparadies.de\/index.php?rest_route=%2Fwp%2Fv2%2Ftags&post=18488"}],"curies":[{"name":"wp","href":"https:\/\/api.w.org\/{rel}","templated":true}]}}