{"id":18477,"date":"2023-06-16T16:32:46","date_gmt":"2023-06-16T14:32:46","guid":{"rendered":"https:\/\/bergers-schlagerparadies.de\/?p=18477"},"modified":"2023-06-16T16:32:46","modified_gmt":"2023-06-16T14:32:46","slug":"daniel-lopes-so-schmeckt-der-sommer-%c2%b7-bergers-schlagerparadies","status":"publish","type":"post","link":"https:\/\/bergers-schlagerparadies.de\/?p=18477","title":{"rendered":"Daniel Lopes &#8211; So schmeckt der Sommer \u00b7 Berger\u00b4s Schlagerparadies"},"content":{"rendered":"<p><img loading=\"lazy\" decoding=\"async\" class=\"size-medium wp-image-18479 alignleft\" src=\"https:\/\/bergers-schlagerparadies.de\/wp-content\/uploads\/2023\/06\/Daniel-Lopes-So-schmeckt-der-Sommer-300x300.jpg\" alt=\"\" width=\"300\" height=\"300\" srcset=\"https:\/\/bergers-schlagerparadies.de\/wp-content\/uploads\/2023\/06\/Daniel-Lopes-So-schmeckt-der-Sommer-300x300.jpg 300w, https:\/\/bergers-schlagerparadies.de\/wp-content\/uploads\/2023\/06\/Daniel-Lopes-So-schmeckt-der-Sommer-1024x1024.jpg 1024w, https:\/\/bergers-schlagerparadies.de\/wp-content\/uploads\/2023\/06\/Daniel-Lopes-So-schmeckt-der-Sommer-150x150.jpg 150w, https:\/\/bergers-schlagerparadies.de\/wp-content\/uploads\/2023\/06\/Daniel-Lopes-So-schmeckt-der-Sommer-768x768.jpg 768w, https:\/\/bergers-schlagerparadies.de\/wp-content\/uploads\/2023\/06\/Daniel-Lopes-So-schmeckt-der-Sommer-1536x1536.jpg 1536w, https:\/\/bergers-schlagerparadies.de\/wp-content\/uploads\/2023\/06\/Daniel-Lopes-So-schmeckt-der-Sommer-2048x2048.jpg 2048w, https:\/\/bergers-schlagerparadies.de\/wp-content\/uploads\/2023\/06\/Daniel-Lopes-So-schmeckt-der-Sommer-1200x1200.jpg 1200w, https:\/\/bergers-schlagerparadies.de\/wp-content\/uploads\/2023\/06\/Daniel-Lopes-So-schmeckt-der-Sommer-1188x1188.jpg 1188w, https:\/\/bergers-schlagerparadies.de\/wp-content\/uploads\/2023\/06\/Daniel-Lopes-So-schmeckt-der-Sommer-100x100.jpg 100w\" sizes=\"auto, (max-width: 300px) 100vw, 300px\" \/>SO SCHMECKT DER SOMMER<\/p>\n<p>So schmeckt der Sommer\u2026Mit einem echten Klassiker in neuem Gewand erscheint jetzt die neue Single von Daniel Lopes \u201eSo schmeckt der Sommer\u201c die au\u00dfergew\u00f6hnliche Stimme des K\u00fcnstlers und dieser sommerlich leichte Titel l\u00e4sst uns tr\u00e4umen vom Sommer unseres Lebens.<\/p>\n<p>&nbsp;<\/p>\n<p>&nbsp;<\/p>\n<p>&nbsp;<\/p>\n<p><span style=\"color: #800000;\"><strong>Quelle: EVENTLINE MEDIA<\/strong><\/span><\/p>\n<p><span style=\"color: #800000;\"><strong>Dieser Song ist ab dem 16.06.2023 in allen bekannten Onlineshops erh\u00e4ltlich!<\/strong><\/span><\/p>\n<p><span style=\"color: #800000;\"><strong>Airdate (f\u00fcr Radiosender): 16.06.2023<\/strong><\/span><\/p>\n","protected":false},"excerpt":{"rendered":"<p>SO SCHMECKT DER SOMMER So schmeckt der Sommer\u2026Mit einem echten Klassiker in neuem Gewand erscheint jetzt die neue Single von Daniel Lopes \u201eSo schmeckt der Sommer\u201c die au\u00dfergew\u00f6hnliche Stimme des K\u00fcnstlers und dieser sommerlich leichte Titel l\u00e4sst uns tr\u00e4umen vom Sommer unseres Lebens. &nbsp; &nbsp; &nbsp; Quelle: EVENTLINE MEDIA Dieser Song ist ab dem 16.06.2023 in allen bekannten Onlineshops erh\u00e4ltlich! Airdate (f\u00fcr Radiosender): 16.06.2023<\/p>\n","protected":false},"author":1,"featured_media":18479,"comment_status":"open","ping_status":"open","sticky":false,"template":"","format":"standard","meta":{"footnotes":""},"categories":[2],"tags":[1719],"class_list":["post-18477","post","type-post","status-publish","format-standard","has-post-thumbnail","hentry","category-schlager","tag-daniel-lopes","wpcat-2-id"],"_links":{"self":[{"href":"https:\/\/bergers-schlagerparadies.de\/index.php?rest_route=\/wp\/v2\/posts\/18477","targetHints":{"allow":["GET"]}}],"collection":[{"href":"https:\/\/bergers-schlagerparadies.de\/index.php?rest_route=\/wp\/v2\/posts"}],"about":[{"href":"https:\/\/bergers-schlagerparadies.de\/index.php?rest_route=\/wp\/v2\/types\/post"}],"author":[{"embeddable":true,"href":"https:\/\/bergers-schlagerparadies.de\/index.php?rest_route=\/wp\/v2\/users\/1"}],"replies":[{"embeddable":true,"href":"https:\/\/bergers-schlagerparadies.de\/index.php?rest_route=%2Fwp%2Fv2%2Fcomments&post=18477"}],"version-history":[{"count":1,"href":"https:\/\/bergers-schlagerparadies.de\/index.php?rest_route=\/wp\/v2\/posts\/18477\/revisions"}],"predecessor-version":[{"id":18480,"href":"https:\/\/bergers-schlagerparadies.de\/index.php?rest_route=\/wp\/v2\/posts\/18477\/revisions\/18480"}],"wp:featuredmedia":[{"embeddable":true,"href":"https:\/\/bergers-schlagerparadies.de\/index.php?rest_route=\/wp\/v2\/media\/18479"}],"wp:attachment":[{"href":"https:\/\/bergers-schlagerparadies.de\/index.php?rest_route=%2Fwp%2Fv2%2Fmedia&parent=18477"}],"wp:term":[{"taxonomy":"category","embeddable":true,"href":"https:\/\/bergers-schlagerparadies.de\/index.php?rest_route=%2Fwp%2Fv2%2Fcategories&post=18477"},{"taxonomy":"post_tag","embeddable":true,"href":"https:\/\/bergers-schlagerparadies.de\/index.php?rest_route=%2Fwp%2Fv2%2Ftags&post=18477"}],"curies":[{"name":"wp","href":"https:\/\/api.w.org\/{rel}","templated":true}]}}