{"id":18439,"date":"2023-06-19T10:30:19","date_gmt":"2023-06-19T08:30:19","guid":{"rendered":"https:\/\/bergers-schlagerparadies.de\/?p=18439"},"modified":"2023-06-14T21:21:28","modified_gmt":"2023-06-14T19:21:28","slug":"ansgar-deters-partyqueen-%c2%b7-bergers-schlagerparadies","status":"publish","type":"post","link":"https:\/\/bergers-schlagerparadies.de\/?p=18439","title":{"rendered":"Ansgar Deters &#8211; Partyqueen \u00b7 Berger\u00b4s Schlagerparadies"},"content":{"rendered":"<p><img loading=\"lazy\" decoding=\"async\" class=\"size-medium wp-image-18441 alignleft\" src=\"https:\/\/bergers-schlagerparadies.de\/wp-content\/uploads\/2023\/06\/Ansgar-Deters-Partyqueen-300x300.jpg\" alt=\"\" width=\"300\" height=\"300\" srcset=\"https:\/\/bergers-schlagerparadies.de\/wp-content\/uploads\/2023\/06\/Ansgar-Deters-Partyqueen-300x300.jpg 300w, https:\/\/bergers-schlagerparadies.de\/wp-content\/uploads\/2023\/06\/Ansgar-Deters-Partyqueen-1024x1024.jpg 1024w, https:\/\/bergers-schlagerparadies.de\/wp-content\/uploads\/2023\/06\/Ansgar-Deters-Partyqueen-150x150.jpg 150w, https:\/\/bergers-schlagerparadies.de\/wp-content\/uploads\/2023\/06\/Ansgar-Deters-Partyqueen-768x768.jpg 768w, https:\/\/bergers-schlagerparadies.de\/wp-content\/uploads\/2023\/06\/Ansgar-Deters-Partyqueen-1536x1536.jpg 1536w, https:\/\/bergers-schlagerparadies.de\/wp-content\/uploads\/2023\/06\/Ansgar-Deters-Partyqueen-2048x2048.jpg 2048w, https:\/\/bergers-schlagerparadies.de\/wp-content\/uploads\/2023\/06\/Ansgar-Deters-Partyqueen-1200x1200.jpg 1200w, https:\/\/bergers-schlagerparadies.de\/wp-content\/uploads\/2023\/06\/Ansgar-Deters-Partyqueen-1188x1188.jpg 1188w, https:\/\/bergers-schlagerparadies.de\/wp-content\/uploads\/2023\/06\/Ansgar-Deters-Partyqueen-100x100.jpg 100w\" sizes=\"auto, (max-width: 300px) 100vw, 300px\" \/>Ansgar Deters ist verliebt in seine \u201ePartyqueen\u201c<br \/>\nEmsl\u00e4nder sorgt mit seinem Deb\u00fct-Song f\u00fcr Hochstimmung in der Schlagerszene<br \/>\n\u201eEmsl\u00e4nder sind von Haus aus tiefenentspannt\u201c, betont Ansgar Deters. Zeit habe keine<br \/>\nBedeutung, wenn man nahe der holl\u00e4ndischen Grenze in der N\u00e4he von Hochmooren und<br \/>\nfernab der st\u00e4dtischen Zivilisation aufgewachsen sei. Doch m\u00e4chtig Stimmung k\u00f6nnen sie<br \/>\nschon machen, die Emsl\u00e4nder. Nicht umsonst feiert der Newcomer in seiner Deb\u00fct-Single<br \/>\nseine \u201ePartyqueen\u201c, die die Tanzfl\u00e4chen mit Sicherheit beben l\u00e4sst.<\/p>\n<p><span style=\"color: #800000;\"><strong>Quelle: Schlagerhimmel<\/strong><\/span><\/p>\n<p><span style=\"color: #800000;\"><strong>Dieser Song ist ab dem 23.06.2023 in allen bekannten Onlineshops erh\u00e4ltlich!<\/strong><\/span><\/p>\n<p><span style=\"color: #800000;\"><strong>Airdate (f\u00fcr Radiosender): 23.06.2023<\/strong><\/span><\/p>\n","protected":false},"excerpt":{"rendered":"<p>Ansgar Deters ist verliebt in seine \u201ePartyqueen\u201c Emsl\u00e4nder sorgt mit seinem Deb\u00fct-Song f\u00fcr Hochstimmung in der Schlagerszene \u201eEmsl\u00e4nder sind von Haus aus tiefenentspannt\u201c, betont Ansgar Deters. Zeit habe keine Bedeutung, wenn man nahe der holl\u00e4ndischen Grenze in der N\u00e4he von Hochmooren und fernab der st\u00e4dtischen Zivilisation aufgewachsen sei. Doch m\u00e4chtig Stimmung k\u00f6nnen sie schon machen, die Emsl\u00e4nder. Nicht umsonst feiert der Newcomer in seiner Deb\u00fct-Single seine \u201ePartyqueen\u201c, die die Tanzfl\u00e4chen mit Sicherheit beben l\u00e4sst. Quelle: Schlagerhimmel Dieser Song ist ab dem 23.06.2023 in allen bekannten Onlineshops erh\u00e4ltlich! Airdate (f\u00fcr Radiosender): 23.06.2023<\/p>\n","protected":false},"author":1,"featured_media":18441,"comment_status":"open","ping_status":"open","sticky":false,"template":"","format":"standard","meta":{"footnotes":""},"categories":[2],"tags":[1897],"class_list":["post-18439","post","type-post","status-publish","format-standard","has-post-thumbnail","hentry","category-schlager","tag-ansgar-deters","wpcat-2-id"],"_links":{"self":[{"href":"https:\/\/bergers-schlagerparadies.de\/index.php?rest_route=\/wp\/v2\/posts\/18439","targetHints":{"allow":["GET"]}}],"collection":[{"href":"https:\/\/bergers-schlagerparadies.de\/index.php?rest_route=\/wp\/v2\/posts"}],"about":[{"href":"https:\/\/bergers-schlagerparadies.de\/index.php?rest_route=\/wp\/v2\/types\/post"}],"author":[{"embeddable":true,"href":"https:\/\/bergers-schlagerparadies.de\/index.php?rest_route=\/wp\/v2\/users\/1"}],"replies":[{"embeddable":true,"href":"https:\/\/bergers-schlagerparadies.de\/index.php?rest_route=%2Fwp%2Fv2%2Fcomments&post=18439"}],"version-history":[{"count":1,"href":"https:\/\/bergers-schlagerparadies.de\/index.php?rest_route=\/wp\/v2\/posts\/18439\/revisions"}],"predecessor-version":[{"id":18442,"href":"https:\/\/bergers-schlagerparadies.de\/index.php?rest_route=\/wp\/v2\/posts\/18439\/revisions\/18442"}],"wp:featuredmedia":[{"embeddable":true,"href":"https:\/\/bergers-schlagerparadies.de\/index.php?rest_route=\/wp\/v2\/media\/18441"}],"wp:attachment":[{"href":"https:\/\/bergers-schlagerparadies.de\/index.php?rest_route=%2Fwp%2Fv2%2Fmedia&parent=18439"}],"wp:term":[{"taxonomy":"category","embeddable":true,"href":"https:\/\/bergers-schlagerparadies.de\/index.php?rest_route=%2Fwp%2Fv2%2Fcategories&post=18439"},{"taxonomy":"post_tag","embeddable":true,"href":"https:\/\/bergers-schlagerparadies.de\/index.php?rest_route=%2Fwp%2Fv2%2Ftags&post=18439"}],"curies":[{"name":"wp","href":"https:\/\/api.w.org\/{rel}","templated":true}]}}