{"id":18401,"date":"2023-06-12T22:37:34","date_gmt":"2023-06-12T20:37:34","guid":{"rendered":"https:\/\/bergers-schlagerparadies.de\/?p=18401"},"modified":"2023-06-12T22:37:34","modified_gmt":"2023-06-12T20:37:34","slug":"claudia-biltz-tanzen-%c2%b7-bergers-schlagerparadies","status":"publish","type":"post","link":"https:\/\/bergers-schlagerparadies.de\/?p=18401","title":{"rendered":"Claudia Biltz &#8211; Tanzen \u00b7 Berger\u00b4s Schlagerparadies"},"content":{"rendered":"<p><img loading=\"lazy\" decoding=\"async\" class=\"size-medium wp-image-18403 alignleft\" src=\"https:\/\/bergers-schlagerparadies.de\/wp-content\/uploads\/2023\/06\/Claudia-Biltz-Tanzen-300x300.jpg\" alt=\"\" width=\"300\" height=\"300\" srcset=\"https:\/\/bergers-schlagerparadies.de\/wp-content\/uploads\/2023\/06\/Claudia-Biltz-Tanzen-300x300.jpg 300w, https:\/\/bergers-schlagerparadies.de\/wp-content\/uploads\/2023\/06\/Claudia-Biltz-Tanzen-150x150.jpg 150w, https:\/\/bergers-schlagerparadies.de\/wp-content\/uploads\/2023\/06\/Claudia-Biltz-Tanzen-768x768.jpg 768w, https:\/\/bergers-schlagerparadies.de\/wp-content\/uploads\/2023\/06\/Claudia-Biltz-Tanzen-100x100.jpg 100w, https:\/\/bergers-schlagerparadies.de\/wp-content\/uploads\/2023\/06\/Claudia-Biltz-Tanzen.jpg 800w\" sizes=\"auto, (max-width: 300px) 100vw, 300px\" \/>Wir \u201eTanzen\u201c mit Claudia Biltz in den Sommer!<\/p>\n<p>Mit ihrer neuen Single \u201eTanzen\u201c pr\u00e4sentiert uns die vielseitige K\u00fcnstlerin lateinamerikanische Rhythmen, die das Summer Feeling in uns wecken. Text und Melodie dieses frischen Sommerhits hat Claudia Biltz selbst mitgebracht. Produziert wurde er von Andr\u00e9 Stade.<\/p>\n<p>Claudia beschreibt ihren neuen Song so:<br \/>\n\u201eIn einer lauen Sommernacht erleben wir das prickelnde Gef\u00fchl eines wunderbaren Abenteuers, lassen mal alles andere hinter uns, genie\u00dfen ganz spontan und v\u00f6llig frei diesen faszinierenden Moment \u201eund wir tanzen, tanzen, tanzen, vergessen Raum und Zeit. Diese Nacht wird niemals enden. Wir heben ab, bist du bereit?\u201c<\/p>\n<p>Dieser charmanten Einladung von Claudia Biltz folgen wir liebend gern! Wir sind mehr als bereit, die H\u00fcften zu schwingen und die herrlich leichte Sommerzeit zu begr\u00fc\u00dfen. Also Musik ab und \u201eTanzen\u201c.<\/p>\n<p><span style=\"color: #800000;\"><strong>Quelle: Fiesta Records<\/strong><\/span><\/p>\n<p><span style=\"color: #800000;\"><strong>Dieser Song ist ab dem 16.06.2023 in allen bekannten Onlineshops erh\u00e4ltlich!<\/strong><\/span><\/p>\n<p><span style=\"color: #800000;\"><strong>Airdate (f\u00fcr Radiosender): 12.06.2023<\/strong><\/span><\/p>\n","protected":false},"excerpt":{"rendered":"<p>Wir \u201eTanzen\u201c mit Claudia Biltz in den Sommer! Mit ihrer neuen Single \u201eTanzen\u201c pr\u00e4sentiert uns die vielseitige K\u00fcnstlerin lateinamerikanische Rhythmen, die das Summer Feeling in uns wecken. Text und Melodie dieses frischen Sommerhits hat Claudia Biltz selbst mitgebracht. Produziert wurde er von Andr\u00e9 Stade. Claudia beschreibt ihren neuen Song so: \u201eIn einer lauen Sommernacht erleben wir das prickelnde Gef\u00fchl eines wunderbaren Abenteuers, lassen mal alles andere hinter uns, genie\u00dfen ganz spontan und v\u00f6llig frei diesen faszinierenden Moment \u201eund wir tanzen, tanzen, tanzen, vergessen Raum und Zeit. Diese Nacht wird niemals enden. Wir heben ab, bist du bereit?\u201c Dieser charmanten Einladung von Claudia Biltz folgen wir&#8230;<\/p>\n","protected":false},"author":1,"featured_media":18403,"comment_status":"open","ping_status":"open","sticky":false,"template":"","format":"standard","meta":{"footnotes":""},"categories":[2],"tags":[1694],"class_list":["post-18401","post","type-post","status-publish","format-standard","has-post-thumbnail","hentry","category-schlager","tag-claudia-biltz","wpcat-2-id"],"_links":{"self":[{"href":"https:\/\/bergers-schlagerparadies.de\/index.php?rest_route=\/wp\/v2\/posts\/18401","targetHints":{"allow":["GET"]}}],"collection":[{"href":"https:\/\/bergers-schlagerparadies.de\/index.php?rest_route=\/wp\/v2\/posts"}],"about":[{"href":"https:\/\/bergers-schlagerparadies.de\/index.php?rest_route=\/wp\/v2\/types\/post"}],"author":[{"embeddable":true,"href":"https:\/\/bergers-schlagerparadies.de\/index.php?rest_route=\/wp\/v2\/users\/1"}],"replies":[{"embeddable":true,"href":"https:\/\/bergers-schlagerparadies.de\/index.php?rest_route=%2Fwp%2Fv2%2Fcomments&post=18401"}],"version-history":[{"count":1,"href":"https:\/\/bergers-schlagerparadies.de\/index.php?rest_route=\/wp\/v2\/posts\/18401\/revisions"}],"predecessor-version":[{"id":18404,"href":"https:\/\/bergers-schlagerparadies.de\/index.php?rest_route=\/wp\/v2\/posts\/18401\/revisions\/18404"}],"wp:featuredmedia":[{"embeddable":true,"href":"https:\/\/bergers-schlagerparadies.de\/index.php?rest_route=\/wp\/v2\/media\/18403"}],"wp:attachment":[{"href":"https:\/\/bergers-schlagerparadies.de\/index.php?rest_route=%2Fwp%2Fv2%2Fmedia&parent=18401"}],"wp:term":[{"taxonomy":"category","embeddable":true,"href":"https:\/\/bergers-schlagerparadies.de\/index.php?rest_route=%2Fwp%2Fv2%2Fcategories&post=18401"},{"taxonomy":"post_tag","embeddable":true,"href":"https:\/\/bergers-schlagerparadies.de\/index.php?rest_route=%2Fwp%2Fv2%2Ftags&post=18401"}],"curies":[{"name":"wp","href":"https:\/\/api.w.org\/{rel}","templated":true}]}}