{"id":18397,"date":"2023-06-12T22:23:11","date_gmt":"2023-06-12T20:23:11","guid":{"rendered":"https:\/\/bergers-schlagerparadies.de\/?p=18397"},"modified":"2023-06-12T22:23:11","modified_gmt":"2023-06-12T20:23:11","slug":"margit-steiner-tanz-mit-mir-regen-%c2%b7-bergers-schlagerparadies","status":"publish","type":"post","link":"https:\/\/bergers-schlagerparadies.de\/?p=18397","title":{"rendered":"Margit Steiner &#8211; Tanz mit mir Regen \u00b7 Berger\u00b4s Schlagerparadies"},"content":{"rendered":"<p><img loading=\"lazy\" decoding=\"async\" class=\"size-medium wp-image-18399 alignleft\" src=\"https:\/\/bergers-schlagerparadies.de\/wp-content\/uploads\/2023\/06\/Margit-Steiner-Tanz-mit-mir-Regen-300x300.jpg\" alt=\"\" width=\"300\" height=\"300\" srcset=\"https:\/\/bergers-schlagerparadies.de\/wp-content\/uploads\/2023\/06\/Margit-Steiner-Tanz-mit-mir-Regen-300x300.jpg 300w, https:\/\/bergers-schlagerparadies.de\/wp-content\/uploads\/2023\/06\/Margit-Steiner-Tanz-mit-mir-Regen-150x150.jpg 150w, https:\/\/bergers-schlagerparadies.de\/wp-content\/uploads\/2023\/06\/Margit-Steiner-Tanz-mit-mir-Regen-768x768.jpg 768w, https:\/\/bergers-schlagerparadies.de\/wp-content\/uploads\/2023\/06\/Margit-Steiner-Tanz-mit-mir-Regen-100x100.jpg 100w, https:\/\/bergers-schlagerparadies.de\/wp-content\/uploads\/2023\/06\/Margit-Steiner-Tanz-mit-mir-Regen.jpg 800w\" sizes=\"auto, (max-width: 300px) 100vw, 300px\" \/>Margit Steiner pr\u00e4sentiert am 16.6.23 ihre neue Single &#8222;Tanz mit mir im Regen&#8220;.<br \/>\nEingebettet im sommerlichen Sound mit frischen, modernen Beats singt sich die S\u00fcdtirolerin textlich mal wieder direkt in die Herzen der Menschen.<\/p>\n<p>Die Idee zu diesem Song stammt von Margit selbst und sie kommt von Herzen. Mit Kim Vanessa Schmidt und Lorenzo Scrinzi hat sie die idealen Partner gefunden, um ihre Message in Wort und Ton umzusetzen.<\/p>\n<p>Im Refrain besingt Margit die Lebensfreude und Freiheit, die man versp\u00fcrt, wenn man im Regen tanzt und fordert andere auf, dieses Gef\u00fchl von Leichtigkeit und den Duft des Sommerregens selbst zu f\u00fchlen.<\/p>\n<p>Im Regen zu tanzen, steht sinnbildlich daf\u00fcr, schwierige Situationen positiv zu betrachten; dem m\u00fchsamen H\u00fcrdenlauf zu Trotz, dem einem das Leben mit Sorgen, Terminen und Problemen oft stellt.<\/p>\n<p>Auch im Musikvideo strahlt Margit diese positive Energie aus und m\u00f6chte ihr Publikum mitrei\u00dfen mitzulachen und im Regen dem Sonnenschein entgegen zu tanzen.<\/p>\n<p><span style=\"color: #800000;\"><strong>Quelle: Fiesta Records<\/strong><\/span><\/p>\n<p><span style=\"color: #800000;\"><strong>Dieser Song ist ab dem 16.06.2023 in allen bekannten Onlineshops erh\u00e4ltlich!<\/strong><\/span><\/p>\n<p><span style=\"color: #800000;\"><strong>Airdate (f\u00fcr Radiosender): 12.06.2023<\/strong><\/span><\/p>\n","protected":false},"excerpt":{"rendered":"<p>Margit Steiner pr\u00e4sentiert am 16.6.23 ihre neue Single &#8222;Tanz mit mir im Regen&#8220;. Eingebettet im sommerlichen Sound mit frischen, modernen Beats singt sich die S\u00fcdtirolerin textlich mal wieder direkt in die Herzen der Menschen. Die Idee zu diesem Song stammt von Margit selbst und sie kommt von Herzen. Mit Kim Vanessa Schmidt und Lorenzo Scrinzi hat sie die idealen Partner gefunden, um ihre Message in Wort und Ton umzusetzen. Im Refrain besingt Margit die Lebensfreude und Freiheit, die man versp\u00fcrt, wenn man im Regen tanzt und fordert andere auf, dieses Gef\u00fchl von Leichtigkeit und den Duft des Sommerregens selbst zu f\u00fchlen. Im Regen zu tanzen,&#8230;<\/p>\n","protected":false},"author":1,"featured_media":18399,"comment_status":"open","ping_status":"open","sticky":false,"template":"","format":"standard","meta":{"footnotes":""},"categories":[2],"tags":[702],"class_list":["post-18397","post","type-post","status-publish","format-standard","has-post-thumbnail","hentry","category-schlager","tag-margit-steiner","wpcat-2-id"],"_links":{"self":[{"href":"https:\/\/bergers-schlagerparadies.de\/index.php?rest_route=\/wp\/v2\/posts\/18397","targetHints":{"allow":["GET"]}}],"collection":[{"href":"https:\/\/bergers-schlagerparadies.de\/index.php?rest_route=\/wp\/v2\/posts"}],"about":[{"href":"https:\/\/bergers-schlagerparadies.de\/index.php?rest_route=\/wp\/v2\/types\/post"}],"author":[{"embeddable":true,"href":"https:\/\/bergers-schlagerparadies.de\/index.php?rest_route=\/wp\/v2\/users\/1"}],"replies":[{"embeddable":true,"href":"https:\/\/bergers-schlagerparadies.de\/index.php?rest_route=%2Fwp%2Fv2%2Fcomments&post=18397"}],"version-history":[{"count":1,"href":"https:\/\/bergers-schlagerparadies.de\/index.php?rest_route=\/wp\/v2\/posts\/18397\/revisions"}],"predecessor-version":[{"id":18400,"href":"https:\/\/bergers-schlagerparadies.de\/index.php?rest_route=\/wp\/v2\/posts\/18397\/revisions\/18400"}],"wp:featuredmedia":[{"embeddable":true,"href":"https:\/\/bergers-schlagerparadies.de\/index.php?rest_route=\/wp\/v2\/media\/18399"}],"wp:attachment":[{"href":"https:\/\/bergers-schlagerparadies.de\/index.php?rest_route=%2Fwp%2Fv2%2Fmedia&parent=18397"}],"wp:term":[{"taxonomy":"category","embeddable":true,"href":"https:\/\/bergers-schlagerparadies.de\/index.php?rest_route=%2Fwp%2Fv2%2Fcategories&post=18397"},{"taxonomy":"post_tag","embeddable":true,"href":"https:\/\/bergers-schlagerparadies.de\/index.php?rest_route=%2Fwp%2Fv2%2Ftags&post=18397"}],"curies":[{"name":"wp","href":"https:\/\/api.w.org\/{rel}","templated":true}]}}