{"id":18361,"date":"2023-06-09T14:32:11","date_gmt":"2023-06-09T12:32:11","guid":{"rendered":"https:\/\/bergers-schlagerparadies.de\/?p=18361"},"modified":"2023-06-09T14:32:11","modified_gmt":"2023-06-09T12:32:11","slug":"marko-abend-tage-wie-diese-%c2%b7-bergers-schlagerparadies","status":"publish","type":"post","link":"https:\/\/bergers-schlagerparadies.de\/?p=18361","title":{"rendered":"Marko Abend &#8211; Tage wie diese \u00b7 Berger\u00b4s Schlagerparadies"},"content":{"rendered":"<p><img loading=\"lazy\" decoding=\"async\" class=\"size-medium wp-image-18363 alignleft\" src=\"https:\/\/bergers-schlagerparadies.de\/wp-content\/uploads\/2023\/06\/Marko-Abend-Tage-wie-diese-300x300.jpg\" alt=\"\" width=\"300\" height=\"300\" srcset=\"https:\/\/bergers-schlagerparadies.de\/wp-content\/uploads\/2023\/06\/Marko-Abend-Tage-wie-diese-300x300.jpg 300w, https:\/\/bergers-schlagerparadies.de\/wp-content\/uploads\/2023\/06\/Marko-Abend-Tage-wie-diese-150x150.jpg 150w, https:\/\/bergers-schlagerparadies.de\/wp-content\/uploads\/2023\/06\/Marko-Abend-Tage-wie-diese-768x768.jpg 768w, https:\/\/bergers-schlagerparadies.de\/wp-content\/uploads\/2023\/06\/Marko-Abend-Tage-wie-diese-100x100.jpg 100w, https:\/\/bergers-schlagerparadies.de\/wp-content\/uploads\/2023\/06\/Marko-Abend-Tage-wie-diese.jpg 800w\" sizes=\"auto, (max-width: 300px) 100vw, 300px\" \/>Er tut es wirklich und wagt sich an einen Kult-Titel der deutschen Musik heran. Mit seinem ersten deutschsprachigen Coversong huldigt Marko Abend eine gro\u00dfe deutsche Band mit seiner Neuauflage von \u201eTage wie diese\u201c.<\/p>\n<p>Somit ver\u00f6ffentlicht \u201eDie raue Stimme des Nordens\u201c nur 8 Wochen nach seinem Debut-Album \u201eAlles ausser still\u201c bereits die n\u00e4chste Single. In Zusammenarbeit mit Top Seven Musikproduktion (Uwe Gall \/Udo Biessler) gibt er dem Musikklassiker ein neues Gesicht und schafft mit seiner rauen Stimme die passende Atmosph\u00e4re zum Song.<\/p>\n<p>Mit dem dazugeh\u00f6rigen Video, wodurch die zweite Zusammenarbeit mit BV Film (Thomas J\u00fcnger \/ Reiner Heller) entstand, haben alle Beteiligten ein gelungenes neues Rundumwerk eines Kultsongs geschaffen.<\/p>\n<p>\u201eTage wie diese\u201c geht erstmalig \u00fcber den Vertrieb von Universal Records.<\/p>\n<p><span style=\"color: #800000;\"><strong>Quelle: Fiesta Records<\/strong><\/span><\/p>\n<p><span style=\"color: #800000;\"><strong>Dieser Song ist ab dem 16.06.2023 in allen bekannten Onlineshops erh\u00e4ltlich!<\/strong><\/span><\/p>\n<p><span style=\"color: #800000;\"><strong>Airdate (f\u00fcr Radiosender): 09.06.2023<\/strong><\/span><\/p>\n","protected":false},"excerpt":{"rendered":"<p>Er tut es wirklich und wagt sich an einen Kult-Titel der deutschen Musik heran. Mit seinem ersten deutschsprachigen Coversong huldigt Marko Abend eine gro\u00dfe deutsche Band mit seiner Neuauflage von \u201eTage wie diese\u201c. Somit ver\u00f6ffentlicht \u201eDie raue Stimme des Nordens\u201c nur 8 Wochen nach seinem Debut-Album \u201eAlles ausser still\u201c bereits die n\u00e4chste Single. In Zusammenarbeit mit Top Seven Musikproduktion (Uwe Gall \/Udo Biessler) gibt er dem Musikklassiker ein neues Gesicht und schafft mit seiner rauen Stimme die passende Atmosph\u00e4re zum Song. Mit dem dazugeh\u00f6rigen Video, wodurch die zweite Zusammenarbeit mit BV Film (Thomas J\u00fcnger \/ Reiner Heller) entstand, haben alle Beteiligten ein gelungenes neues Rundumwerk&#8230;<\/p>\n","protected":false},"author":1,"featured_media":18363,"comment_status":"open","ping_status":"open","sticky":false,"template":"","format":"standard","meta":{"footnotes":""},"categories":[2],"tags":[1088],"class_list":["post-18361","post","type-post","status-publish","format-standard","has-post-thumbnail","hentry","category-schlager","tag-marko-abend","wpcat-2-id"],"_links":{"self":[{"href":"https:\/\/bergers-schlagerparadies.de\/index.php?rest_route=\/wp\/v2\/posts\/18361","targetHints":{"allow":["GET"]}}],"collection":[{"href":"https:\/\/bergers-schlagerparadies.de\/index.php?rest_route=\/wp\/v2\/posts"}],"about":[{"href":"https:\/\/bergers-schlagerparadies.de\/index.php?rest_route=\/wp\/v2\/types\/post"}],"author":[{"embeddable":true,"href":"https:\/\/bergers-schlagerparadies.de\/index.php?rest_route=\/wp\/v2\/users\/1"}],"replies":[{"embeddable":true,"href":"https:\/\/bergers-schlagerparadies.de\/index.php?rest_route=%2Fwp%2Fv2%2Fcomments&post=18361"}],"version-history":[{"count":1,"href":"https:\/\/bergers-schlagerparadies.de\/index.php?rest_route=\/wp\/v2\/posts\/18361\/revisions"}],"predecessor-version":[{"id":18366,"href":"https:\/\/bergers-schlagerparadies.de\/index.php?rest_route=\/wp\/v2\/posts\/18361\/revisions\/18366"}],"wp:featuredmedia":[{"embeddable":true,"href":"https:\/\/bergers-schlagerparadies.de\/index.php?rest_route=\/wp\/v2\/media\/18363"}],"wp:attachment":[{"href":"https:\/\/bergers-schlagerparadies.de\/index.php?rest_route=%2Fwp%2Fv2%2Fmedia&parent=18361"}],"wp:term":[{"taxonomy":"category","embeddable":true,"href":"https:\/\/bergers-schlagerparadies.de\/index.php?rest_route=%2Fwp%2Fv2%2Fcategories&post=18361"},{"taxonomy":"post_tag","embeddable":true,"href":"https:\/\/bergers-schlagerparadies.de\/index.php?rest_route=%2Fwp%2Fv2%2Ftags&post=18361"}],"curies":[{"name":"wp","href":"https:\/\/api.w.org\/{rel}","templated":true}]}}