{"id":18090,"date":"2023-05-29T17:04:22","date_gmt":"2023-05-29T15:04:22","guid":{"rendered":"https:\/\/bergers-schlagerparadies.de\/?p=18090"},"modified":"2023-05-29T17:04:22","modified_gmt":"2023-05-29T15:04:22","slug":"dana-pelizaeus-er-sagte-no-%c2%b7-bergers-schlagerparadies","status":"publish","type":"post","link":"https:\/\/bergers-schlagerparadies.de\/?p=18090","title":{"rendered":"Dana Pelizaeus &#8211; Er sagte No \u00b7 Berger\u00b4s Schlagerparadies"},"content":{"rendered":"<p><img loading=\"lazy\" decoding=\"async\" class=\"size-medium wp-image-18092 alignleft\" src=\"https:\/\/bergers-schlagerparadies.de\/wp-content\/uploads\/2023\/05\/Dana-Pelizaeus-Er-sagte-No-300x300.jpg\" alt=\"\" width=\"300\" height=\"300\" srcset=\"https:\/\/bergers-schlagerparadies.de\/wp-content\/uploads\/2023\/05\/Dana-Pelizaeus-Er-sagte-No-300x300.jpg 300w, https:\/\/bergers-schlagerparadies.de\/wp-content\/uploads\/2023\/05\/Dana-Pelizaeus-Er-sagte-No-1024x1024.jpg 1024w, https:\/\/bergers-schlagerparadies.de\/wp-content\/uploads\/2023\/05\/Dana-Pelizaeus-Er-sagte-No-150x150.jpg 150w, https:\/\/bergers-schlagerparadies.de\/wp-content\/uploads\/2023\/05\/Dana-Pelizaeus-Er-sagte-No-768x768.jpg 768w, https:\/\/bergers-schlagerparadies.de\/wp-content\/uploads\/2023\/05\/Dana-Pelizaeus-Er-sagte-No-1536x1536.jpg 1536w, https:\/\/bergers-schlagerparadies.de\/wp-content\/uploads\/2023\/05\/Dana-Pelizaeus-Er-sagte-No-2048x2048.jpg 2048w, https:\/\/bergers-schlagerparadies.de\/wp-content\/uploads\/2023\/05\/Dana-Pelizaeus-Er-sagte-No-1200x1200.jpg 1200w, https:\/\/bergers-schlagerparadies.de\/wp-content\/uploads\/2023\/05\/Dana-Pelizaeus-Er-sagte-No-1188x1188.jpg 1188w, https:\/\/bergers-schlagerparadies.de\/wp-content\/uploads\/2023\/05\/Dana-Pelizaeus-Er-sagte-No-100x100.jpg 100w\" sizes=\"auto, (max-width: 300px) 100vw, 300px\" \/>Die h\u00fcbsche Dana hat einen Korb bekommen &#8211; sie ist an den Falschen geraten, der l\u00e4sst sie n\u00e4mlich abblitzen.<\/p>\n<p>Die Herren der Sch\u00f6pfung, die kaum eine Gelegenheit auslassen und so gern Ladies in die Falle locken, k\u00f6nnen auch anders. Hier ist einer, der \u201eNo\u201c sagt, weil er einer anderen die Treue versprochen hat und ihren Ring tr\u00e4gt &#8211; von wegen \u201eschwaches Geschlecht\u201c.<\/p>\n<p>Dana Pelizaeus findet die Story toll, den Song super, den Rhythmus sommerlich-cool, w\u00fcrde selbst aber niemals beim Dating Offensive zeigen, wie sie selbst sagt.<br \/>\nMit \u201eEr sagte No\u201c meldet sich Dana Pelizaeus nach einer Babypause musikalisch zur\u00fcck, freut sich auf die B\u00fchne, auf neue Ereignisse und die Reaktionen der Fans zu diesem rassigen, wunderbar tanzbaren und leicht mitsingbaren Ohrwurm.<\/p>\n<p><span style=\"color: #800000;\"><strong>Quelle: Fiesta Records<\/strong><\/span><\/p>\n<p><span style=\"color: #800000;\"><strong>Dieser Song ist ab dem 02.06.2023 in allen bekannten Onlineshops erh\u00e4ltlich!<\/strong><\/span><\/p>\n<p><span style=\"color: #800000;\"><strong>Airdate (f\u00fcr Radiosender): 26.05.2023<\/strong><\/span><\/p>\n","protected":false},"excerpt":{"rendered":"<p>Die h\u00fcbsche Dana hat einen Korb bekommen &#8211; sie ist an den Falschen geraten, der l\u00e4sst sie n\u00e4mlich abblitzen. Die Herren der Sch\u00f6pfung, die kaum eine Gelegenheit auslassen und so gern Ladies in die Falle locken, k\u00f6nnen auch anders. Hier ist einer, der \u201eNo\u201c sagt, weil er einer anderen die Treue versprochen hat und ihren Ring tr\u00e4gt &#8211; von wegen \u201eschwaches Geschlecht\u201c. Dana Pelizaeus findet die Story toll, den Song super, den Rhythmus sommerlich-cool, w\u00fcrde selbst aber niemals beim Dating Offensive zeigen, wie sie selbst sagt. Mit \u201eEr sagte No\u201c meldet sich Dana Pelizaeus nach einer Babypause musikalisch zur\u00fcck, freut sich auf die B\u00fchne, auf&#8230;<\/p>\n","protected":false},"author":1,"featured_media":18092,"comment_status":"open","ping_status":"open","sticky":false,"template":"","format":"standard","meta":{"footnotes":""},"categories":[2],"tags":[252],"class_list":["post-18090","post","type-post","status-publish","format-standard","has-post-thumbnail","hentry","category-schlager","tag-dana-pelizaeus","wpcat-2-id"],"_links":{"self":[{"href":"https:\/\/bergers-schlagerparadies.de\/index.php?rest_route=\/wp\/v2\/posts\/18090","targetHints":{"allow":["GET"]}}],"collection":[{"href":"https:\/\/bergers-schlagerparadies.de\/index.php?rest_route=\/wp\/v2\/posts"}],"about":[{"href":"https:\/\/bergers-schlagerparadies.de\/index.php?rest_route=\/wp\/v2\/types\/post"}],"author":[{"embeddable":true,"href":"https:\/\/bergers-schlagerparadies.de\/index.php?rest_route=\/wp\/v2\/users\/1"}],"replies":[{"embeddable":true,"href":"https:\/\/bergers-schlagerparadies.de\/index.php?rest_route=%2Fwp%2Fv2%2Fcomments&post=18090"}],"version-history":[{"count":1,"href":"https:\/\/bergers-schlagerparadies.de\/index.php?rest_route=\/wp\/v2\/posts\/18090\/revisions"}],"predecessor-version":[{"id":18093,"href":"https:\/\/bergers-schlagerparadies.de\/index.php?rest_route=\/wp\/v2\/posts\/18090\/revisions\/18093"}],"wp:featuredmedia":[{"embeddable":true,"href":"https:\/\/bergers-schlagerparadies.de\/index.php?rest_route=\/wp\/v2\/media\/18092"}],"wp:attachment":[{"href":"https:\/\/bergers-schlagerparadies.de\/index.php?rest_route=%2Fwp%2Fv2%2Fmedia&parent=18090"}],"wp:term":[{"taxonomy":"category","embeddable":true,"href":"https:\/\/bergers-schlagerparadies.de\/index.php?rest_route=%2Fwp%2Fv2%2Fcategories&post=18090"},{"taxonomy":"post_tag","embeddable":true,"href":"https:\/\/bergers-schlagerparadies.de\/index.php?rest_route=%2Fwp%2Fv2%2Ftags&post=18090"}],"curies":[{"name":"wp","href":"https:\/\/api.w.org\/{rel}","templated":true}]}}