{"id":18018,"date":"2023-05-29T10:30:38","date_gmt":"2023-05-29T08:30:38","guid":{"rendered":"https:\/\/bergers-schlagerparadies.de\/?p=18018"},"modified":"2023-05-26T09:33:54","modified_gmt":"2023-05-26T07:33:54","slug":"marquess-energia-album-%c2%b7-bergers-schlagerparadies","status":"publish","type":"post","link":"https:\/\/bergers-schlagerparadies.de\/?p=18018","title":{"rendered":"Marquess &#8211; Energ\u00eda (Album) \u00b7 Berger\u00b4s Schlagerparadies"},"content":{"rendered":"<p><img loading=\"lazy\" decoding=\"async\" class=\"size-medium wp-image-18020 alignleft\" src=\"https:\/\/bergers-schlagerparadies.de\/wp-content\/uploads\/2023\/05\/Marquess-Energia-Album-298x300.jpg\" alt=\"\" width=\"298\" height=\"300\" srcset=\"https:\/\/bergers-schlagerparadies.de\/wp-content\/uploads\/2023\/05\/Marquess-Energia-Album-298x300.jpg 298w, https:\/\/bergers-schlagerparadies.de\/wp-content\/uploads\/2023\/05\/Marquess-Energia-Album-1016x1024.jpg 1016w, https:\/\/bergers-schlagerparadies.de\/wp-content\/uploads\/2023\/05\/Marquess-Energia-Album-150x150.jpg 150w, https:\/\/bergers-schlagerparadies.de\/wp-content\/uploads\/2023\/05\/Marquess-Energia-Album-768x774.jpg 768w, https:\/\/bergers-schlagerparadies.de\/wp-content\/uploads\/2023\/05\/Marquess-Energia-Album-1191x1200.jpg 1191w, https:\/\/bergers-schlagerparadies.de\/wp-content\/uploads\/2023\/05\/Marquess-Energia-Album-1188x1197.jpg 1188w, https:\/\/bergers-schlagerparadies.de\/wp-content\/uploads\/2023\/05\/Marquess-Energia-Album-100x100.jpg 100w, https:\/\/bergers-schlagerparadies.de\/wp-content\/uploads\/2023\/05\/Marquess-Energia-Album.jpg 1200w\" sizes=\"auto, (max-width: 298px) 100vw, 298px\" \/>Das zehnte Studioalbum der Latin-Pop-Hitmaker erscheint am 02.06.2023 bei energie<\/p>\n<p>Nachdem sie zuletzt ihren Einstand beim neuen Label energie mit den sonnigen Singlevorboten \u201eVamos A Volar\u201c und \u201eBailando Sola\u201c gefeiert hatten, stehen Marquess nun mit ihrem 10. Albumstatement in den Startl\u00f6chern: \u201eEnerg\u00eda\u201c erscheint am 02.06. \u2013 und kann ab sofort vorbestellt werden!<\/p>\n<p>Seit \u00fcber 15 Jahren zu 100 Prozent sommerlichen Stimmungen und eing\u00e4ngigen Latin-Sounds verschrieben, liefern Sascha Pierro, Christian Fleps und Dominik Decker auch in diesem Jahr den Soundtrack zum Hochsommer, in dem der Alltag l\u00e4ssig ausgeklammert wird, um einfach mal zu chillen, zu baden \u2013 und vor allem auch zu tanzen! Bekannt daf\u00fcr, die Kraft der Sonne in exotische Popsongs zu \u00fcbersetzen, l\u00e4uten Marquess f\u00fcrs Jubil\u00e4umsalbum ihre pers\u00f6nliche \u201eEnerg\u00eda\u201c-Wende ein: Ausladend gro\u00dfe Melodien und leidenschaftliche Sommerhymnen pr\u00e4sentieren sie unter dem passenden Albumtitel \u201eEnerg\u00eda\u201c \u2013 sieben Buchstaben, die in s\u00e4mtlichen Ecken der Welt auch ohne W\u00f6rterbuch verstanden werden \ud83d\ude09<\/p>\n<p>So unbeschwert klingt der Sommer 2023!<\/p>\n<p>Ihr neues Album er\u00f6ffnen Marquess mit einem treibenden Mix aus feurigen Claps, Gitarren und Ch\u00f6ren \u2013 und steuern schon nach wenigen Takten der erfolgreichen Vorabsingle \u201eVamos a Volar\u201c auf jenen Punkt zu, an dem alles abhebt und jegliches Gewicht des Alltags einfach abf\u00e4llt: So gut und unbeschwert kann sich das Leben anf\u00fchlen, wenn man es wagt, seine Tr\u00e4ume zu verwirklichen. Von genau diesen Tr\u00e4umen handelt auch der Song \u201eLa Ilusi\u00f3n\u201c, der mit Popfaktor 100 daherkommt: \u201eHay una puerta de ilusi\u00f3n\u201c, hei\u00dft es da \u00fcber jene Pforte zum Gl\u00fcck, die man nur durchschreiten muss, um diese Tr\u00e4ume auch zu leben \u2013 warum eigentlich nicht in diesem Sommer?!<\/p>\n<p>Bevor sie mit dem \u00e4hnlich treibenden \u201ePalabras\u201c (feat. Noam Bar) die Sch\u00f6nheit der Sprache besingen (die Welt w\u00e4re so farblos ohne sie!), geht\u2019s zwischendurch auch mal ums Zaudern und Nicht-weiter-Wissen: \u201eNo lo s\u00e9\u201c hei\u00dft \u00fcbersetzt \u201eIch wei\u00df es nicht\u201c \u2013 und der gleichnamige Titel, der sp\u00e4testens mit dem Refrain ganz klar in Richtung Dancefloor abbiegt, findet auch im Text eine Antwort auf die Frage nach der richtigen Richtung: Geh einfach weiter deinen Weg, irgendwann wird das Ziel schon auftauchen!<\/p>\n<p>Danach schauen sich Marquess auf der Stra\u00dfe um und entdecken interessante Figuren: Der \u201eCaballero\u201c ist eigentlich gar kein Gentleman, denn er ist blo\u00df ein Blender und Aufschneider, der leider viel zu gut wei\u00df, wie man sich ausdr\u00fccken muss (\u201etiene las palabras\u201c), um immer \u00e4hnlich mitrei\u00dfend zu wirken, wie der Sunshine-Pop, mit dem sie dieses Portr\u00e4t einrahmen. Dass manche Menschen auch gerne alleine tanzen, wei\u00df man schon seit der Vorabsingle \u201eBailando sola\u201c, die f\u00fcr komplettes Eintauchen in den Moment steht. \u201eJa, es geht um den Moment, in dem sie abschalten und alles um sich herum vergessen kann\u201c, kommentieren Marquess diesen Song, mit dem die Vorfreude aufs Wochenende endlich erf\u00fcllt wird.<\/p>\n<p>Um dann auch wirklich gut tanzen und sich bewegen zu k\u00f6nnen, muss man vor allem erst mal Platz machen: \u201eMe late\u201c (feat. Nen\u00e9 V\u00e1squez), das direkt auf gute Laune setzt und bewusst ganz viel Raum zwischen den Offbeats im Arrangement freimacht, handelt davon, was f\u00fcr ein Geschenk die Musik doch ist \u2013 und wie sie dem Leben immer wieder mehr Farbe verleiht. Richtung Sonnenuntergang und ganz klar zur n\u00e4chtlichen (oder gar noch l\u00e4ngeren?) Fiesta f\u00fchrt das extrem ausgelassene \u201eUna noche loca\u201c, dessen kollektiver Schwung einen nicht nur zum Tanzen bis zum Morgengrauen, sondern auch zum Mitsingen bewegen wird. Vor dem \u201eHorizonte\u201c, zu dem man auf der Suche nach der Liebe manchmal aufbrechen muss, werden die Beats daraufhin druckvoller, und mit \u201eSolamente\u201c zeigen S\u00e4nger Sascha Pierro &amp; Co., wie leicht es ist, nach Bella Italia aufzubrechen: Ausnahmsweise auf Italienisch, geht\u2019s hier um kurze Traumreisen in den S\u00fcden \u2013 wozu sie auch gleich den Soundtrack mitliefern. Die Essenz des neuen Albums verschn\u00fcren Marquess daraufhin zum gleichnamigen Titelsong \u201eEnerg\u00eda\u201c: Diese unvergleichliche, absolut lebensbejahende Energie, sie hat eine Elektrizit\u00e4t, sie hat eine Melodie, die man unm\u00f6glich wieder aus dem Kopf kriegt, wenn sie von der Gitarre erst mal auf die H\u00fcften \u00fcbergesprungen ist \u2026<\/p>\n<p>Mit Bl\u00e4sern und Backgroundges\u00e4ngen schwappt eine wuchtige Rhythmuswelle durchs Leben (\u201eLa Ola\u201c), auf der man wunderbar zu neuen Abenteuern reiten kann \u2013 wenn es denn noch ein Morgen f\u00fcr diese Welt gibt: Der Titel \u201eVida de hoy\u201c bringt kurz vor Schluss noch eine Message und ihre Hoffnung auf bessere Zeiten zum Ausdruck. (Das Umsteuern f\u00fcr die n\u00e4chste Generation muss heute beginnen, damit\u2019s ein Morgen noch gibt: \u201eNo hay ma\u00f1ana\/si no hay un hoy\u201c). Jener n\u00e4chsten Generation schlie\u00dflich ist der emotionale Schlusspunkt des zehnten Albums gewidmet, wenn im Verlauf von \u201eCosas\u201c (feat. Nen\u00e9 V\u00e1squez) ganz viele neue Eindr\u00fccke auf einen warten: ein neues Alphabet, neue Melodien, ein neues Gesicht \u2013 eine ganze neue Welt bringt die Liebe f\u00fcr einen neugeborenen Menschen mit sich, weshalb das Trio hier klanglich auf noch mehr Gef\u00fchl setzt.<\/p>\n<p>Exotischer Pop und sonnige Latin-Sounds sind ihr Metier: Was mit fr\u00fchen Superhits wie \u201eEl Temperamento\u201c (2006) und \u201eVayamos Compa\u00f1eros\u201c begann, f\u00fchrte f\u00fcr Marquess zwischenzeitlich in gleich 11 europ\u00e4ischen L\u00e4ndern in die Top-10, in einigen davon sogar bis auf Platz 1 (u. a. Schweiz, Griechenland, Polen, Tschechien). Dazu gab\u2019s reichlich Edelmetall und Plattenverk\u00e4ufe in Millionenh\u00f6he f\u00fcr die drei Jungs, die sich besonders f\u00fcr Chancengleichheit in der Musikbranche starkmachen. An den massiven Erfolg von Album-Meilensteinen wie \u201eFren\u00e9tica\u201c (2007; Platz 2 in Deutschland und Platin) oder auch \u201eFavoritas\u201c (2014; Platz 5 und Gold) kn\u00fcpften sie zuletzt mit den beiden Top-15-Alben \u201eEn Movimiento\u201c (2018) und \u201eTurbulento\u201c (2020) an. Auch live f\u00fcr ihre Party-Qualit\u00e4ten immer wieder gefeiert, treten Sascha Pierro, Christian Fleps und Dominik Decker jedes Jahr vor Hunderttausenden auf und verwandeln jede Tanzfl\u00e4che in eine ausgelassene Latin-Fiesta.<\/p>\n<p>Der Titel ihres 10. Studioalbums ist in diesem Sommer Programm: Marquess fluten die Playlists mit der unbeschwerten \u201eEnerg\u00eda\u201c aus dem S\u00fcden\u2026<\/p>\n<p>Das neue Album \u201eEnerg\u00eda\u201c erscheint am 02.06.2023.<\/p>\n<p><span style=\"color: #800000;\"><strong>Quelle: Energie<\/strong><\/span><\/p>\n<p><span style=\"color: #800000;\"><strong>Dieses Album ist ab dem 02.06.2023 in allen bekannten Onlineshops erh\u00e4ltlich!<\/strong><\/span><\/p>\n<p><span style=\"color: #800000;\"><strong>Airdate (f\u00fcr Radiosender): 02.06.2023<\/strong><\/span><\/p>\n","protected":false},"excerpt":{"rendered":"<p>Das zehnte Studioalbum der Latin-Pop-Hitmaker erscheint am 02.06.2023 bei energie Nachdem sie zuletzt ihren Einstand beim neuen Label energie mit den sonnigen Singlevorboten \u201eVamos A Volar\u201c und \u201eBailando Sola\u201c gefeiert hatten, stehen Marquess nun mit ihrem 10. Albumstatement in den Startl\u00f6chern: \u201eEnerg\u00eda\u201c erscheint am 02.06. \u2013 und kann ab sofort vorbestellt werden! Seit \u00fcber 15 Jahren zu 100 Prozent sommerlichen Stimmungen und eing\u00e4ngigen Latin-Sounds verschrieben, liefern Sascha Pierro, Christian Fleps und Dominik Decker auch in diesem Jahr den Soundtrack zum Hochsommer, in dem der Alltag l\u00e4ssig ausgeklammert wird, um einfach mal zu chillen, zu baden \u2013 und vor allem auch zu tanzen! Bekannt daf\u00fcr, die&#8230;<\/p>\n","protected":false},"author":1,"featured_media":18020,"comment_status":"open","ping_status":"open","sticky":false,"template":"","format":"standard","meta":{"footnotes":""},"categories":[2],"tags":[1863],"class_list":["post-18018","post","type-post","status-publish","format-standard","has-post-thumbnail","hentry","category-schlager","tag-marquess","wpcat-2-id"],"_links":{"self":[{"href":"https:\/\/bergers-schlagerparadies.de\/index.php?rest_route=\/wp\/v2\/posts\/18018","targetHints":{"allow":["GET"]}}],"collection":[{"href":"https:\/\/bergers-schlagerparadies.de\/index.php?rest_route=\/wp\/v2\/posts"}],"about":[{"href":"https:\/\/bergers-schlagerparadies.de\/index.php?rest_route=\/wp\/v2\/types\/post"}],"author":[{"embeddable":true,"href":"https:\/\/bergers-schlagerparadies.de\/index.php?rest_route=\/wp\/v2\/users\/1"}],"replies":[{"embeddable":true,"href":"https:\/\/bergers-schlagerparadies.de\/index.php?rest_route=%2Fwp%2Fv2%2Fcomments&post=18018"}],"version-history":[{"count":1,"href":"https:\/\/bergers-schlagerparadies.de\/index.php?rest_route=\/wp\/v2\/posts\/18018\/revisions"}],"predecessor-version":[{"id":18021,"href":"https:\/\/bergers-schlagerparadies.de\/index.php?rest_route=\/wp\/v2\/posts\/18018\/revisions\/18021"}],"wp:featuredmedia":[{"embeddable":true,"href":"https:\/\/bergers-schlagerparadies.de\/index.php?rest_route=\/wp\/v2\/media\/18020"}],"wp:attachment":[{"href":"https:\/\/bergers-schlagerparadies.de\/index.php?rest_route=%2Fwp%2Fv2%2Fmedia&parent=18018"}],"wp:term":[{"taxonomy":"category","embeddable":true,"href":"https:\/\/bergers-schlagerparadies.de\/index.php?rest_route=%2Fwp%2Fv2%2Fcategories&post=18018"},{"taxonomy":"post_tag","embeddable":true,"href":"https:\/\/bergers-schlagerparadies.de\/index.php?rest_route=%2Fwp%2Fv2%2Ftags&post=18018"}],"curies":[{"name":"wp","href":"https:\/\/api.w.org\/{rel}","templated":true}]}}