{"id":17993,"date":"2023-05-25T20:46:57","date_gmt":"2023-05-25T18:46:57","guid":{"rendered":"https:\/\/bergers-schlagerparadies.de\/?p=17993"},"modified":"2023-05-25T20:46:57","modified_gmt":"2023-05-25T18:46:57","slug":"sven-polenz-x-b-sito-nummer-1-%c2%b7-bergers-schlagerparadies","status":"publish","type":"post","link":"https:\/\/bergers-schlagerparadies.de\/?p=17993","title":{"rendered":"Sven Polenz x B-Sito &#8211; Nummer 1 \u00b7 Berger\u00b4s Schlagerparadies"},"content":{"rendered":"<p><img loading=\"lazy\" decoding=\"async\" class=\"size-medium wp-image-17995 alignleft\" src=\"https:\/\/bergers-schlagerparadies.de\/wp-content\/uploads\/2023\/05\/Sven-Polenz-x-B-Sito-Nummer-1-300x300.jpg\" alt=\"\" width=\"300\" height=\"300\" srcset=\"https:\/\/bergers-schlagerparadies.de\/wp-content\/uploads\/2023\/05\/Sven-Polenz-x-B-Sito-Nummer-1-300x300.jpg 300w, https:\/\/bergers-schlagerparadies.de\/wp-content\/uploads\/2023\/05\/Sven-Polenz-x-B-Sito-Nummer-1-150x150.jpg 150w, https:\/\/bergers-schlagerparadies.de\/wp-content\/uploads\/2023\/05\/Sven-Polenz-x-B-Sito-Nummer-1-768x768.jpg 768w, https:\/\/bergers-schlagerparadies.de\/wp-content\/uploads\/2023\/05\/Sven-Polenz-x-B-Sito-Nummer-1-100x100.jpg 100w, https:\/\/bergers-schlagerparadies.de\/wp-content\/uploads\/2023\/05\/Sven-Polenz-x-B-Sito-Nummer-1.jpg 800w\" sizes=\"auto, (max-width: 300px) 100vw, 300px\" \/>Zu seiner eigenen Version von &#8222;Nummer 1&#8220; (V\u00d6 am 12.05.2023) hat sich Sven Polenz jetzt nochmal den Original-Interpreten ins Boot geholt. Noch krasser, noch mehr Sommer. Gemeinsam mit &#8222;B-Sito&#8220; pr\u00e4sentiert er diesen sommerlichen Song in einem neuen Gewand und einer weiteren Version.<\/p>\n<p>Urspr\u00fcnglich stammt &#8222;Nummer 1&#8220; von B-Sito aus dem Jahr 2020 und wurde geschrieben &amp; komponiert von Markus Norwin Rummel. Mit ihrer Interpretation von &#8222;Nummer 1&#8220; zaubern die beiden K\u00fcnstler ein musikalisches Highlight, das die positive Energie des Sommers in jedem Takt sp\u00fcrbar macht. Es ist eine Hymne an die gute Laune, an den Sommer, an die Liebe. Gemeinsam mit seinem Produzenten J\u00f6rg Lamster hat er diesem Track ein ganz neues (Sommer)-Kleid verliehen, das es in sich hat.<\/p>\n<p>Sven Polenz, B-Sito und &#8222;Nummer 1&#8220; sind eine Kombination, die den Sommer und die Liebe einl\u00e4uten. Der Titel ist wie ma\u00dfgeschneidert f\u00fcr beide und der Sound f\u00fcr die ganze Welt. Diese Version von &#8222;Nummer 1&#8220; ist ein melodisches Meisterwerk, das die Sonne direkt in die Herzen der Zuh\u00f6rer strahlen l\u00e4sst.<\/p>\n<p>Die Zusammenarbeit von Sven Polenz und B-Sito ist eine gl\u00e4nzende Demonstration ihres beiderseitigen musikalischen Talents und ihrer kreativen Vision. Sie haben &#8222;Nummer 1&#8220; in ein musikalisches Schmuckst\u00fcck verwandelt, das in jeder Playlist einen Ehrenplatz verdient.<\/p>\n<p>Ein Muss f\u00fcr alle Fans. An &#8222;Nummer 1&#8220; f\u00fchrt definitiv kein Weg vorbei. Schon gar nicht, wenn es jetzt steil Richtung Sommer geht!<\/p>\n<p><span style=\"color: #800000;\"><strong>Quelle: Fiesta Records<\/strong><\/span><\/p>\n<p><span style=\"color: #800000;\"><strong>Dieser Song ist ab dem 26.05.2023 in allen bekannten Onlineshops erh\u00e4ltlich!<\/strong><\/span><\/p>\n<p><span style=\"color: #800000;\"><strong>Airdate (f\u00fcr Radiosender): 25.05.2023<\/strong><\/span><\/p>\n","protected":false},"excerpt":{"rendered":"<p>Zu seiner eigenen Version von &#8222;Nummer 1&#8220; (V\u00d6 am 12.05.2023) hat sich Sven Polenz jetzt nochmal den Original-Interpreten ins Boot geholt. Noch krasser, noch mehr Sommer. Gemeinsam mit &#8222;B-Sito&#8220; pr\u00e4sentiert er diesen sommerlichen Song in einem neuen Gewand und einer weiteren Version. Urspr\u00fcnglich stammt &#8222;Nummer 1&#8220; von B-Sito aus dem Jahr 2020 und wurde geschrieben &amp; komponiert von Markus Norwin Rummel. Mit ihrer Interpretation von &#8222;Nummer 1&#8220; zaubern die beiden K\u00fcnstler ein musikalisches Highlight, das die positive Energie des Sommers in jedem Takt sp\u00fcrbar macht. Es ist eine Hymne an die gute Laune, an den Sommer, an die Liebe. Gemeinsam mit seinem Produzenten J\u00f6rg Lamster&#8230;<\/p>\n","protected":false},"author":1,"featured_media":17995,"comment_status":"open","ping_status":"open","sticky":false,"template":"","format":"standard","meta":{"footnotes":""},"categories":[2],"tags":[1860],"class_list":["post-17993","post","type-post","status-publish","format-standard","has-post-thumbnail","hentry","category-schlager","tag-sven-polenz-x-b-sito","wpcat-2-id"],"_links":{"self":[{"href":"https:\/\/bergers-schlagerparadies.de\/index.php?rest_route=\/wp\/v2\/posts\/17993","targetHints":{"allow":["GET"]}}],"collection":[{"href":"https:\/\/bergers-schlagerparadies.de\/index.php?rest_route=\/wp\/v2\/posts"}],"about":[{"href":"https:\/\/bergers-schlagerparadies.de\/index.php?rest_route=\/wp\/v2\/types\/post"}],"author":[{"embeddable":true,"href":"https:\/\/bergers-schlagerparadies.de\/index.php?rest_route=\/wp\/v2\/users\/1"}],"replies":[{"embeddable":true,"href":"https:\/\/bergers-schlagerparadies.de\/index.php?rest_route=%2Fwp%2Fv2%2Fcomments&post=17993"}],"version-history":[{"count":1,"href":"https:\/\/bergers-schlagerparadies.de\/index.php?rest_route=\/wp\/v2\/posts\/17993\/revisions"}],"predecessor-version":[{"id":17996,"href":"https:\/\/bergers-schlagerparadies.de\/index.php?rest_route=\/wp\/v2\/posts\/17993\/revisions\/17996"}],"wp:featuredmedia":[{"embeddable":true,"href":"https:\/\/bergers-schlagerparadies.de\/index.php?rest_route=\/wp\/v2\/media\/17995"}],"wp:attachment":[{"href":"https:\/\/bergers-schlagerparadies.de\/index.php?rest_route=%2Fwp%2Fv2%2Fmedia&parent=17993"}],"wp:term":[{"taxonomy":"category","embeddable":true,"href":"https:\/\/bergers-schlagerparadies.de\/index.php?rest_route=%2Fwp%2Fv2%2Fcategories&post=17993"},{"taxonomy":"post_tag","embeddable":true,"href":"https:\/\/bergers-schlagerparadies.de\/index.php?rest_route=%2Fwp%2Fv2%2Ftags&post=17993"}],"curies":[{"name":"wp","href":"https:\/\/api.w.org\/{rel}","templated":true}]}}