{"id":17786,"date":"2023-05-12T10:52:23","date_gmt":"2023-05-12T08:52:23","guid":{"rendered":"https:\/\/bergers-schlagerparadies.de\/?p=17786"},"modified":"2023-05-12T10:52:23","modified_gmt":"2023-05-12T08:52:23","slug":"die-fetzign-aus-dem-zillertal-g-g-anderson-herz-an-herz-%c2%b7-bergers-schlagerparadies","status":"publish","type":"post","link":"https:\/\/bergers-schlagerparadies.de\/?p=17786","title":{"rendered":"DIE FETZIG&#8217;N AUS DEM ZILLERTAL &#038; G.G. ANDERSON &#8211; Herz an Herz \u00b7 Berger\u00b4s Schlagerparadies"},"content":{"rendered":"<p><img loading=\"lazy\" decoding=\"async\" class=\"size-medium wp-image-17788 alignleft\" src=\"https:\/\/bergers-schlagerparadies.de\/wp-content\/uploads\/2023\/05\/DIE-FETZIGN-AUS-DEM-ZILLERTAL-G.G.-ANDERSON-Herz-an-Herz-300x300.jpg\" alt=\"\" width=\"300\" height=\"300\" srcset=\"https:\/\/bergers-schlagerparadies.de\/wp-content\/uploads\/2023\/05\/DIE-FETZIGN-AUS-DEM-ZILLERTAL-G.G.-ANDERSON-Herz-an-Herz-300x300.jpg 300w, https:\/\/bergers-schlagerparadies.de\/wp-content\/uploads\/2023\/05\/DIE-FETZIGN-AUS-DEM-ZILLERTAL-G.G.-ANDERSON-Herz-an-Herz-1024x1024.jpg 1024w, https:\/\/bergers-schlagerparadies.de\/wp-content\/uploads\/2023\/05\/DIE-FETZIGN-AUS-DEM-ZILLERTAL-G.G.-ANDERSON-Herz-an-Herz-150x150.jpg 150w, https:\/\/bergers-schlagerparadies.de\/wp-content\/uploads\/2023\/05\/DIE-FETZIGN-AUS-DEM-ZILLERTAL-G.G.-ANDERSON-Herz-an-Herz-768x768.jpg 768w, https:\/\/bergers-schlagerparadies.de\/wp-content\/uploads\/2023\/05\/DIE-FETZIGN-AUS-DEM-ZILLERTAL-G.G.-ANDERSON-Herz-an-Herz-1188x1188.jpg 1188w, https:\/\/bergers-schlagerparadies.de\/wp-content\/uploads\/2023\/05\/DIE-FETZIGN-AUS-DEM-ZILLERTAL-G.G.-ANDERSON-Herz-an-Herz-100x100.jpg 100w, https:\/\/bergers-schlagerparadies.de\/wp-content\/uploads\/2023\/05\/DIE-FETZIGN-AUS-DEM-ZILLERTAL-G.G.-ANDERSON-Herz-an-Herz.jpg 1200w\" sizes=\"auto, (max-width: 300px) 100vw, 300px\" \/>Die Fetzig\u2019n \u2026 ihr Name ist Programm! Wo sie spielen, ist die Stimmung fetzig!<\/p>\n<p>Durch TV-Auftritte im \u201eMusikantenstadl\u201c, \u201eImmer wieder sonntags\u201c bei \u201eWenn die Musi spielt Sommer und Winter Open Air\u201c, \u201eSchlagerspa\u00df mit Andy Borg\u201c, \u201eDaheim in \u00d6sterreich\u201c, \u201eORF Studio 2\u201c mittlerweile weit \u00fcber ihre Heimat hinaus bekannt, mischen die sympathischen Zillertaler die volkst\u00fcmliche Musikszene auf. Mit dem Album \u201eGipfeltreffen\u201c waren die 3 Musiker sogar 6 Wochen in den \u00f6sterreichischen Albumcharts vertreten und erreichten Gold Status in \u00d6sterreich f\u00fcr \u00fcber 7500 verkaufte Alben.<\/p>\n<p>Mit ihrem neuen Album \u201eEdelwei\u00df K\u00f6nigin\u201c beweisen die drei Musiker wieder aufs Neue ihre Vielf\u00e4ltigkeit. Die \u201eSchlager Legende\u201c G.G Anderson komponierte f\u00fcr die Gruppe den Titel \u201eHerz an Herz\u201c. Aufgrund der langj\u00e4hrigen Freundschaft wurde der Song als Duett-Titel produziert und wird jetzt als Single-CD ausgekoppelt. Die erste gemeinsame TV-Aufzeichnung absolvierten sie vor kurzem bei \u201eSchlagerspa\u00df mit Andy Borg\u201c.<\/p>\n<p><span style=\"color: #800000;\"><strong>Quelle: TYROLIS<\/strong><\/span><\/p>\n<p><span style=\"color: #800000;\"><strong>Dieser Song ist ab dem 12.05.2023 in allen bekannten Onlineshops erh\u00e4ltlich!<\/strong><\/span><\/p>\n<p><span style=\"color: #800000;\"><strong>Airdate (f\u00fcr Radiosender): 12.05.2023<\/strong><\/span><\/p>\n","protected":false},"excerpt":{"rendered":"<p>Die Fetzig\u2019n \u2026 ihr Name ist Programm! Wo sie spielen, ist die Stimmung fetzig! Durch TV-Auftritte im \u201eMusikantenstadl\u201c, \u201eImmer wieder sonntags\u201c bei \u201eWenn die Musi spielt Sommer und Winter Open Air\u201c, \u201eSchlagerspa\u00df mit Andy Borg\u201c, \u201eDaheim in \u00d6sterreich\u201c, \u201eORF Studio 2\u201c mittlerweile weit \u00fcber ihre Heimat hinaus bekannt, mischen die sympathischen Zillertaler die volkst\u00fcmliche Musikszene auf. Mit dem Album \u201eGipfeltreffen\u201c waren die 3 Musiker sogar 6 Wochen in den \u00f6sterreichischen Albumcharts vertreten und erreichten Gold Status in \u00d6sterreich f\u00fcr \u00fcber 7500 verkaufte Alben. Mit ihrem neuen Album \u201eEdelwei\u00df K\u00f6nigin\u201c beweisen die drei Musiker wieder aufs Neue ihre Vielf\u00e4ltigkeit. Die \u201eSchlager Legende\u201c G.G Anderson komponierte f\u00fcr&#8230;<\/p>\n","protected":false},"author":1,"featured_media":17788,"comment_status":"open","ping_status":"open","sticky":false,"template":"","format":"standard","meta":{"footnotes":""},"categories":[2],"tags":[1844],"class_list":["post-17786","post","type-post","status-publish","format-standard","has-post-thumbnail","hentry","category-schlager","tag-die-fetzign-aus-dem-zillertal-g-g-anderson","wpcat-2-id"],"_links":{"self":[{"href":"https:\/\/bergers-schlagerparadies.de\/index.php?rest_route=\/wp\/v2\/posts\/17786","targetHints":{"allow":["GET"]}}],"collection":[{"href":"https:\/\/bergers-schlagerparadies.de\/index.php?rest_route=\/wp\/v2\/posts"}],"about":[{"href":"https:\/\/bergers-schlagerparadies.de\/index.php?rest_route=\/wp\/v2\/types\/post"}],"author":[{"embeddable":true,"href":"https:\/\/bergers-schlagerparadies.de\/index.php?rest_route=\/wp\/v2\/users\/1"}],"replies":[{"embeddable":true,"href":"https:\/\/bergers-schlagerparadies.de\/index.php?rest_route=%2Fwp%2Fv2%2Fcomments&post=17786"}],"version-history":[{"count":1,"href":"https:\/\/bergers-schlagerparadies.de\/index.php?rest_route=\/wp\/v2\/posts\/17786\/revisions"}],"predecessor-version":[{"id":17789,"href":"https:\/\/bergers-schlagerparadies.de\/index.php?rest_route=\/wp\/v2\/posts\/17786\/revisions\/17789"}],"wp:featuredmedia":[{"embeddable":true,"href":"https:\/\/bergers-schlagerparadies.de\/index.php?rest_route=\/wp\/v2\/media\/17788"}],"wp:attachment":[{"href":"https:\/\/bergers-schlagerparadies.de\/index.php?rest_route=%2Fwp%2Fv2%2Fmedia&parent=17786"}],"wp:term":[{"taxonomy":"category","embeddable":true,"href":"https:\/\/bergers-schlagerparadies.de\/index.php?rest_route=%2Fwp%2Fv2%2Fcategories&post=17786"},{"taxonomy":"post_tag","embeddable":true,"href":"https:\/\/bergers-schlagerparadies.de\/index.php?rest_route=%2Fwp%2Fv2%2Ftags&post=17786"}],"curies":[{"name":"wp","href":"https:\/\/api.w.org\/{rel}","templated":true}]}}