{"id":17748,"date":"2023-05-11T21:15:36","date_gmt":"2023-05-11T19:15:36","guid":{"rendered":"https:\/\/bergers-schlagerparadies.de\/?p=17748"},"modified":"2023-05-11T21:15:36","modified_gmt":"2023-05-11T19:15:36","slug":"vito-lavita-mr-perigo-playa-von-mallorca-%c2%b7-bergers-schlagerparadies","status":"publish","type":"post","link":"https:\/\/bergers-schlagerparadies.de\/?p=17748","title":{"rendered":"Vito Lavita &#038; Mr. Perigo &#8211; Playa von Mallorca \u00b7 Berger\u00b4s Schlagerparadies"},"content":{"rendered":"<p><img loading=\"lazy\" decoding=\"async\" class=\"size-medium wp-image-17750 alignleft\" src=\"https:\/\/bergers-schlagerparadies.de\/wp-content\/uploads\/2023\/05\/Vito-Lavita-Mr.-Perigo-Playa-von-Mallorca-300x300.jpg\" alt=\"\" width=\"300\" height=\"300\" srcset=\"https:\/\/bergers-schlagerparadies.de\/wp-content\/uploads\/2023\/05\/Vito-Lavita-Mr.-Perigo-Playa-von-Mallorca-300x300.jpg 300w, https:\/\/bergers-schlagerparadies.de\/wp-content\/uploads\/2023\/05\/Vito-Lavita-Mr.-Perigo-Playa-von-Mallorca-150x150.jpg 150w, https:\/\/bergers-schlagerparadies.de\/wp-content\/uploads\/2023\/05\/Vito-Lavita-Mr.-Perigo-Playa-von-Mallorca-768x768.jpg 768w, https:\/\/bergers-schlagerparadies.de\/wp-content\/uploads\/2023\/05\/Vito-Lavita-Mr.-Perigo-Playa-von-Mallorca-100x100.jpg 100w, https:\/\/bergers-schlagerparadies.de\/wp-content\/uploads\/2023\/05\/Vito-Lavita-Mr.-Perigo-Playa-von-Mallorca.jpg 800w\" sizes=\"auto, (max-width: 300px) 100vw, 300px\" \/>Strand, blaues Meer, Sonnenschein und lange N\u00e4chte &#8211; \u201ePlaya von Mallorca\u201c, ein Song der voller Urlaubsgef\u00fchle, Amore und Fiesta steckt!<\/p>\n<p>Die hitverd\u00e4chtige, deutschsprachige Sommernummer wurde von den beiden K\u00fcnstlern Vito Lavita und Mr.Perigo geschrieben und produziert.<\/p>\n<p>Die gef\u00fchlvolle Stimme von dem in Deutschland aufgewachsenen Italiener Vito Lavita und der markante Rapflow von dem ebenfalls in Deutschland lebenden Brasilianer Mr.Perigo, sind wiedererkennbar und bleiben im Ohr. Die beiden K\u00fcnstler haben in ihrem Song \u201ePlaya von Mallorca\u201c moderne Popelemente mit Reggaeton Drums vereint, die durch Live-Instrumente, wie Gitarren und Saxofon mit eing\u00e4ngigen Melodien eingespielt wurden.<\/p>\n<p>Mitrei\u00dfende Strophen und ein Refrain der direkt zum Mitsingen animiert, sorgen daf\u00fcr, dass \u201ePlaya von Mallorca \u201c auf keiner Sommer-Playlist fehlen darf!<\/p>\n<p><span style=\"color: #800000;\"><strong>Quelle: Fiesta Records<\/strong><\/span><\/p>\n<p><span style=\"color: #800000;\"><strong>Dieser Song ist ab dem 12.05.2023 in allen bekannten Onlineshops erh\u00e4ltlich!<\/strong><\/span><\/p>\n<p><span style=\"color: #800000;\"><strong>Airdate (f\u00fcr Radiosender): 08.05.2023<\/strong><\/span><\/p>\n","protected":false},"excerpt":{"rendered":"<p>Strand, blaues Meer, Sonnenschein und lange N\u00e4chte &#8211; \u201ePlaya von Mallorca\u201c, ein Song der voller Urlaubsgef\u00fchle, Amore und Fiesta steckt! Die hitverd\u00e4chtige, deutschsprachige Sommernummer wurde von den beiden K\u00fcnstlern Vito Lavita und Mr.Perigo geschrieben und produziert. Die gef\u00fchlvolle Stimme von dem in Deutschland aufgewachsenen Italiener Vito Lavita und der markante Rapflow von dem ebenfalls in Deutschland lebenden Brasilianer Mr.Perigo, sind wiedererkennbar und bleiben im Ohr. Die beiden K\u00fcnstler haben in ihrem Song \u201ePlaya von Mallorca\u201c moderne Popelemente mit Reggaeton Drums vereint, die durch Live-Instrumente, wie Gitarren und Saxofon mit eing\u00e4ngigen Melodien eingespielt wurden. Mitrei\u00dfende Strophen und ein Refrain der direkt zum Mitsingen animiert, sorgen daf\u00fcr,&#8230;<\/p>\n","protected":false},"author":1,"featured_media":17750,"comment_status":"open","ping_status":"open","sticky":false,"template":"","format":"standard","meta":{"footnotes":""},"categories":[2],"tags":[1841],"class_list":["post-17748","post","type-post","status-publish","format-standard","has-post-thumbnail","hentry","category-schlager","tag-vito-lavita-mr-perigo","wpcat-2-id"],"_links":{"self":[{"href":"https:\/\/bergers-schlagerparadies.de\/index.php?rest_route=\/wp\/v2\/posts\/17748","targetHints":{"allow":["GET"]}}],"collection":[{"href":"https:\/\/bergers-schlagerparadies.de\/index.php?rest_route=\/wp\/v2\/posts"}],"about":[{"href":"https:\/\/bergers-schlagerparadies.de\/index.php?rest_route=\/wp\/v2\/types\/post"}],"author":[{"embeddable":true,"href":"https:\/\/bergers-schlagerparadies.de\/index.php?rest_route=\/wp\/v2\/users\/1"}],"replies":[{"embeddable":true,"href":"https:\/\/bergers-schlagerparadies.de\/index.php?rest_route=%2Fwp%2Fv2%2Fcomments&post=17748"}],"version-history":[{"count":1,"href":"https:\/\/bergers-schlagerparadies.de\/index.php?rest_route=\/wp\/v2\/posts\/17748\/revisions"}],"predecessor-version":[{"id":17751,"href":"https:\/\/bergers-schlagerparadies.de\/index.php?rest_route=\/wp\/v2\/posts\/17748\/revisions\/17751"}],"wp:featuredmedia":[{"embeddable":true,"href":"https:\/\/bergers-schlagerparadies.de\/index.php?rest_route=\/wp\/v2\/media\/17750"}],"wp:attachment":[{"href":"https:\/\/bergers-schlagerparadies.de\/index.php?rest_route=%2Fwp%2Fv2%2Fmedia&parent=17748"}],"wp:term":[{"taxonomy":"category","embeddable":true,"href":"https:\/\/bergers-schlagerparadies.de\/index.php?rest_route=%2Fwp%2Fv2%2Fcategories&post=17748"},{"taxonomy":"post_tag","embeddable":true,"href":"https:\/\/bergers-schlagerparadies.de\/index.php?rest_route=%2Fwp%2Fv2%2Ftags&post=17748"}],"curies":[{"name":"wp","href":"https:\/\/api.w.org\/{rel}","templated":true}]}}