{"id":17663,"date":"2023-05-05T14:35:53","date_gmt":"2023-05-05T12:35:53","guid":{"rendered":"https:\/\/bergers-schlagerparadies.de\/?p=17663"},"modified":"2023-05-05T14:35:53","modified_gmt":"2023-05-05T12:35:53","slug":"olaf-der-flipper-feat-pia-malo-solo-soleil-%c2%b7-bergers-schlagerparadies","status":"publish","type":"post","link":"https:\/\/bergers-schlagerparadies.de\/?p=17663","title":{"rendered":"Olaf der Flipper feat.Pia Malo &#8211; Solo Soleil \u00b7 Berger\u00b4s Schlagerparadies"},"content":{"rendered":"<p><img loading=\"lazy\" decoding=\"async\" class=\"size-medium wp-image-17665 alignleft\" src=\"https:\/\/bergers-schlagerparadies.de\/wp-content\/uploads\/2023\/05\/Olaf-der-Flipper-feat.Pia-Malo-Solo-Soleil-300x297.jpg\" alt=\"\" width=\"300\" height=\"297\" srcset=\"https:\/\/bergers-schlagerparadies.de\/wp-content\/uploads\/2023\/05\/Olaf-der-Flipper-feat.Pia-Malo-Solo-Soleil-300x297.jpg 300w, https:\/\/bergers-schlagerparadies.de\/wp-content\/uploads\/2023\/05\/Olaf-der-Flipper-feat.Pia-Malo-Solo-Soleil-1024x1015.jpg 1024w, https:\/\/bergers-schlagerparadies.de\/wp-content\/uploads\/2023\/05\/Olaf-der-Flipper-feat.Pia-Malo-Solo-Soleil-150x150.jpg 150w, https:\/\/bergers-schlagerparadies.de\/wp-content\/uploads\/2023\/05\/Olaf-der-Flipper-feat.Pia-Malo-Solo-Soleil-768x762.jpg 768w, https:\/\/bergers-schlagerparadies.de\/wp-content\/uploads\/2023\/05\/Olaf-der-Flipper-feat.Pia-Malo-Solo-Soleil-1200x1190.jpg 1200w, https:\/\/bergers-schlagerparadies.de\/wp-content\/uploads\/2023\/05\/Olaf-der-Flipper-feat.Pia-Malo-Solo-Soleil-1188x1178.jpg 1188w, https:\/\/bergers-schlagerparadies.de\/wp-content\/uploads\/2023\/05\/Olaf-der-Flipper-feat.Pia-Malo-Solo-Soleil-100x100.jpg 100w, https:\/\/bergers-schlagerparadies.de\/wp-content\/uploads\/2023\/05\/Olaf-der-Flipper-feat.Pia-Malo-Solo-Soleil.jpg 1430w\" sizes=\"auto, (max-width: 300px) 100vw, 300px\" \/>Mit \u201eSolo Soleil\u201c feiert Olaf der Flipper die Sonnenseiten des Lebens<\/p>\n<p>Inselfeeling und Party-Laune schenkt uns Olaf der Flipper mit seiner aktuellen Single \u201eSolo Soleil\u201c. Dieser Song ist wie eine Extra-Portion Sonne und Licht. Das mediterrane Latino-Arrangement prickelt wie warme Sonnenstrahlen auf der Haut und l\u00e4sst das Herz leicht werden \u2013 der Refrain tanzt leichtf\u00fc\u00dfig, wie Licht-Reflexionen auf dem Wasser. Das ist Lebensfreude pur, in eine eing\u00e4ngige und tanzbare Melodie gegossen: \u201eHol den Koffer raus und pack den Sommer aus \u2013 Dreh das Radio auf und sing mit mir ganz laut.\u201c Der Liedtext liefert das Rezept dazu, einmal geh\u00f6rt, schon sitzt der Ohrwurm. Zum Mitsingen empfohlen, ganz ohne Nebenwirkungen.<\/p>\n<p>Mit der Single \u201eSolo Soleil\u201c feiert Olaf der Flipper die Sonnenseiten des Lebens \u2013 an seiner Seite: Tochter Pia Malo. Sie ist der Sonnenschein ihres Vaters und vielen Flippers-Fans seit Kindesbeinen vertraut. Mit den Flippershits aufgewachsen, feiern Vater und Tochter auch mit gemeinsamen Auftritten und einem restlos ausgebuchten Terminkalender, die l\u00e4ngst nicht abebbende Welle der Begeisterung, von der Olaf der Flipper seit einem Jahr getragen wird.<\/p>\n<p>Ausgel\u00f6st durch den Sommer-Hit 2022 \u201eWir sagen danke sch\u00f6n \u2013 40 Jahre die Flippers\u201c. Dieses Lied wurde von den Flippers zu ihrem 40-j\u00e4hrigen Jubil\u00e4um aufgenommen. 2011 l\u00f6ste sich die legend\u00e4re Band auf. Olaf der Flipper kann es selbst immer noch nicht glauben, wie erfolgreich dieser Song 14 Jahre sp\u00e4ter geworden ist. Junge Leute, die seine Kinder und Enkel sein k\u00f6nnten, reisen quer durch die Republik und fangen an zu singen, wenn sie ihn sehen. Und es kommt noch besser: Mit den treuen Flippers-Fans feiern sie bei Konzerten nicht nur diesen Titel, der im Sommer 2022 zum viralen Hit gereift ist. \u00dcberall wird der letzte singende Flipper mit offenen Armen empfangen \u2013 ob bei gro\u00dfen Festivals, bei Schlagerkonzerten oder auch am Ballermann. Der Flippers Sound erlebt eine fantastische Neuauflage. Olaf hat selbst so einen Spa\u00df an der Flippers-Sommer-Sause im kultigen Schlager-Loop, dass er im Studio gleich ein ganzes \u201eDankesch\u00f6n\u201c-Album aufgenommen hat.<\/p>\n<p><span style=\"color: #800000;\"><strong>Quelle: Telamo<\/strong><\/span><\/p>\n<p><span style=\"color: #800000;\"><strong>Dieser Song ist ab dem 05.05.2023 in allen bekannten Onlineshops erh\u00e4ltlich!<\/strong><\/span><\/p>\n<p><span style=\"color: #800000;\"><strong>Airdate (f\u00fcr Radiosender): 05.12.2023<\/strong><\/span><\/p>\n","protected":false},"excerpt":{"rendered":"<p>Mit \u201eSolo Soleil\u201c feiert Olaf der Flipper die Sonnenseiten des Lebens Inselfeeling und Party-Laune schenkt uns Olaf der Flipper mit seiner aktuellen Single \u201eSolo Soleil\u201c. Dieser Song ist wie eine Extra-Portion Sonne und Licht. Das mediterrane Latino-Arrangement prickelt wie warme Sonnenstrahlen auf der Haut und l\u00e4sst das Herz leicht werden \u2013 der Refrain tanzt leichtf\u00fc\u00dfig, wie Licht-Reflexionen auf dem Wasser. Das ist Lebensfreude pur, in eine eing\u00e4ngige und tanzbare Melodie gegossen: \u201eHol den Koffer raus und pack den Sommer aus \u2013 Dreh das Radio auf und sing mit mir ganz laut.\u201c Der Liedtext liefert das Rezept dazu, einmal geh\u00f6rt, schon sitzt der Ohrwurm. Zum Mitsingen&#8230;<\/p>\n","protected":false},"author":1,"featured_media":17665,"comment_status":"open","ping_status":"open","sticky":false,"template":"","format":"standard","meta":{"footnotes":""},"categories":[2],"tags":[1834],"class_list":["post-17663","post","type-post","status-publish","format-standard","has-post-thumbnail","hentry","category-schlager","tag-olaf-der-flipper-feat-pia-malo","wpcat-2-id"],"_links":{"self":[{"href":"https:\/\/bergers-schlagerparadies.de\/index.php?rest_route=\/wp\/v2\/posts\/17663","targetHints":{"allow":["GET"]}}],"collection":[{"href":"https:\/\/bergers-schlagerparadies.de\/index.php?rest_route=\/wp\/v2\/posts"}],"about":[{"href":"https:\/\/bergers-schlagerparadies.de\/index.php?rest_route=\/wp\/v2\/types\/post"}],"author":[{"embeddable":true,"href":"https:\/\/bergers-schlagerparadies.de\/index.php?rest_route=\/wp\/v2\/users\/1"}],"replies":[{"embeddable":true,"href":"https:\/\/bergers-schlagerparadies.de\/index.php?rest_route=%2Fwp%2Fv2%2Fcomments&post=17663"}],"version-history":[{"count":1,"href":"https:\/\/bergers-schlagerparadies.de\/index.php?rest_route=\/wp\/v2\/posts\/17663\/revisions"}],"predecessor-version":[{"id":17666,"href":"https:\/\/bergers-schlagerparadies.de\/index.php?rest_route=\/wp\/v2\/posts\/17663\/revisions\/17666"}],"wp:featuredmedia":[{"embeddable":true,"href":"https:\/\/bergers-schlagerparadies.de\/index.php?rest_route=\/wp\/v2\/media\/17665"}],"wp:attachment":[{"href":"https:\/\/bergers-schlagerparadies.de\/index.php?rest_route=%2Fwp%2Fv2%2Fmedia&parent=17663"}],"wp:term":[{"taxonomy":"category","embeddable":true,"href":"https:\/\/bergers-schlagerparadies.de\/index.php?rest_route=%2Fwp%2Fv2%2Fcategories&post=17663"},{"taxonomy":"post_tag","embeddable":true,"href":"https:\/\/bergers-schlagerparadies.de\/index.php?rest_route=%2Fwp%2Fv2%2Ftags&post=17663"}],"curies":[{"name":"wp","href":"https:\/\/api.w.org\/{rel}","templated":true}]}}