{"id":17621,"date":"2023-05-05T10:11:54","date_gmt":"2023-05-05T08:11:54","guid":{"rendered":"https:\/\/bergers-schlagerparadies.de\/?p=17621"},"modified":"2023-05-05T10:11:54","modified_gmt":"2023-05-05T08:11:54","slug":"ed-sheeran-deluxe-album-%c2%b7-bergers-schlagerparadies","status":"publish","type":"post","link":"https:\/\/bergers-schlagerparadies.de\/?p=17621","title":{"rendered":"Ed Sheeran &#8211; (Deluxe) (Album) \u00b7 Berger\u00b4s Schlagerparadies"},"content":{"rendered":"<p><img loading=\"lazy\" decoding=\"async\" class=\"size-medium wp-image-17624 alignleft\" src=\"https:\/\/bergers-schlagerparadies.de\/wp-content\/uploads\/2023\/05\/Ed-Sheeran-Deluxe-Album-300x300.jpg\" alt=\"\" width=\"300\" height=\"300\" srcset=\"https:\/\/bergers-schlagerparadies.de\/wp-content\/uploads\/2023\/05\/Ed-Sheeran-Deluxe-Album-300x300.jpg 300w, https:\/\/bergers-schlagerparadies.de\/wp-content\/uploads\/2023\/05\/Ed-Sheeran-Deluxe-Album-1024x1024.jpg 1024w, https:\/\/bergers-schlagerparadies.de\/wp-content\/uploads\/2023\/05\/Ed-Sheeran-Deluxe-Album-150x150.jpg 150w, https:\/\/bergers-schlagerparadies.de\/wp-content\/uploads\/2023\/05\/Ed-Sheeran-Deluxe-Album-768x768.jpg 768w, https:\/\/bergers-schlagerparadies.de\/wp-content\/uploads\/2023\/05\/Ed-Sheeran-Deluxe-Album-1188x1188.jpg 1188w, https:\/\/bergers-schlagerparadies.de\/wp-content\/uploads\/2023\/05\/Ed-Sheeran-Deluxe-Album-100x100.jpg 100w, https:\/\/bergers-schlagerparadies.de\/wp-content\/uploads\/2023\/05\/Ed-Sheeran-Deluxe-Album.jpg 1200w\" sizes=\"auto, (max-width: 300px) 100vw, 300px\" \/>\u2022 \u201e- (Subtract)\u201c ist das f\u00fcnfte und letzte Teil von Eds bahnbrechender Symbol-Albumserie. Mit \u201e- (Subtract)\u201c kehrt Ed zu seinen Wurzeln als Singer-Songwriter zur\u00fcck und bietet seinen Fans einen sehr intimen Einblick in seine Gedankenwelt.<br \/>\n\u2022 In \u201eCurtains\u201c geht es um das Wiederauftauchen nach Zeiten des Versteckens in einer dunklen Phase des Lebens: \u201eCan you pull the curtains? \/\/ Let me see the sun shine \/\/ I think I&#8217;m done with my hiding place\u201d.<br \/>\n\u2022 Die Arbeit an \u201e- (Subtract)\u201c begann f\u00fcr Ed bereits vor \u00fcber 10 Jahren. Geplant war das perfekte Akustikalbum. Traumatische Ereignisse in seinem privaten Umfeld im vergangenen Jahr bewegten ihn allerdings dazu, jeden Plan \u00fcber Bord zu werfen und sich der Musik als Zufluchtsort zu widmen: \u201eSongs zu schreiben ist f\u00fcr mich wie Therapie. Es hilft mir, meine Gef\u00fchle besser zu verstehen. Als ich diese Songs schrieb, verfolgte ich damit kein bestimmtes Ziel, ich habe einfach nur zu Papier gebracht, was in dem Moment rauspurzelte. Und in etwas mehr als einer Woche ersetzte ich die Arbeit von mehr als zehn Jahren mit meinen tiefsten, d\u00fcstersten Gedanken.\u201c<br \/>\n\u2022 Aaron Dessner (The National) unterst\u00fctzte Ed im Schreibprozess und bei der Produktion des 14-Track starken Albums. Stilistisch bewegt sich \u201e- (Subtract)\u201c zwischen Folk-gef\u00e4rbten Klangbildern bis hin zu satteren Arrangements in voller Band-\/ Orchesterbegleitung.<br \/>\n\u2022 Vor Kurzem deb\u00fctierte Ed an der Seite von Aaron Dessner und einem 12-teiligem Orchester sein Album im geschichtstr\u00e4chtigen Kings Theatre in Brooklyn, New York. Dort filmte er auch gleich eine Acoustic-Version der Single \u201eEyes Closed\u201c, die auf YouTube bereits \u00fcber 1,1 Mio Klicks einspielte.<br \/>\n\u2022 Am 03.05 erscheint auf Disney+ die vierteilige Dokumentarserie \u201eThe Sum Of It All\u201c, in der Ed einen sehr pers\u00f6nlichen Einblick in sein Leben als K\u00fcnstler gibt. Die Produktion der Serie geht auf die Kappe der Emmy-Award pr\u00e4mierten Fullwell 73 Productions, die bereits Inhalte f\u00fcr Mega-Stars wie Adele und Elton John hervorbrachten.<\/p>\n<p><span style=\"color: #800000;\"><strong>Quelle: Warner Music International<\/strong><\/span><\/p>\n<p><span style=\"color: #800000;\"><strong>Dieses Album ist ab dem 05.05.2023 in allen bekannten Onlineshops erh\u00e4ltlich!<\/strong><\/span><\/p>\n<p><span style=\"color: #800000;\"><strong>Airdate (f\u00fcr Radiosender): 05.05.2023<\/strong><\/span><\/p>\n","protected":false},"excerpt":{"rendered":"<p>\u2022 \u201e- (Subtract)\u201c ist das f\u00fcnfte und letzte Teil von Eds bahnbrechender Symbol-Albumserie. Mit \u201e- (Subtract)\u201c kehrt Ed zu seinen Wurzeln als Singer-Songwriter zur\u00fcck und bietet seinen Fans einen sehr intimen Einblick in seine Gedankenwelt. \u2022 In \u201eCurtains\u201c geht es um das Wiederauftauchen nach Zeiten des Versteckens in einer dunklen Phase des Lebens: \u201eCan you pull the curtains? \/\/ Let me see the sun shine \/\/ I think I&#8217;m done with my hiding place\u201d. \u2022 Die Arbeit an \u201e- (Subtract)\u201c begann f\u00fcr Ed bereits vor \u00fcber 10 Jahren. Geplant war das perfekte Akustikalbum. Traumatische Ereignisse in seinem privaten Umfeld im vergangenen Jahr bewegten ihn allerdings&#8230;<\/p>\n","protected":false},"author":1,"featured_media":17624,"comment_status":"open","ping_status":"open","sticky":false,"template":"","format":"standard","meta":{"footnotes":""},"categories":[2],"tags":[1831],"class_list":["post-17621","post","type-post","status-publish","format-standard","has-post-thumbnail","hentry","category-schlager","tag-ed-sheeran","wpcat-2-id"],"_links":{"self":[{"href":"https:\/\/bergers-schlagerparadies.de\/index.php?rest_route=\/wp\/v2\/posts\/17621","targetHints":{"allow":["GET"]}}],"collection":[{"href":"https:\/\/bergers-schlagerparadies.de\/index.php?rest_route=\/wp\/v2\/posts"}],"about":[{"href":"https:\/\/bergers-schlagerparadies.de\/index.php?rest_route=\/wp\/v2\/types\/post"}],"author":[{"embeddable":true,"href":"https:\/\/bergers-schlagerparadies.de\/index.php?rest_route=\/wp\/v2\/users\/1"}],"replies":[{"embeddable":true,"href":"https:\/\/bergers-schlagerparadies.de\/index.php?rest_route=%2Fwp%2Fv2%2Fcomments&post=17621"}],"version-history":[{"count":1,"href":"https:\/\/bergers-schlagerparadies.de\/index.php?rest_route=\/wp\/v2\/posts\/17621\/revisions"}],"predecessor-version":[{"id":17625,"href":"https:\/\/bergers-schlagerparadies.de\/index.php?rest_route=\/wp\/v2\/posts\/17621\/revisions\/17625"}],"wp:featuredmedia":[{"embeddable":true,"href":"https:\/\/bergers-schlagerparadies.de\/index.php?rest_route=\/wp\/v2\/media\/17624"}],"wp:attachment":[{"href":"https:\/\/bergers-schlagerparadies.de\/index.php?rest_route=%2Fwp%2Fv2%2Fmedia&parent=17621"}],"wp:term":[{"taxonomy":"category","embeddable":true,"href":"https:\/\/bergers-schlagerparadies.de\/index.php?rest_route=%2Fwp%2Fv2%2Fcategories&post=17621"},{"taxonomy":"post_tag","embeddable":true,"href":"https:\/\/bergers-schlagerparadies.de\/index.php?rest_route=%2Fwp%2Fv2%2Ftags&post=17621"}],"curies":[{"name":"wp","href":"https:\/\/api.w.org\/{rel}","templated":true}]}}