{"id":17516,"date":"2023-05-02T20:53:37","date_gmt":"2023-05-02T18:53:37","guid":{"rendered":"https:\/\/bergers-schlagerparadies.de\/?p=17516"},"modified":"2023-05-02T20:53:37","modified_gmt":"2023-05-02T18:53:37","slug":"lars-heise-summerfeeling-einfach-leben-%c2%b7-bergers-schlagerparadies","status":"publish","type":"post","link":"https:\/\/bergers-schlagerparadies.de\/?p=17516","title":{"rendered":"Lars Heise &#8211; Summerfeeling (Einfach Leben) \u00b7 Berger\u00b4s Schlagerparadies"},"content":{"rendered":"<p><img loading=\"lazy\" decoding=\"async\" class=\"size-medium wp-image-17518 alignleft\" src=\"https:\/\/bergers-schlagerparadies.de\/wp-content\/uploads\/2023\/05\/Lars-Heise-Summerfeeling-Einfach-Leben-300x300.jpg\" alt=\"\" width=\"300\" height=\"300\" srcset=\"https:\/\/bergers-schlagerparadies.de\/wp-content\/uploads\/2023\/05\/Lars-Heise-Summerfeeling-Einfach-Leben-300x300.jpg 300w, https:\/\/bergers-schlagerparadies.de\/wp-content\/uploads\/2023\/05\/Lars-Heise-Summerfeeling-Einfach-Leben-150x150.jpg 150w, https:\/\/bergers-schlagerparadies.de\/wp-content\/uploads\/2023\/05\/Lars-Heise-Summerfeeling-Einfach-Leben-768x768.jpg 768w, https:\/\/bergers-schlagerparadies.de\/wp-content\/uploads\/2023\/05\/Lars-Heise-Summerfeeling-Einfach-Leben-100x100.jpg 100w, https:\/\/bergers-schlagerparadies.de\/wp-content\/uploads\/2023\/05\/Lars-Heise-Summerfeeling-Einfach-Leben.jpg 800w\" sizes=\"auto, (max-width: 300px) 100vw, 300px\" \/>\u201eDas was ich will ist Summerfeeling\u201c. Einfach sorglos die Seele baumeln lassen und den Sommer genie\u00dfen, nach diesem Motto lebte Lars Heise schon in seinem ersten Song \u201eIch muss raus\u201c. Seine mittlerweile vierte Ver\u00f6ffentlichung feiert der Radiomoderator. Die Wege haben ihn mittlerweile zu Goldstar-Radio gef\u00fchrt, wo er weiterhin der Schlagermusik fr\u00f6nt.<\/p>\n<p>\u201eDas was ich will ist einfach leben\u201c &#8211; Der Hobbyradler liebt die Freiheit und die Weite. Seine musikalische \u201eTour de Schlager\u201c f\u00fchrt ihn vom K\u00f6nigssee \u00fcber Paris und \u00d6sterreich nun in die sch\u00f6ne L\u00fcneburger Heide, zumindest im Musikvideo zur neuen Single.<\/p>\n<p>Die Komposition sowie die Produktion stammen wie gewohnt vom Singer-Songwriter-Produzenten-P\u00e4rchen Jelfi (Jenny van Bree und Wolfgang Nadrag). Lars\u2019 neue Single ist sein erster Song, den Jelfi Records \u00fcber seinen neuen, starken Partner Fiesta Records im Vertrieb ver\u00f6ffentlicht.<\/p>\n<p>Ein sommerliches Musikvideo voller Sonnenschein wurde von Jelfi Media produziert. Sympathisch, fr\u00f6hlich, lebensfroh &#8211; Lars Heise<\/p>\n<p><span style=\"color: #800000;\"><strong>Quelle: Fiesta Records<\/strong><\/span><\/p>\n<p><span style=\"color: #800000;\"><strong>Dieser Song ist ab dem 10.05.2023 in allen bekannten Onlineshops erh\u00e4ltlich!<\/strong><\/span><\/p>\n<p><span style=\"color: #800000;\"><strong>Airdate (f\u00fcr Radiosender): 02.05.2023<\/strong><\/span><\/p>\n","protected":false},"excerpt":{"rendered":"<p>\u201eDas was ich will ist Summerfeeling\u201c. Einfach sorglos die Seele baumeln lassen und den Sommer genie\u00dfen, nach diesem Motto lebte Lars Heise schon in seinem ersten Song \u201eIch muss raus\u201c. Seine mittlerweile vierte Ver\u00f6ffentlichung feiert der Radiomoderator. Die Wege haben ihn mittlerweile zu Goldstar-Radio gef\u00fchrt, wo er weiterhin der Schlagermusik fr\u00f6nt. \u201eDas was ich will ist einfach leben\u201c &#8211; Der Hobbyradler liebt die Freiheit und die Weite. Seine musikalische \u201eTour de Schlager\u201c f\u00fchrt ihn vom K\u00f6nigssee \u00fcber Paris und \u00d6sterreich nun in die sch\u00f6ne L\u00fcneburger Heide, zumindest im Musikvideo zur neuen Single. Die Komposition sowie die Produktion stammen wie gewohnt vom Singer-Songwriter-Produzenten-P\u00e4rchen Jelfi (Jenny van&#8230;<\/p>\n","protected":false},"author":1,"featured_media":17518,"comment_status":"open","ping_status":"open","sticky":false,"template":"","format":"standard","meta":{"footnotes":""},"categories":[2],"tags":[440],"class_list":["post-17516","post","type-post","status-publish","format-standard","has-post-thumbnail","hentry","category-schlager","tag-lars-heise","wpcat-2-id"],"_links":{"self":[{"href":"https:\/\/bergers-schlagerparadies.de\/index.php?rest_route=\/wp\/v2\/posts\/17516","targetHints":{"allow":["GET"]}}],"collection":[{"href":"https:\/\/bergers-schlagerparadies.de\/index.php?rest_route=\/wp\/v2\/posts"}],"about":[{"href":"https:\/\/bergers-schlagerparadies.de\/index.php?rest_route=\/wp\/v2\/types\/post"}],"author":[{"embeddable":true,"href":"https:\/\/bergers-schlagerparadies.de\/index.php?rest_route=\/wp\/v2\/users\/1"}],"replies":[{"embeddable":true,"href":"https:\/\/bergers-schlagerparadies.de\/index.php?rest_route=%2Fwp%2Fv2%2Fcomments&post=17516"}],"version-history":[{"count":1,"href":"https:\/\/bergers-schlagerparadies.de\/index.php?rest_route=\/wp\/v2\/posts\/17516\/revisions"}],"predecessor-version":[{"id":17519,"href":"https:\/\/bergers-schlagerparadies.de\/index.php?rest_route=\/wp\/v2\/posts\/17516\/revisions\/17519"}],"wp:featuredmedia":[{"embeddable":true,"href":"https:\/\/bergers-schlagerparadies.de\/index.php?rest_route=\/wp\/v2\/media\/17518"}],"wp:attachment":[{"href":"https:\/\/bergers-schlagerparadies.de\/index.php?rest_route=%2Fwp%2Fv2%2Fmedia&parent=17516"}],"wp:term":[{"taxonomy":"category","embeddable":true,"href":"https:\/\/bergers-schlagerparadies.de\/index.php?rest_route=%2Fwp%2Fv2%2Fcategories&post=17516"},{"taxonomy":"post_tag","embeddable":true,"href":"https:\/\/bergers-schlagerparadies.de\/index.php?rest_route=%2Fwp%2Fv2%2Ftags&post=17516"}],"curies":[{"name":"wp","href":"https:\/\/api.w.org\/{rel}","templated":true}]}}