{"id":17481,"date":"2023-05-01T10:30:09","date_gmt":"2023-05-01T08:30:09","guid":{"rendered":"https:\/\/bergers-schlagerparadies.de\/?p=17481"},"modified":"2023-04-30T19:52:32","modified_gmt":"2023-04-30T17:52:32","slug":"mo-torres-heute-war-alles-besser-%c2%b7-bergers-schlagerparadies","status":"publish","type":"post","link":"https:\/\/bergers-schlagerparadies.de\/?p=17481","title":{"rendered":"Mo-Torres &#8211; Heute war alles besser \u00b7 Berger\u00b4s Schlagerparadies"},"content":{"rendered":"<p><img loading=\"lazy\" decoding=\"async\" class=\"size-medium wp-image-17483 alignleft\" src=\"https:\/\/bergers-schlagerparadies.de\/wp-content\/uploads\/2023\/04\/Mo-Torres-Heute-war-alles-besser-300x300.jpg\" alt=\"\" width=\"300\" height=\"300\" srcset=\"https:\/\/bergers-schlagerparadies.de\/wp-content\/uploads\/2023\/04\/Mo-Torres-Heute-war-alles-besser-300x300.jpg 300w, https:\/\/bergers-schlagerparadies.de\/wp-content\/uploads\/2023\/04\/Mo-Torres-Heute-war-alles-besser-1024x1024.jpg 1024w, https:\/\/bergers-schlagerparadies.de\/wp-content\/uploads\/2023\/04\/Mo-Torres-Heute-war-alles-besser-150x150.jpg 150w, https:\/\/bergers-schlagerparadies.de\/wp-content\/uploads\/2023\/04\/Mo-Torres-Heute-war-alles-besser-768x768.jpg 768w, https:\/\/bergers-schlagerparadies.de\/wp-content\/uploads\/2023\/04\/Mo-Torres-Heute-war-alles-besser-1188x1188.jpg 1188w, https:\/\/bergers-schlagerparadies.de\/wp-content\/uploads\/2023\/04\/Mo-Torres-Heute-war-alles-besser-100x100.jpg 100w, https:\/\/bergers-schlagerparadies.de\/wp-content\/uploads\/2023\/04\/Mo-Torres-Heute-war-alles-besser.jpg 1200w\" sizes=\"auto, (max-width: 300px) 100vw, 300px\" \/>Mit &#8222;Heute war alles besser&#8220; ver\u00f6ffentlicht Mo-Torres den Titelsong seines neuen Albums, das am 11.08.2023 \u00fcber Universal Music \/ Chapter One in Zusammenarbeit mit seinem eigenen Label USMVEEDEL erscheint. Bei dem Titelsong geht es deutlich positiver und fr\u00f6hlicher zu Werke als noch bei der ersten Single &#8222;60 Minuten&#8220;, bei der sich Mo-Torres mit Mental Health besch\u00e4ftigt. Nun blickt Mo positiv auf das Hier und Jetzt, und zwar entgegen dem Sprichwort &#8222;Fr\u00fcher war alles besser&#8220;. So zeigte Mo-Torres auf seinen Social Media Kan\u00e4len zum Beispiel den Vergleich zwischen seinen alten und aktuellen Musikvideos oder Konzerten in der Corona-Zeit vor Autos vs. &#8222;Heute&#8220; in vollen Hallen oder gro\u00dfen Open Airs.<\/p>\n<p><span style=\"color: #800000;\"><strong>Quelle: USMVEEDEL<\/strong><\/span><\/p>\n<p><span style=\"color: #800000;\"><strong>Dieser Song ist ab dem 28.04.2023 in allen bekannten Onlineshops erh\u00e4ltlich!<\/strong><\/span><\/p>\n<p><span style=\"color: #800000;\"><strong>Airdate (f\u00fcr Radiosender): 28.04.2023<\/strong><\/span><\/p>\n","protected":false},"excerpt":{"rendered":"<p>Mit &#8222;Heute war alles besser&#8220; ver\u00f6ffentlicht Mo-Torres den Titelsong seines neuen Albums, das am 11.08.2023 \u00fcber Universal Music \/ Chapter One in Zusammenarbeit mit seinem eigenen Label USMVEEDEL erscheint. Bei dem Titelsong geht es deutlich positiver und fr\u00f6hlicher zu Werke als noch bei der ersten Single &#8222;60 Minuten&#8220;, bei der sich Mo-Torres mit Mental Health besch\u00e4ftigt. Nun blickt Mo positiv auf das Hier und Jetzt, und zwar entgegen dem Sprichwort &#8222;Fr\u00fcher war alles besser&#8220;. So zeigte Mo-Torres auf seinen Social Media Kan\u00e4len zum Beispiel den Vergleich zwischen seinen alten und aktuellen Musikvideos oder Konzerten in der Corona-Zeit vor Autos vs. &#8222;Heute&#8220; in vollen Hallen oder&#8230;<\/p>\n","protected":false},"author":1,"featured_media":17483,"comment_status":"open","ping_status":"open","sticky":false,"template":"","format":"standard","meta":{"footnotes":""},"categories":[2],"tags":[1818],"class_list":["post-17481","post","type-post","status-publish","format-standard","has-post-thumbnail","hentry","category-schlager","tag-mo-torres","wpcat-2-id"],"_links":{"self":[{"href":"https:\/\/bergers-schlagerparadies.de\/index.php?rest_route=\/wp\/v2\/posts\/17481","targetHints":{"allow":["GET"]}}],"collection":[{"href":"https:\/\/bergers-schlagerparadies.de\/index.php?rest_route=\/wp\/v2\/posts"}],"about":[{"href":"https:\/\/bergers-schlagerparadies.de\/index.php?rest_route=\/wp\/v2\/types\/post"}],"author":[{"embeddable":true,"href":"https:\/\/bergers-schlagerparadies.de\/index.php?rest_route=\/wp\/v2\/users\/1"}],"replies":[{"embeddable":true,"href":"https:\/\/bergers-schlagerparadies.de\/index.php?rest_route=%2Fwp%2Fv2%2Fcomments&post=17481"}],"version-history":[{"count":1,"href":"https:\/\/bergers-schlagerparadies.de\/index.php?rest_route=\/wp\/v2\/posts\/17481\/revisions"}],"predecessor-version":[{"id":17484,"href":"https:\/\/bergers-schlagerparadies.de\/index.php?rest_route=\/wp\/v2\/posts\/17481\/revisions\/17484"}],"wp:featuredmedia":[{"embeddable":true,"href":"https:\/\/bergers-schlagerparadies.de\/index.php?rest_route=\/wp\/v2\/media\/17483"}],"wp:attachment":[{"href":"https:\/\/bergers-schlagerparadies.de\/index.php?rest_route=%2Fwp%2Fv2%2Fmedia&parent=17481"}],"wp:term":[{"taxonomy":"category","embeddable":true,"href":"https:\/\/bergers-schlagerparadies.de\/index.php?rest_route=%2Fwp%2Fv2%2Fcategories&post=17481"},{"taxonomy":"post_tag","embeddable":true,"href":"https:\/\/bergers-schlagerparadies.de\/index.php?rest_route=%2Fwp%2Fv2%2Ftags&post=17481"}],"curies":[{"name":"wp","href":"https:\/\/api.w.org\/{rel}","templated":true}]}}