{"id":17471,"date":"2023-05-01T10:30:21","date_gmt":"2023-05-01T08:30:21","guid":{"rendered":"https:\/\/bergers-schlagerparadies.de\/?p=17471"},"modified":"2023-04-30T19:15:25","modified_gmt":"2023-04-30T17:15:25","slug":"thomas-sterner-schlagerlieder-%c2%b7-bergers-schlagerparadies","status":"publish","type":"post","link":"https:\/\/bergers-schlagerparadies.de\/?p=17471","title":{"rendered":"Thomas Sterner &#8211; Schlagerlieder \u00b7 Berger\u00b4s Schlagerparadies"},"content":{"rendered":"<p><img loading=\"lazy\" decoding=\"async\" class=\"size-medium wp-image-17473 alignleft\" src=\"https:\/\/bergers-schlagerparadies.de\/wp-content\/uploads\/2023\/04\/Thomas-Sterner-Schlagerlieder-300x300.jpg\" alt=\"\" width=\"300\" height=\"300\" srcset=\"https:\/\/bergers-schlagerparadies.de\/wp-content\/uploads\/2023\/04\/Thomas-Sterner-Schlagerlieder-300x300.jpg 300w, https:\/\/bergers-schlagerparadies.de\/wp-content\/uploads\/2023\/04\/Thomas-Sterner-Schlagerlieder-150x150.jpg 150w, https:\/\/bergers-schlagerparadies.de\/wp-content\/uploads\/2023\/04\/Thomas-Sterner-Schlagerlieder-768x768.jpg 768w, https:\/\/bergers-schlagerparadies.de\/wp-content\/uploads\/2023\/04\/Thomas-Sterner-Schlagerlieder-100x100.jpg 100w, https:\/\/bergers-schlagerparadies.de\/wp-content\/uploads\/2023\/04\/Thomas-Sterner-Schlagerlieder.jpg 800w\" sizes=\"auto, (max-width: 300px) 100vw, 300px\" \/>\u201eEine Hommage an den Schlager\u201c<\/p>\n<p>So abgedroschen es sich auch liest: Thomas ist mit dem Schlager gro\u00df geworden!<br \/>\nRoy Black, Heino, Mireille Mathieu, J\u00fcrgen Drews, Bata Illic, etc. Die Gr\u00f6\u00dfen seiner Kindheit haben Thomas gepr\u00e4gt. \u201eDie ZDF-Hitparade war Teil des Samstagabend Programms\u201c, erinnert sich Thomas. Wie bei den meisten, die in den 60ern geboren sind.<\/p>\n<p>Auch bei einigen Auftritten begleiteten in seine Lieblingsschlager schon.<br \/>\nIm Jahr 1989 der Auftritt in der Vereinskneipe seines Fu\u00dfballvereins: Thomas sang \u201eCalifornia Blue\u201c von seinem damaligen Lieblingss\u00e4nger Roy Black. Noch heute, wird Thomas von der damaligen Wirtin Christa Koch auf diesen Auftritt angesprochen: \u201eWei\u00dft du noch \u2026?\u201c , hei\u00dft es gleich im ersten Satz.<\/p>\n<p>1995, diesmal im Rahmen einer Mannschaftsfeier im Gartenh\u00e4uschen seines damaligen Trainers Willi Siepmann, wieder ein Auftritt: Diesmal \u201eGanz in wei\u00df\u201c. von Roy Black. Thomas bekam eine Woche sp\u00e4ter vom Vereinspr\u00e4sidenten eine Goldene Vinylplatte, auf einer orangenen Pappe geklebt, geschenkt. \u00dcber der Platte ein goldenes Schild mit der Gravur:<\/p>\n<p>Danke Roy<br \/>\n100.000<\/p>\n<p>Der Schlager zieht sich durch Thomas Leben, bis heute. Mit \u201eSchlagerlieder\u201c ist es Thomas gelungen viele Lieder in einem Song zu vereinen. \u201eSchlager verbindet, Schlager schafft Leichtigkeit. Gerade in diesen besonderen Zeiten ist Abschalten vom Alltag ein wichtiges Instrument, um die Herausforderungen, die an uns gestellt werden, anzunehmen und zu h\u00e4ndeln\u201c, wei\u00df Thomas.<\/p>\n<p>Und so lebt Thomas mit der Ver\u00f6ffentlichung seines zweiten Songs \u201eSchlagerlieder\u201c seinen Traum weiter.<\/p>\n<p><span style=\"color: #800000;\"><strong>Quelle: Fiesta Records<\/strong><\/span><\/p>\n<p><span style=\"color: #800000;\"><strong>Dieser Song ist ab dem 05.05.2023 in allen bekannten Onlineshops erh\u00e4ltlich!<\/strong><\/span><\/p>\n<p><span style=\"color: #800000;\"><strong>Airdate (f\u00fcr Radiosender): 29.04.2023<\/strong><\/span><\/p>\n","protected":false},"excerpt":{"rendered":"<p>\u201eEine Hommage an den Schlager\u201c So abgedroschen es sich auch liest: Thomas ist mit dem Schlager gro\u00df geworden! Roy Black, Heino, Mireille Mathieu, J\u00fcrgen Drews, Bata Illic, etc. Die Gr\u00f6\u00dfen seiner Kindheit haben Thomas gepr\u00e4gt. \u201eDie ZDF-Hitparade war Teil des Samstagabend Programms\u201c, erinnert sich Thomas. Wie bei den meisten, die in den 60ern geboren sind. Auch bei einigen Auftritten begleiteten in seine Lieblingsschlager schon. Im Jahr 1989 der Auftritt in der Vereinskneipe seines Fu\u00dfballvereins: Thomas sang \u201eCalifornia Blue\u201c von seinem damaligen Lieblingss\u00e4nger Roy Black. Noch heute, wird Thomas von der damaligen Wirtin Christa Koch auf diesen Auftritt angesprochen: \u201eWei\u00dft du noch \u2026?\u201c , hei\u00dft es&#8230;<\/p>\n","protected":false},"author":1,"featured_media":17473,"comment_status":"open","ping_status":"open","sticky":false,"template":"","format":"standard","meta":{"footnotes":""},"categories":[2],"tags":[1816],"class_list":["post-17471","post","type-post","status-publish","format-standard","has-post-thumbnail","hentry","category-schlager","tag-thomas-sterner-schlagerlieder","wpcat-2-id"],"_links":{"self":[{"href":"https:\/\/bergers-schlagerparadies.de\/index.php?rest_route=\/wp\/v2\/posts\/17471","targetHints":{"allow":["GET"]}}],"collection":[{"href":"https:\/\/bergers-schlagerparadies.de\/index.php?rest_route=\/wp\/v2\/posts"}],"about":[{"href":"https:\/\/bergers-schlagerparadies.de\/index.php?rest_route=\/wp\/v2\/types\/post"}],"author":[{"embeddable":true,"href":"https:\/\/bergers-schlagerparadies.de\/index.php?rest_route=\/wp\/v2\/users\/1"}],"replies":[{"embeddable":true,"href":"https:\/\/bergers-schlagerparadies.de\/index.php?rest_route=%2Fwp%2Fv2%2Fcomments&post=17471"}],"version-history":[{"count":1,"href":"https:\/\/bergers-schlagerparadies.de\/index.php?rest_route=\/wp\/v2\/posts\/17471\/revisions"}],"predecessor-version":[{"id":17474,"href":"https:\/\/bergers-schlagerparadies.de\/index.php?rest_route=\/wp\/v2\/posts\/17471\/revisions\/17474"}],"wp:featuredmedia":[{"embeddable":true,"href":"https:\/\/bergers-schlagerparadies.de\/index.php?rest_route=\/wp\/v2\/media\/17473"}],"wp:attachment":[{"href":"https:\/\/bergers-schlagerparadies.de\/index.php?rest_route=%2Fwp%2Fv2%2Fmedia&parent=17471"}],"wp:term":[{"taxonomy":"category","embeddable":true,"href":"https:\/\/bergers-schlagerparadies.de\/index.php?rest_route=%2Fwp%2Fv2%2Fcategories&post=17471"},{"taxonomy":"post_tag","embeddable":true,"href":"https:\/\/bergers-schlagerparadies.de\/index.php?rest_route=%2Fwp%2Fv2%2Ftags&post=17471"}],"curies":[{"name":"wp","href":"https:\/\/api.w.org\/{rel}","templated":true}]}}