{"id":17381,"date":"2023-04-28T14:14:58","date_gmt":"2023-04-28T12:14:58","guid":{"rendered":"https:\/\/bergers-schlagerparadies.de\/?p=17381"},"modified":"2023-04-28T14:14:58","modified_gmt":"2023-04-28T12:14:58","slug":"adam-ulanicki-airplanes-%c2%b7-bergers-schlagerparadies","status":"publish","type":"post","link":"https:\/\/bergers-schlagerparadies.de\/?p=17381","title":{"rendered":"Adam Ulanicki &#8211; Airplanes \u00b7 Berger\u00b4s Schlagerparadies"},"content":{"rendered":"<p><img loading=\"lazy\" decoding=\"async\" class=\"size-medium wp-image-17384 alignleft\" src=\"https:\/\/bergers-schlagerparadies.de\/wp-content\/uploads\/2023\/04\/Adam-Ulanicki-Airplanes-300x300.jpg\" alt=\"\" width=\"300\" height=\"300\" srcset=\"https:\/\/bergers-schlagerparadies.de\/wp-content\/uploads\/2023\/04\/Adam-Ulanicki-Airplanes-300x300.jpg 300w, https:\/\/bergers-schlagerparadies.de\/wp-content\/uploads\/2023\/04\/Adam-Ulanicki-Airplanes-1024x1024.jpg 1024w, https:\/\/bergers-schlagerparadies.de\/wp-content\/uploads\/2023\/04\/Adam-Ulanicki-Airplanes-150x150.jpg 150w, https:\/\/bergers-schlagerparadies.de\/wp-content\/uploads\/2023\/04\/Adam-Ulanicki-Airplanes-768x768.jpg 768w, https:\/\/bergers-schlagerparadies.de\/wp-content\/uploads\/2023\/04\/Adam-Ulanicki-Airplanes-1188x1188.jpg 1188w, https:\/\/bergers-schlagerparadies.de\/wp-content\/uploads\/2023\/04\/Adam-Ulanicki-Airplanes-100x100.jpg 100w, https:\/\/bergers-schlagerparadies.de\/wp-content\/uploads\/2023\/04\/Adam-Ulanicki-Airplanes.jpg 1200w\" sizes=\"auto, (max-width: 300px) 100vw, 300px\" \/>Die 20-j\u00e4hrige virale Sensation Adam UIanicki hinterlie\u00df 2021 mit seinem Originalsound f\u00fcr &#8222;Some Say&#8220; auf TikTok einen ziemlichen Eindruck, der innerhalb k\u00fcrzester Zeit mehr als 120k Kreationen z\u00e4hlte, doch dann wurde es pl\u00f6tzlich still um Adam, der sich k\u00fcrzlich als Transgender-Mann outete. Sein Comeback in den sozialen Netzwerken, in dem er seine Geschichte erkl\u00e4rte, wurde innerhalb eines Tages 200k Mal aufgerufen. Nach der Ver\u00f6ffentlichung eines beeindruckenden Duetts mit sich selbst, ver\u00f6ffentlicht Adam seine neue Single &#8222;Airplanes&#8220;, die seine Stimme vor und nach der Transition zeigt.<\/p>\n<p><span style=\"color: #800000;\"><strong>Quelle: SMD\/ Columbia<\/strong><\/span><\/p>\n<p><span style=\"color: #800000;\"><strong>Dieser Song ist ab dem 28.04.2023 in allen bekannten Onlineshops erh\u00e4ltlich!<\/strong><\/span><\/p>\n<p><span style=\"color: #800000;\"><strong>Airdate (f\u00fcr Radiosender): 28.04.2023<\/strong><\/span><\/p>\n","protected":false},"excerpt":{"rendered":"<p>Die 20-j\u00e4hrige virale Sensation Adam UIanicki hinterlie\u00df 2021 mit seinem Originalsound f\u00fcr &#8222;Some Say&#8220; auf TikTok einen ziemlichen Eindruck, der innerhalb k\u00fcrzester Zeit mehr als 120k Kreationen z\u00e4hlte, doch dann wurde es pl\u00f6tzlich still um Adam, der sich k\u00fcrzlich als Transgender-Mann outete. Sein Comeback in den sozialen Netzwerken, in dem er seine Geschichte erkl\u00e4rte, wurde innerhalb eines Tages 200k Mal aufgerufen. Nach der Ver\u00f6ffentlichung eines beeindruckenden Duetts mit sich selbst, ver\u00f6ffentlicht Adam seine neue Single &#8222;Airplanes&#8220;, die seine Stimme vor und nach der Transition zeigt. Quelle: SMD\/ Columbia Dieser Song ist ab dem 28.04.2023 in allen bekannten Onlineshops erh\u00e4ltlich! Airdate (f\u00fcr Radiosender): 28.04.2023<\/p>\n","protected":false},"author":1,"featured_media":17384,"comment_status":"open","ping_status":"open","sticky":false,"template":"","format":"standard","meta":{"footnotes":""},"categories":[2],"tags":[1808],"class_list":["post-17381","post","type-post","status-publish","format-standard","has-post-thumbnail","hentry","category-schlager","tag-adam-ulanicki","wpcat-2-id"],"_links":{"self":[{"href":"https:\/\/bergers-schlagerparadies.de\/index.php?rest_route=\/wp\/v2\/posts\/17381","targetHints":{"allow":["GET"]}}],"collection":[{"href":"https:\/\/bergers-schlagerparadies.de\/index.php?rest_route=\/wp\/v2\/posts"}],"about":[{"href":"https:\/\/bergers-schlagerparadies.de\/index.php?rest_route=\/wp\/v2\/types\/post"}],"author":[{"embeddable":true,"href":"https:\/\/bergers-schlagerparadies.de\/index.php?rest_route=\/wp\/v2\/users\/1"}],"replies":[{"embeddable":true,"href":"https:\/\/bergers-schlagerparadies.de\/index.php?rest_route=%2Fwp%2Fv2%2Fcomments&post=17381"}],"version-history":[{"count":1,"href":"https:\/\/bergers-schlagerparadies.de\/index.php?rest_route=\/wp\/v2\/posts\/17381\/revisions"}],"predecessor-version":[{"id":17385,"href":"https:\/\/bergers-schlagerparadies.de\/index.php?rest_route=\/wp\/v2\/posts\/17381\/revisions\/17385"}],"wp:featuredmedia":[{"embeddable":true,"href":"https:\/\/bergers-schlagerparadies.de\/index.php?rest_route=\/wp\/v2\/media\/17384"}],"wp:attachment":[{"href":"https:\/\/bergers-schlagerparadies.de\/index.php?rest_route=%2Fwp%2Fv2%2Fmedia&parent=17381"}],"wp:term":[{"taxonomy":"category","embeddable":true,"href":"https:\/\/bergers-schlagerparadies.de\/index.php?rest_route=%2Fwp%2Fv2%2Fcategories&post=17381"},{"taxonomy":"post_tag","embeddable":true,"href":"https:\/\/bergers-schlagerparadies.de\/index.php?rest_route=%2Fwp%2Fv2%2Ftags&post=17381"}],"curies":[{"name":"wp","href":"https:\/\/api.w.org\/{rel}","templated":true}]}}