{"id":17215,"date":"2023-04-24T10:30:44","date_gmt":"2023-04-24T08:30:44","guid":{"rendered":"https:\/\/bergers-schlagerparadies.de\/?p=17215"},"modified":"2023-04-24T21:24:24","modified_gmt":"2023-04-24T19:24:24","slug":"matthias-roedder-ich-will-mich-verlieben-%c2%b7-bergers-schlagerparadies","status":"publish","type":"post","link":"https:\/\/bergers-schlagerparadies.de\/?p=17215","title":{"rendered":"Matthias R\u00f6dder &#8211; Ich will mich verlieben \u00b7 Berger\u00b4s Schlagerparadies"},"content":{"rendered":"<p><img loading=\"lazy\" decoding=\"async\" class=\"alignnone size-medium wp-image-17217\" src=\"https:\/\/bergers-schlagerparadies.de\/wp-content\/uploads\/2023\/04\/Matthias-Roedder-Ich-will-mich-verlieben.jpg\" alt=\"\" width=\"1\" height=\"1\" \/><img loading=\"lazy\" decoding=\"async\" class=\"alignnone size-medium wp-image-17217\" src=\"https:\/\/bergers-schlagerparadies.de\/wp-content\/uploads\/2023\/04\/Matthias-Roedder-Ich-will-mich-verlieben.jpg\" alt=\"\" width=\"1\" height=\"1\" \/><img loading=\"lazy\" decoding=\"async\" class=\"alignnone size-medium wp-image-17217\" src=\"https:\/\/bergers-schlagerparadies.de\/wp-content\/uploads\/2023\/04\/Matthias-Roedder-Ich-will-mich-verlieben.jpg\" alt=\"\" width=\"1\" height=\"1\" \/><img loading=\"lazy\" decoding=\"async\" class=\"alignnone size-medium wp-image-17217\" src=\"https:\/\/bergers-schlagerparadies.de\/wp-content\/uploads\/2023\/04\/Matthias-Roedder-Ich-will-mich-verlieben.jpg\" alt=\"\" width=\"1\" height=\"1\" \/><img loading=\"lazy\" decoding=\"async\" class=\"size-medium wp-image-17332 alignleft\" src=\"https:\/\/bergers-schlagerparadies.de\/wp-content\/uploads\/2023\/04\/Matthias-Roedder-Ich-will-mich-verlieben-300x300.jpg\" alt=\"\" width=\"300\" height=\"300\" srcset=\"https:\/\/bergers-schlagerparadies.de\/wp-content\/uploads\/2023\/04\/Matthias-Roedder-Ich-will-mich-verlieben-300x300.jpg 300w, https:\/\/bergers-schlagerparadies.de\/wp-content\/uploads\/2023\/04\/Matthias-Roedder-Ich-will-mich-verlieben-1024x1024.jpg 1024w, https:\/\/bergers-schlagerparadies.de\/wp-content\/uploads\/2023\/04\/Matthias-Roedder-Ich-will-mich-verlieben-150x150.jpg 150w, https:\/\/bergers-schlagerparadies.de\/wp-content\/uploads\/2023\/04\/Matthias-Roedder-Ich-will-mich-verlieben-768x768.jpg 768w, https:\/\/bergers-schlagerparadies.de\/wp-content\/uploads\/2023\/04\/Matthias-Roedder-Ich-will-mich-verlieben-1536x1536.jpg 1536w, https:\/\/bergers-schlagerparadies.de\/wp-content\/uploads\/2023\/04\/Matthias-Roedder-Ich-will-mich-verlieben-1200x1200.jpg 1200w, https:\/\/bergers-schlagerparadies.de\/wp-content\/uploads\/2023\/04\/Matthias-Roedder-Ich-will-mich-verlieben-1188x1188.jpg 1188w, https:\/\/bergers-schlagerparadies.de\/wp-content\/uploads\/2023\/04\/Matthias-Roedder-Ich-will-mich-verlieben-100x100.jpg 100w, https:\/\/bergers-schlagerparadies.de\/wp-content\/uploads\/2023\/04\/Matthias-Roedder-Ich-will-mich-verlieben.jpg 2000w\" sizes=\"auto, (max-width: 300px) 100vw, 300px\" \/><img loading=\"lazy\" decoding=\"async\" class=\"alignnone size-medium wp-image-17217\" src=\"https:\/\/bergers-schlagerparadies.de\/wp-content\/uploads\/2023\/04\/Matthias-Roedder-Ich-will-mich-verlieben.jpg\" alt=\"\" width=\"1\" height=\"1\" \/>Gedanken und Gef\u00fchle in Worte zu fassen geh\u00f6rt zu Matthias R\u00f6dders gro\u00dfen St\u00e4rken als S\u00e4nger und Songwriter. Dabei verarbeitet er auch unbequeme Themen, die so selten zu finden sind. \u201eIch will mich verlieben\u201c, die aktuelle Single des sympathischen K\u00f6lners, besch\u00e4ftigt sich mit dem Wunsch nach Liebe, nachdem man diese aus den Augen verloren hat. Matthias R\u00f6dder untermalt den Song mit einer gelungenen Komposition, die durch ruhige Melodien besticht, um im Refrain in kraftvolle Akkorde mit pr\u00e4gnantem Schlagzeug zu kulminieren. Die musikalische Umsetzung unterstreicht die Textzeilen sanft und \u00fcberzeugend, ohne dabei von deren Inhalt abzulenken.<\/p>\n<p>Die Produktion ist in erneuter Zusammenarbeit mit Erfolgsproduzent Thomas Rosenfeld entstanden, der Matthias R\u00f6dder seit Jahren mit seinem umfangreichen Knowhow begleitet. Gemeinsam haben sie mit \u201eIch will mich verlieben\u201c einen kraftvollen Schlagersong kreiert, der tief ins Ohr geht und lange verweilt.<\/p>\n<p><span style=\"color: #800000;\"><strong>Quelle: Osnaton Records<\/strong><\/span><\/p>\n<p><span style=\"color: #800000;\"><strong>Dieser Song ist ab dem 28.04.2023 in allen bekannten Onlineshops erh\u00e4ltlich!<\/strong><\/span><\/p>\n<p><span style=\"color: #800000;\"><strong>Airdate (f\u00fcr Radiosender): 28.04.2023<\/strong><\/span><\/p>\n","protected":false},"excerpt":{"rendered":"<p>Gedanken und Gef\u00fchle in Worte zu fassen geh\u00f6rt zu Matthias R\u00f6dders gro\u00dfen St\u00e4rken als S\u00e4nger und Songwriter. Dabei verarbeitet er auch unbequeme Themen, die so selten zu finden sind. \u201eIch will mich verlieben\u201c, die aktuelle Single des sympathischen K\u00f6lners, besch\u00e4ftigt sich mit dem Wunsch nach Liebe, nachdem man diese aus den Augen verloren hat. Matthias R\u00f6dder untermalt den Song mit einer gelungenen Komposition, die durch ruhige Melodien besticht, um im Refrain in kraftvolle Akkorde mit pr\u00e4gnantem Schlagzeug zu kulminieren. Die musikalische Umsetzung unterstreicht die Textzeilen sanft und \u00fcberzeugend, ohne dabei von deren Inhalt abzulenken. Die Produktion ist in erneuter Zusammenarbeit mit Erfolgsproduzent Thomas Rosenfeld entstanden,&#8230;<\/p>\n","protected":false},"author":1,"featured_media":17332,"comment_status":"open","ping_status":"open","sticky":false,"template":"","format":"standard","meta":{"footnotes":""},"categories":[2],"tags":[1230],"class_list":["post-17215","post","type-post","status-publish","format-standard","has-post-thumbnail","hentry","category-schlager","tag-matthias-roedder","wpcat-2-id"],"_links":{"self":[{"href":"https:\/\/bergers-schlagerparadies.de\/index.php?rest_route=\/wp\/v2\/posts\/17215","targetHints":{"allow":["GET"]}}],"collection":[{"href":"https:\/\/bergers-schlagerparadies.de\/index.php?rest_route=\/wp\/v2\/posts"}],"about":[{"href":"https:\/\/bergers-schlagerparadies.de\/index.php?rest_route=\/wp\/v2\/types\/post"}],"author":[{"embeddable":true,"href":"https:\/\/bergers-schlagerparadies.de\/index.php?rest_route=\/wp\/v2\/users\/1"}],"replies":[{"embeddable":true,"href":"https:\/\/bergers-schlagerparadies.de\/index.php?rest_route=%2Fwp%2Fv2%2Fcomments&post=17215"}],"version-history":[{"count":6,"href":"https:\/\/bergers-schlagerparadies.de\/index.php?rest_route=\/wp\/v2\/posts\/17215\/revisions"}],"predecessor-version":[{"id":17333,"href":"https:\/\/bergers-schlagerparadies.de\/index.php?rest_route=\/wp\/v2\/posts\/17215\/revisions\/17333"}],"wp:featuredmedia":[{"embeddable":true,"href":"https:\/\/bergers-schlagerparadies.de\/index.php?rest_route=\/wp\/v2\/media\/17332"}],"wp:attachment":[{"href":"https:\/\/bergers-schlagerparadies.de\/index.php?rest_route=%2Fwp%2Fv2%2Fmedia&parent=17215"}],"wp:term":[{"taxonomy":"category","embeddable":true,"href":"https:\/\/bergers-schlagerparadies.de\/index.php?rest_route=%2Fwp%2Fv2%2Fcategories&post=17215"},{"taxonomy":"post_tag","embeddable":true,"href":"https:\/\/bergers-schlagerparadies.de\/index.php?rest_route=%2Fwp%2Fv2%2Ftags&post=17215"}],"curies":[{"name":"wp","href":"https:\/\/api.w.org\/{rel}","templated":true}]}}