{"id":17041,"date":"2023-04-13T21:36:13","date_gmt":"2023-04-13T19:36:13","guid":{"rendered":"https:\/\/bergers-schlagerparadies.de\/?p=17041"},"modified":"2023-04-13T21:36:13","modified_gmt":"2023-04-13T19:36:13","slug":"acarina-raus-aus-meinen-traeumen-%c2%b7-bergers-schlagerparadies","status":"publish","type":"post","link":"https:\/\/bergers-schlagerparadies.de\/?p=17041","title":{"rendered":"Acarina &#8211; Raus aus meinen Tr\u00e4umen \u00b7 Berger\u00b4s Schlagerparadies"},"content":{"rendered":"<p><img loading=\"lazy\" decoding=\"async\" class=\"size-medium wp-image-17043 alignleft\" src=\"https:\/\/bergers-schlagerparadies.de\/wp-content\/uploads\/2023\/04\/Acarina-Raus-aus-meinen-Traeumen-300x300.jpg\" alt=\"\" width=\"300\" height=\"300\" srcset=\"https:\/\/bergers-schlagerparadies.de\/wp-content\/uploads\/2023\/04\/Acarina-Raus-aus-meinen-Traeumen-300x300.jpg 300w, https:\/\/bergers-schlagerparadies.de\/wp-content\/uploads\/2023\/04\/Acarina-Raus-aus-meinen-Traeumen-1024x1024.jpg 1024w, https:\/\/bergers-schlagerparadies.de\/wp-content\/uploads\/2023\/04\/Acarina-Raus-aus-meinen-Traeumen-150x150.jpg 150w, https:\/\/bergers-schlagerparadies.de\/wp-content\/uploads\/2023\/04\/Acarina-Raus-aus-meinen-Traeumen-768x768.jpg 768w, https:\/\/bergers-schlagerparadies.de\/wp-content\/uploads\/2023\/04\/Acarina-Raus-aus-meinen-Traeumen-1536x1536.jpg 1536w, https:\/\/bergers-schlagerparadies.de\/wp-content\/uploads\/2023\/04\/Acarina-Raus-aus-meinen-Traeumen-2048x2048.jpg 2048w, https:\/\/bergers-schlagerparadies.de\/wp-content\/uploads\/2023\/04\/Acarina-Raus-aus-meinen-Traeumen-1200x1200.jpg 1200w, https:\/\/bergers-schlagerparadies.de\/wp-content\/uploads\/2023\/04\/Acarina-Raus-aus-meinen-Traeumen-1188x1188.jpg 1188w, https:\/\/bergers-schlagerparadies.de\/wp-content\/uploads\/2023\/04\/Acarina-Raus-aus-meinen-Traeumen-100x100.jpg 100w\" sizes=\"auto, (max-width: 300px) 100vw, 300px\" \/>Der emotionale Schlager &#8222;Raus aus meinen Tr\u00e4umen&#8220; ist voller Sehnsucht und soll die Herzen und W\u00fcnsche der Schlagerfans erreichen. Wer hat noch nicht davon getr\u00e4umt, den angebeteten Menschen einmal ganz nah bei sich zu haben und sch\u00f6ne, prickelnde Stunden miteinander zu verbringen? &#8222;Edle Prinzen sind ja gut und sch\u00f6n, doch ich will dich ohne Umhang sehen&#8220; &#8211; ganz sch\u00f6n verf\u00e4nglich bzw. Klartext, was Acarina hier singt. Sie ist ja auch wirklich alt genug, um nicht mehr G\u00e4nsebl\u00fcmchen streuen zu m\u00fcssen. Im November dieses Jahres gibt es Acarina Version 4.0 und genau jetzt schenkt die \u00f6sterreichische S\u00e4ngerin sich und den Fans ein wunderbares Album &#8211; nat\u00fcrlich im Acarina-Style. &#8222;The \u00d6sigirl Way of Schlager&#8220; wird es hei\u00dfen und eine tolle Mischung aus Schlager und \u00d6si-Party sein. Dennoch l\u00e4sst sich Acarina nicht auf die &#8222;Heimatfilm\u00f6sterreicherin, die jodelt&#8220; beschr\u00e4nken. Der deutsche Schlager und all seine Facetten stehen ihr mindestens so gut wie Party, Austropop und tiefgr\u00fcndige Balladen, die sehr oft sogar aus ihrer eigenen Feder stammen. Als Musikmanagerin und A&amp;R von Mike&#8217;s Music Media hat sie wesentlich mehr mit dem Schlager zu tun als die meisten K\u00fcnstler. Regelm\u00e4\u00dfig unterh\u00e4lt Acarina das TV-Publikum: SAT1, Sonnenklar.TV, Schlagerparadies.TV, Melodie TV, FOLX TV, ORF,usw. Acarina ist regelm\u00e4\u00dfig mit ihren Musikvideos oder als Gast in diversen Shows zu sehen. Was jetzt? Musikmanagerin oder K\u00fcnstlerin? &#8222;Ich lasse mich weder in eine Form pressen noch lasse ich mir ein einseitiges Image aufdr\u00fccken. Ich bin nun mal Mama, Ehefrau, K\u00fcnstlerin, Gesch\u00e4ftsfrau und \u00d6sigirl, und gerade weil ich die B\u00fchne und das &#8218;Dahinter&#8216; kenne, bin ich f\u00fcr meine Fans und f\u00fcr meine K\u00fcnstler eine authentische Ansprechpartnerin. Sich hinter einer Homepage zu verstecken, k\u00e4me f\u00fcr mich nicht in Frage. Ich brauche den Kontakt zu Menschen und meinem Publikum.&#8220; Apropos Musikvideo und Ehefrau: Mit wem soll denn eine verheiratete Schlagers\u00e4ngerin ein prickelndes Musikvideo drehen? So ist es &#8211; Mike van Summeren \u00fcberl\u00e4sst das nat\u00fcrlich keinem Schauspieler, also unbedingt auch das Musikvideo genie\u00dfen. Auch 2023 stehen wieder zahlreiche Auftritte an, bei denen Acarina nat\u00fcrlich die Songs vom neuen Album im Gep\u00e4ck hat. Die &#8222;The \u00d6sigirl Way of Schlager-Tour&#8220; wird im Juni fortgesetzt.<\/p>\n<p><span style=\"color: #800000;\"><strong>Quelle: mikes-music-records<\/strong><\/span><\/p>\n<p><span style=\"color: #800000;\"><strong>Dieser Song ist ab dem 14.04.2023 in allen bekannten Onlineshops erh\u00e4ltlich!<\/strong><\/span><\/p>\n<p><span style=\"color: #800000;\"><strong>Airdate (f\u00fcr Radiosender): 12.04.2023<\/strong><\/span><\/p>\n","protected":false},"excerpt":{"rendered":"<p>Der emotionale Schlager &#8222;Raus aus meinen Tr\u00e4umen&#8220; ist voller Sehnsucht und soll die Herzen und W\u00fcnsche der Schlagerfans erreichen. Wer hat noch nicht davon getr\u00e4umt, den angebeteten Menschen einmal ganz nah bei sich zu haben und sch\u00f6ne, prickelnde Stunden miteinander zu verbringen? &#8222;Edle Prinzen sind ja gut und sch\u00f6n, doch ich will dich ohne Umhang sehen&#8220; &#8211; ganz sch\u00f6n verf\u00e4nglich bzw. Klartext, was Acarina hier singt. Sie ist ja auch wirklich alt genug, um nicht mehr G\u00e4nsebl\u00fcmchen streuen zu m\u00fcssen. Im November dieses Jahres gibt es Acarina Version 4.0 und genau jetzt schenkt die \u00f6sterreichische S\u00e4ngerin sich und den Fans ein wunderbares Album &#8211; nat\u00fcrlich&#8230;<\/p>\n","protected":false},"author":1,"featured_media":17043,"comment_status":"open","ping_status":"open","sticky":false,"template":"","format":"standard","meta":{"footnotes":""},"categories":[2],"tags":[153],"class_list":["post-17041","post","type-post","status-publish","format-standard","has-post-thumbnail","hentry","category-schlager","tag-acarina","wpcat-2-id"],"_links":{"self":[{"href":"https:\/\/bergers-schlagerparadies.de\/index.php?rest_route=\/wp\/v2\/posts\/17041","targetHints":{"allow":["GET"]}}],"collection":[{"href":"https:\/\/bergers-schlagerparadies.de\/index.php?rest_route=\/wp\/v2\/posts"}],"about":[{"href":"https:\/\/bergers-schlagerparadies.de\/index.php?rest_route=\/wp\/v2\/types\/post"}],"author":[{"embeddable":true,"href":"https:\/\/bergers-schlagerparadies.de\/index.php?rest_route=\/wp\/v2\/users\/1"}],"replies":[{"embeddable":true,"href":"https:\/\/bergers-schlagerparadies.de\/index.php?rest_route=%2Fwp%2Fv2%2Fcomments&post=17041"}],"version-history":[{"count":1,"href":"https:\/\/bergers-schlagerparadies.de\/index.php?rest_route=\/wp\/v2\/posts\/17041\/revisions"}],"predecessor-version":[{"id":17044,"href":"https:\/\/bergers-schlagerparadies.de\/index.php?rest_route=\/wp\/v2\/posts\/17041\/revisions\/17044"}],"wp:featuredmedia":[{"embeddable":true,"href":"https:\/\/bergers-schlagerparadies.de\/index.php?rest_route=\/wp\/v2\/media\/17043"}],"wp:attachment":[{"href":"https:\/\/bergers-schlagerparadies.de\/index.php?rest_route=%2Fwp%2Fv2%2Fmedia&parent=17041"}],"wp:term":[{"taxonomy":"category","embeddable":true,"href":"https:\/\/bergers-schlagerparadies.de\/index.php?rest_route=%2Fwp%2Fv2%2Fcategories&post=17041"},{"taxonomy":"post_tag","embeddable":true,"href":"https:\/\/bergers-schlagerparadies.de\/index.php?rest_route=%2Fwp%2Fv2%2Ftags&post=17041"}],"curies":[{"name":"wp","href":"https:\/\/api.w.org\/{rel}","templated":true}]}}