{"id":16971,"date":"2023-04-07T16:50:35","date_gmt":"2023-04-07T14:50:35","guid":{"rendered":"https:\/\/bergers-schlagerparadies.de\/?p=16971"},"modified":"2023-04-07T16:52:15","modified_gmt":"2023-04-07T14:52:15","slug":"bernd-cluever-50-jahre-der-junge-mit-der-mundharmonika-album-%c2%b7-bergers-schlagerparadies","status":"publish","type":"post","link":"https:\/\/bergers-schlagerparadies.de\/?p=16971","title":{"rendered":"BERND CL\u00dcVER &#8211; 50 JAHRE DER JUNGE MIT DER MUNDHARMONIKA (Album) \u00b7 Berger\u00b4s Schlagerparadies"},"content":{"rendered":"<div class=\"x1e56ztr\"><span class=\"x193iq5w xeuugli x13faqbe x1vvkbs x1xmvt09 x6prxxf xvq8zen xo1l8bm xzsf02u\"><img loading=\"lazy\" decoding=\"async\" class=\"size-medium wp-image-16973 alignleft\" src=\"https:\/\/bergers-schlagerparadies.de\/wp-content\/uploads\/2023\/04\/BERND-CLUeVER-50-JAHRE-DER-JUNGE-MIT-DER-MUNDHARMONIKA-Album-300x298.jpg\" alt=\"\" width=\"300\" height=\"298\" srcset=\"https:\/\/bergers-schlagerparadies.de\/wp-content\/uploads\/2023\/04\/BERND-CLUeVER-50-JAHRE-DER-JUNGE-MIT-DER-MUNDHARMONIKA-Album-300x298.jpg 300w, https:\/\/bergers-schlagerparadies.de\/wp-content\/uploads\/2023\/04\/BERND-CLUeVER-50-JAHRE-DER-JUNGE-MIT-DER-MUNDHARMONIKA-Album-150x150.jpg 150w, https:\/\/bergers-schlagerparadies.de\/wp-content\/uploads\/2023\/04\/BERND-CLUeVER-50-JAHRE-DER-JUNGE-MIT-DER-MUNDHARMONIKA-Album-768x762.jpg 768w, https:\/\/bergers-schlagerparadies.de\/wp-content\/uploads\/2023\/04\/BERND-CLUeVER-50-JAHRE-DER-JUNGE-MIT-DER-MUNDHARMONIKA-Album-100x100.jpg 100w, https:\/\/bergers-schlagerparadies.de\/wp-content\/uploads\/2023\/04\/BERND-CLUeVER-50-JAHRE-DER-JUNGE-MIT-DER-MUNDHARMONIKA-Album.jpg 843w\" sizes=\"auto, (max-width: 300px) 100vw, 300px\" \/>Diese einzigartige Sammlung feiert 50 Jahre unvergessliche Musik des Erfolgss\u00e4ngers Bernd Cl\u00fcver. Benannt nach seinem Erfolgshit \u201eDer Junge mit der Mundharmonika\u201c bekannt aus dem Jahr 1973, zelebrieren diese 2 CDs seine bekanntesten und gef\u00fchlvollsten Nummern \u2013 von den fr\u00fchen Hits bis hin zu seinen sp\u00e4teren Werken.<\/span><\/div>\n<div class=\"x1e56ztr\"><span class=\"x193iq5w xeuugli x13faqbe x1vvkbs x1xmvt09 x6prxxf xvq8zen xo1l8bm xzsf02u\">Unter anderem in enger Zusammenarbeit mit Peter Orloff entstanden Weltklasse Hits, wovon direkt die erste gemeinsame Nummer, \u201eSie kommt wieder\u201c, in der ZDF-Hitparade landete. Mit den Titeln \u201eDer Junge mit der Mundharmonika\u201c und \u201eDer kleine Prinz\u201c war sein Erfolg dann unangefochten.<\/span><\/div>\n<div class=\"x1e56ztr\"><span class=\"x193iq5w xeuugli x13faqbe x1vvkbs x1xmvt09 x6prxxf xvq8zen xo1l8bm xzsf02u\">Aus heutiger Sicht betrachtet, war Bernd Cl\u00fcver seiner Zeit weit voraus. Entgegen der Ratschl\u00e4ge seines Umfeldes, ver\u00f6ffentlichte er 1976 mit \u201eMike und sein Freund\u201c die Liebesgeschichte eines gleichgeschlechtlichen P\u00e4rchens, die nicht zusammen leben durften. Obwohl die Thematik heutzutage gl\u00fccklicherweise in gro\u00dfen Teilen der Gesellschaft entsch\u00e4rft ist, war sie f\u00fcr Bernd Cl\u00fcver einschneidend in seiner Karriere. Aber er machte seine Musik stets entsprechend seiner Gef\u00fchle und lie\u00df sich von niemanden reinreden.<\/span><\/div>\n<div class=\"x1e56ztr\"><span class=\"x193iq5w xeuugli x13faqbe x1vvkbs x1xmvt09 x6prxxf xvq8zen xo1l8bm xzsf02u\">Auch in vielen seiner anderen Songs ist das zentrale Thema die Liebe. \u201eManchmal m\u00f6chte ich schon mit dir\u201c, \u201eDich hat der Himmel geschickt\u201c, \u201eDas Tor zum Garten der Tr\u00e4ume\u201c oder \u201eLass uns zu den Sternen fliegen\u201c lassen die Zuh\u00f6rer tr\u00e4umen.\u201c Mit \u201ePoseidons Heere\u201c und \u201eK\u00f6nigin der Nacht\u201c sind auch zwei weitere Erfolgsklassiker mit dabei.<\/span><\/div>\n<div class=\"x1e56ztr\"><span class=\"x193iq5w xeuugli x13faqbe x1vvkbs x1xmvt09 x6prxxf xvq8zen xo1l8bm xzsf02u\">Das sind die gr\u00f6\u00dften Erfolge und sch\u00f6nsten Lieder des 2011 verstorbenen Schlagerk\u00fcnstlers auf 2 CDs mit allen wichtigen Stationen seiner Karriere!<\/span><\/div>\n<div class=\"x1e56ztr\"><span class=\"x193iq5w xeuugli x13faqbe x1vvkbs x1xmvt09 x6prxxf xvq8zen xo1l8bm xzsf02u\">50 Jahre Der Junge mit der Mundharmonika erscheint am 07.04.2023 bei TELAMO.<\/span><\/div>\n<div><\/div>\n<div><span style=\"color: #800000;\"><strong>Quelle: Telamo<\/strong><\/span><\/div>\n<div><\/div>\n<div>\n<p><span style=\"color: #800000;\"><strong>Dieses Album ist ab dem 07.04.2023 in allen bekannten Onlineshops erh\u00e4ltlich!<\/strong><\/span><\/p>\n<p><span style=\"color: #800000;\"><strong>Airdate (f\u00fcr Radiosender): 07.04.2023<\/strong><\/span><\/p>\n<\/div>\n","protected":false},"excerpt":{"rendered":"<p>Diese einzigartige Sammlung feiert 50 Jahre unvergessliche Musik des Erfolgss\u00e4ngers Bernd Cl\u00fcver. Benannt nach seinem Erfolgshit \u201eDer Junge mit der Mundharmonika\u201c bekannt aus dem Jahr 1973, zelebrieren diese 2 CDs seine bekanntesten und gef\u00fchlvollsten Nummern \u2013 von den fr\u00fchen Hits bis hin zu seinen sp\u00e4teren Werken. Unter anderem in enger Zusammenarbeit mit Peter Orloff entstanden Weltklasse Hits, wovon direkt die erste gemeinsame Nummer, \u201eSie kommt wieder\u201c, in der ZDF-Hitparade landete. Mit den Titeln \u201eDer Junge mit der Mundharmonika\u201c und \u201eDer kleine Prinz\u201c war sein Erfolg dann unangefochten. Aus heutiger Sicht betrachtet, war Bernd Cl\u00fcver seiner Zeit weit voraus. Entgegen der Ratschl\u00e4ge seines Umfeldes, ver\u00f6ffentlichte er&#8230;<\/p>\n","protected":false},"author":1,"featured_media":16973,"comment_status":"open","ping_status":"open","sticky":false,"template":"","format":"standard","meta":{"footnotes":""},"categories":[2],"tags":[1771],"class_list":["post-16971","post","type-post","status-publish","format-standard","has-post-thumbnail","hentry","category-schlager","tag-bernd-cluever","wpcat-2-id"],"_links":{"self":[{"href":"https:\/\/bergers-schlagerparadies.de\/index.php?rest_route=\/wp\/v2\/posts\/16971","targetHints":{"allow":["GET"]}}],"collection":[{"href":"https:\/\/bergers-schlagerparadies.de\/index.php?rest_route=\/wp\/v2\/posts"}],"about":[{"href":"https:\/\/bergers-schlagerparadies.de\/index.php?rest_route=\/wp\/v2\/types\/post"}],"author":[{"embeddable":true,"href":"https:\/\/bergers-schlagerparadies.de\/index.php?rest_route=\/wp\/v2\/users\/1"}],"replies":[{"embeddable":true,"href":"https:\/\/bergers-schlagerparadies.de\/index.php?rest_route=%2Fwp%2Fv2%2Fcomments&post=16971"}],"version-history":[{"count":2,"href":"https:\/\/bergers-schlagerparadies.de\/index.php?rest_route=\/wp\/v2\/posts\/16971\/revisions"}],"predecessor-version":[{"id":16976,"href":"https:\/\/bergers-schlagerparadies.de\/index.php?rest_route=\/wp\/v2\/posts\/16971\/revisions\/16976"}],"wp:featuredmedia":[{"embeddable":true,"href":"https:\/\/bergers-schlagerparadies.de\/index.php?rest_route=\/wp\/v2\/media\/16973"}],"wp:attachment":[{"href":"https:\/\/bergers-schlagerparadies.de\/index.php?rest_route=%2Fwp%2Fv2%2Fmedia&parent=16971"}],"wp:term":[{"taxonomy":"category","embeddable":true,"href":"https:\/\/bergers-schlagerparadies.de\/index.php?rest_route=%2Fwp%2Fv2%2Fcategories&post=16971"},{"taxonomy":"post_tag","embeddable":true,"href":"https:\/\/bergers-schlagerparadies.de\/index.php?rest_route=%2Fwp%2Fv2%2Ftags&post=16971"}],"curies":[{"name":"wp","href":"https:\/\/api.w.org\/{rel}","templated":true}]}}