{"id":16939,"date":"2023-04-07T12:11:50","date_gmt":"2023-04-07T10:11:50","guid":{"rendered":"https:\/\/bergers-schlagerparadies.de\/?p=16939"},"modified":"2023-04-07T12:13:43","modified_gmt":"2023-04-07T10:13:43","slug":"antje-klann-halte-dich-an-deinen-traeumen-fest-%c2%b7-bergers-schlagerparadies","status":"publish","type":"post","link":"https:\/\/bergers-schlagerparadies.de\/?p=16939","title":{"rendered":"Antje Klann &#8211; Halte dich an deinen Tr\u00e4umen fest \u00b7 Berger\u00b4s Schlagerparadies"},"content":{"rendered":"<p><img loading=\"lazy\" decoding=\"async\" class=\"wp-image-16941 alignleft\" src=\"https:\/\/bergers-schlagerparadies.de\/wp-content\/uploads\/2023\/04\/Antje-Klann-Halte-dich-an-deinen-Traeumen-fest.jpg\" alt=\"\" width=\"332\" height=\"332\" \/>Blo\u00df keinen Zweifel zulassen, taff sein, keine Schw\u00e4che zeigen \u2013 Ja wir kennen sie doch alle, diese schlaflosen N\u00e4chte und mutlosen Tage, an denen uns nichts gelingen und locker von der Hand gehen will:<\/p>\n<p>\u201e\u2026 voller Zweifel und zugleich voller Mut \u2013 doch irgendetwas sagt dir, du bist nicht gut genug!\u201c<\/p>\n<p>Viele Menschen denken das von sich. Dabei steckt so viel mehr in uns, als wir uns tr\u00e4umen lassen!<\/p>\n<p>\u201eManchmal habe ich das Gef\u00fchl, ich bin nicht gut genug, gebe mehr als 100 % und zerrei\u00dfe mich zwischen Job und Familie. Man m\u00f6chte seinem kompletten Umfeld gerecht werden und wird dabei das Gef\u00fchl nicht los, das irgendwo etwas auf der Strecke bleibt.\u201c Dabei kann es so einfach sein, den Schalter umzulegen.<\/p>\n<p>Seitdem Antje Klann ihren Traum lebt und einfach etwas wagt, ohne sich im was w\u00e4re, wenn zu verlieren, hat sie ihre Balance gefunden.<\/p>\n<p>Tr\u00e4ume haben ihre eigenen Ma\u00dfst\u00e4be, m\u00f6chten nicht auf sp\u00e4ter verschoben, sondern gelebt werden. Komposition &amp; Text von Hubert Molander, Christoph Leis-Bendorff, Armin Pertl spiegeln sich wider, der Song strebt nach oben, mit einer Stimme: leichtf\u00fc\u00dfig, melodisch, positiv! Das Arrangement f\u00fcgt sich kraft- und gef\u00fchlvoll zusammen, mit dem Blick nach vorn \u2013 f\u00fcr alle ganz besonderen Frauen und f\u00fcr alle Menschen, die sich von ihren Tr\u00e4umen verzaubern und leiten lassen, als Fundament und Horizont ihrer eigenen, weiten Welt.<\/p>\n<p>\u201eIch bin nicht gut genug\u201c, diesen Satz hat jeder schon einmal gedacht. Antje Klann singt ihn befreit und selbstbewusst heraus, nimmt mit diesem Song ihr Selbstbewusstsein an die Hand.<br \/>\nDas Single-Deb\u00fct \u201eWas w\u00e4re wenn\u201c der gestandenen Bernauerin in den Vierzigern hat die Top20 der Airplay Charts erobert, blieb \u00fcber Wochen standhaft in den Charts und hat mit dem Videoclip aus der hannoverschen Filmschmiede aus sich heraus die 150 000 Klicks bei YouTube geknackt.<\/p>\n<p>Im Mai vor einem Jahr die erste Single, jetzt die dritte zum Fr\u00fchlingsbeginn\u2026 Antje Klann geht ihren Weg, lebt ihren Traum mit einem weiteren Hitanw\u00e4rter, das ersehnte Album reift. Was der Sommer wohl bringt \u2026?<br \/>\nHalte Dich an Deinen Tr\u00e4umen fest!<\/p>\n<p><span style=\"color: #800000;\"><strong>Quelle: Telamo<\/strong><\/span><\/p>\n<p><span style=\"color: #800000;\"><strong>Dieser Song ist ab dem 07.04.2023 in allen bekannten Onlineshops erh\u00e4ltlich!<\/strong><\/span><\/p>\n<p><span style=\"color: #800000;\"><strong>Airdate (f\u00fcr Radiosender): 07.04.2023<\/strong><\/span><\/p>\n","protected":false},"excerpt":{"rendered":"<p>Blo\u00df keinen Zweifel zulassen, taff sein, keine Schw\u00e4che zeigen \u2013 Ja wir kennen sie doch alle, diese schlaflosen N\u00e4chte und mutlosen Tage, an denen uns nichts gelingen und locker von der Hand gehen will: \u201e\u2026 voller Zweifel und zugleich voller Mut \u2013 doch irgendetwas sagt dir, du bist nicht gut genug!\u201c Viele Menschen denken das von sich. Dabei steckt so viel mehr in uns, als wir uns tr\u00e4umen lassen! \u201eManchmal habe ich das Gef\u00fchl, ich bin nicht gut genug, gebe mehr als 100 % und zerrei\u00dfe mich zwischen Job und Familie. Man m\u00f6chte seinem kompletten Umfeld gerecht werden und wird dabei das Gef\u00fchl nicht los,&#8230;<\/p>\n","protected":false},"author":1,"featured_media":16941,"comment_status":"open","ping_status":"open","sticky":false,"template":"","format":"standard","meta":{"footnotes":""},"categories":[2],"tags":[1320],"class_list":["post-16939","post","type-post","status-publish","format-standard","has-post-thumbnail","hentry","category-schlager","tag-antje-klann","wpcat-2-id"],"_links":{"self":[{"href":"https:\/\/bergers-schlagerparadies.de\/index.php?rest_route=\/wp\/v2\/posts\/16939","targetHints":{"allow":["GET"]}}],"collection":[{"href":"https:\/\/bergers-schlagerparadies.de\/index.php?rest_route=\/wp\/v2\/posts"}],"about":[{"href":"https:\/\/bergers-schlagerparadies.de\/index.php?rest_route=\/wp\/v2\/types\/post"}],"author":[{"embeddable":true,"href":"https:\/\/bergers-schlagerparadies.de\/index.php?rest_route=\/wp\/v2\/users\/1"}],"replies":[{"embeddable":true,"href":"https:\/\/bergers-schlagerparadies.de\/index.php?rest_route=%2Fwp%2Fv2%2Fcomments&post=16939"}],"version-history":[{"count":3,"href":"https:\/\/bergers-schlagerparadies.de\/index.php?rest_route=\/wp\/v2\/posts\/16939\/revisions"}],"predecessor-version":[{"id":16944,"href":"https:\/\/bergers-schlagerparadies.de\/index.php?rest_route=\/wp\/v2\/posts\/16939\/revisions\/16944"}],"wp:featuredmedia":[{"embeddable":true,"href":"https:\/\/bergers-schlagerparadies.de\/index.php?rest_route=\/wp\/v2\/media\/16941"}],"wp:attachment":[{"href":"https:\/\/bergers-schlagerparadies.de\/index.php?rest_route=%2Fwp%2Fv2%2Fmedia&parent=16939"}],"wp:term":[{"taxonomy":"category","embeddable":true,"href":"https:\/\/bergers-schlagerparadies.de\/index.php?rest_route=%2Fwp%2Fv2%2Fcategories&post=16939"},{"taxonomy":"post_tag","embeddable":true,"href":"https:\/\/bergers-schlagerparadies.de\/index.php?rest_route=%2Fwp%2Fv2%2Ftags&post=16939"}],"curies":[{"name":"wp","href":"https:\/\/api.w.org\/{rel}","templated":true}]}}