{"id":16909,"date":"2023-04-07T11:20:52","date_gmt":"2023-04-07T09:20:52","guid":{"rendered":"https:\/\/bergers-schlagerparadies.de\/?p=16909"},"modified":"2023-04-07T11:20:52","modified_gmt":"2023-04-07T09:20:52","slug":"marko-abend-alles-ausser-still-album-%c2%b7-bergers-schlagerparadies","status":"publish","type":"post","link":"https:\/\/bergers-schlagerparadies.de\/?p=16909","title":{"rendered":"Marko Abend &#8211; Alles ausser Still (Album) \u00b7 Berger\u00b4s Schlagerparadies"},"content":{"rendered":"<p><img loading=\"lazy\" decoding=\"async\" class=\"size-medium wp-image-16911 alignleft\" src=\"https:\/\/bergers-schlagerparadies.de\/wp-content\/uploads\/2023\/04\/Marko-Abend-Alles-ausser-Still-Album-300x300.jpg\" alt=\"\" width=\"300\" height=\"300\" srcset=\"https:\/\/bergers-schlagerparadies.de\/wp-content\/uploads\/2023\/04\/Marko-Abend-Alles-ausser-Still-Album-300x300.jpg 300w, https:\/\/bergers-schlagerparadies.de\/wp-content\/uploads\/2023\/04\/Marko-Abend-Alles-ausser-Still-Album-1024x1024.jpg 1024w, https:\/\/bergers-schlagerparadies.de\/wp-content\/uploads\/2023\/04\/Marko-Abend-Alles-ausser-Still-Album-150x150.jpg 150w, https:\/\/bergers-schlagerparadies.de\/wp-content\/uploads\/2023\/04\/Marko-Abend-Alles-ausser-Still-Album-768x768.jpg 768w, https:\/\/bergers-schlagerparadies.de\/wp-content\/uploads\/2023\/04\/Marko-Abend-Alles-ausser-Still-Album-1536x1536.jpg 1536w, https:\/\/bergers-schlagerparadies.de\/wp-content\/uploads\/2023\/04\/Marko-Abend-Alles-ausser-Still-Album-2048x2048.jpg 2048w, https:\/\/bergers-schlagerparadies.de\/wp-content\/uploads\/2023\/04\/Marko-Abend-Alles-ausser-Still-Album-1200x1200.jpg 1200w, https:\/\/bergers-schlagerparadies.de\/wp-content\/uploads\/2023\/04\/Marko-Abend-Alles-ausser-Still-Album-1188x1188.jpg 1188w, https:\/\/bergers-schlagerparadies.de\/wp-content\/uploads\/2023\/04\/Marko-Abend-Alles-ausser-Still-Album-100x100.jpg 100w\" sizes=\"auto, (max-width: 300px) 100vw, 300px\" \/>Eine unerwartete Reise geht weiter&#8230;<\/p>\n<p>Was als Spa\u00df mit einem Song begonnen hat, ger\u00e4t immer mehr in Bewegung.<br \/>\nAls eine Online-Community Ende 2021 einen Song forderte und Marko Abend dem Wunsch nachkam, ging es bei ihm in k\u00fcrzester Zeit in Richtung Schlagerb\u00fchne und Charts.<br \/>\nMittlerweile gilt Marko Abend als \u201eDie raue Stimme des Nordens\u201c und ver\u00f6ffentlicht nun nach nur 18<br \/>\nMonaten im Schlagergesch\u00e4ft, in Zusammenarbeit mit Top Seven Musikproduktion und Fiesta<br \/>\nRecords, dieses erste Album \u201eAlles ausser Still\u201c.<\/p>\n<p>Auf seinem Deb\u00fctalbum finden sich neben seinen bisherigen Erfolgen auch zwei brandneue Tracks sowie diverse Remixe auf dem Hause \u201eNur So!\u201c und des \u00f6sterreichischen Remixers \u201eCesaro Deejay\u201c. Als kleines Highlight d\u00fcrfen sich die H\u00f6rer zudem \u00fcber einen \u201eUltimate Fox Mix\u201c freuen, der in Zusammenarbeit mit TSM entstanden ist.<\/p>\n<p>Und die Reise geht weiter\u2026<\/p>\n<p><span style=\"color: #800000;\"><strong>Quelle: Fiesta Records<\/strong><\/span><\/p>\n<p><span style=\"color: #800000;\"><strong>Dieser Song ist ab dem 14.04.2023 in allen bekannten Onlineshops erh\u00e4ltlich!<\/strong><\/span><\/p>\n<p><span style=\"color: #800000;\"><strong>Airdate (f\u00fcr Radiosender): 07.04.2023<\/strong><\/span><\/p>\n","protected":false},"excerpt":{"rendered":"<p>Eine unerwartete Reise geht weiter&#8230; Was als Spa\u00df mit einem Song begonnen hat, ger\u00e4t immer mehr in Bewegung. Als eine Online-Community Ende 2021 einen Song forderte und Marko Abend dem Wunsch nachkam, ging es bei ihm in k\u00fcrzester Zeit in Richtung Schlagerb\u00fchne und Charts. Mittlerweile gilt Marko Abend als \u201eDie raue Stimme des Nordens\u201c und ver\u00f6ffentlicht nun nach nur 18 Monaten im Schlagergesch\u00e4ft, in Zusammenarbeit mit Top Seven Musikproduktion und Fiesta Records, dieses erste Album \u201eAlles ausser Still\u201c. Auf seinem Deb\u00fctalbum finden sich neben seinen bisherigen Erfolgen auch zwei brandneue Tracks sowie diverse Remixe auf dem Hause \u201eNur So!\u201c und des \u00f6sterreichischen Remixers \u201eCesaro Deejay\u201c&#8230;.<\/p>\n","protected":false},"author":1,"featured_media":16911,"comment_status":"open","ping_status":"open","sticky":false,"template":"","format":"standard","meta":{"footnotes":""},"categories":[2],"tags":[1088],"class_list":["post-16909","post","type-post","status-publish","format-standard","has-post-thumbnail","hentry","category-schlager","tag-marko-abend","wpcat-2-id"],"_links":{"self":[{"href":"https:\/\/bergers-schlagerparadies.de\/index.php?rest_route=\/wp\/v2\/posts\/16909","targetHints":{"allow":["GET"]}}],"collection":[{"href":"https:\/\/bergers-schlagerparadies.de\/index.php?rest_route=\/wp\/v2\/posts"}],"about":[{"href":"https:\/\/bergers-schlagerparadies.de\/index.php?rest_route=\/wp\/v2\/types\/post"}],"author":[{"embeddable":true,"href":"https:\/\/bergers-schlagerparadies.de\/index.php?rest_route=\/wp\/v2\/users\/1"}],"replies":[{"embeddable":true,"href":"https:\/\/bergers-schlagerparadies.de\/index.php?rest_route=%2Fwp%2Fv2%2Fcomments&post=16909"}],"version-history":[{"count":1,"href":"https:\/\/bergers-schlagerparadies.de\/index.php?rest_route=\/wp\/v2\/posts\/16909\/revisions"}],"predecessor-version":[{"id":16912,"href":"https:\/\/bergers-schlagerparadies.de\/index.php?rest_route=\/wp\/v2\/posts\/16909\/revisions\/16912"}],"wp:featuredmedia":[{"embeddable":true,"href":"https:\/\/bergers-schlagerparadies.de\/index.php?rest_route=\/wp\/v2\/media\/16911"}],"wp:attachment":[{"href":"https:\/\/bergers-schlagerparadies.de\/index.php?rest_route=%2Fwp%2Fv2%2Fmedia&parent=16909"}],"wp:term":[{"taxonomy":"category","embeddable":true,"href":"https:\/\/bergers-schlagerparadies.de\/index.php?rest_route=%2Fwp%2Fv2%2Fcategories&post=16909"},{"taxonomy":"post_tag","embeddable":true,"href":"https:\/\/bergers-schlagerparadies.de\/index.php?rest_route=%2Fwp%2Fv2%2Ftags&post=16909"}],"curies":[{"name":"wp","href":"https:\/\/api.w.org\/{rel}","templated":true}]}}