{"id":16852,"date":"2023-04-10T10:30:13","date_gmt":"2023-04-10T08:30:13","guid":{"rendered":"https:\/\/bergers-schlagerparadies.de\/?p=16852"},"modified":"2023-04-04T11:44:26","modified_gmt":"2023-04-04T09:44:26","slug":"paso-doble-dem-himmel-sei-dank-%c2%b7-bergers-schlagerparadies","status":"publish","type":"post","link":"https:\/\/bergers-schlagerparadies.de\/?p=16852","title":{"rendered":"Paso Doble &#8211; Dem Himmel sei Dank \u00b7 Berger\u00b4s Schlagerparadies"},"content":{"rendered":"<p><img loading=\"lazy\" decoding=\"async\" class=\"size-medium wp-image-16854 alignleft\" src=\"https:\/\/bergers-schlagerparadies.de\/wp-content\/uploads\/2023\/04\/Paso-Doble-Dem-Himmel-sei-Dank-300x300.jpg\" alt=\"\" width=\"300\" height=\"300\" srcset=\"https:\/\/bergers-schlagerparadies.de\/wp-content\/uploads\/2023\/04\/Paso-Doble-Dem-Himmel-sei-Dank-300x300.jpg 300w, https:\/\/bergers-schlagerparadies.de\/wp-content\/uploads\/2023\/04\/Paso-Doble-Dem-Himmel-sei-Dank-1024x1024.jpg 1024w, https:\/\/bergers-schlagerparadies.de\/wp-content\/uploads\/2023\/04\/Paso-Doble-Dem-Himmel-sei-Dank-150x150.jpg 150w, https:\/\/bergers-schlagerparadies.de\/wp-content\/uploads\/2023\/04\/Paso-Doble-Dem-Himmel-sei-Dank-768x768.jpg 768w, https:\/\/bergers-schlagerparadies.de\/wp-content\/uploads\/2023\/04\/Paso-Doble-Dem-Himmel-sei-Dank-1200x1200.jpg 1200w, https:\/\/bergers-schlagerparadies.de\/wp-content\/uploads\/2023\/04\/Paso-Doble-Dem-Himmel-sei-Dank-1188x1188.jpg 1188w, https:\/\/bergers-schlagerparadies.de\/wp-content\/uploads\/2023\/04\/Paso-Doble-Dem-Himmel-sei-Dank-100x100.jpg 100w, https:\/\/bergers-schlagerparadies.de\/wp-content\/uploads\/2023\/04\/Paso-Doble-Dem-Himmel-sei-Dank.jpg 1440w\" sizes=\"auto, (max-width: 300px) 100vw, 300px\" \/>&#8211; \u201eDEM HIMMEL SEI DANK\u201c &#8211;<br \/>\nEin neuer Song zum Doppeljubil\u00e4um: 40 Jahre PASO DOBLE und 44 Jahre Liebe!<br \/>\nPassend zu ihrem Jubeljahr 2023 pr\u00e4sentieren Rale und Frank den n\u00e4chsten ganz pers\u00f6nlichen Song aus ihrer Reihe der Liebes-Songs. Von der gro\u00dfen Liebe tr\u00e4umt wohl ein jeder von uns, und dieser Song strahlt diese Dankbarkeit aus, die man f\u00fchlen kann, wenn es einem verg\u00f6nnt ist, seine gro\u00dfe Liebe zu treffen und vor allen Dingen auch zu erkennen. Auch dieses neue Werk von Rale und Frank hat absolut Hitpotential!<\/p>\n<p>&nbsp;<\/p>\n<p><span style=\"color: #800000;\"><strong>Quelle: Paso Doble Musik<\/strong><\/span><\/p>\n<p><span style=\"color: #800000;\"><strong>Dieser Song ist ab dem 11.04.2023 in allen bekannten Onlineshops erh\u00e4ltlich!<\/strong><\/span><\/p>\n<p><span style=\"color: #800000;\"><strong>Airdate (f\u00fcr Radiosender): 11.04.2023<\/strong><\/span><\/p>\n","protected":false},"excerpt":{"rendered":"<p>&#8211; \u201eDEM HIMMEL SEI DANK\u201c &#8211; Ein neuer Song zum Doppeljubil\u00e4um: 40 Jahre PASO DOBLE und 44 Jahre Liebe! Passend zu ihrem Jubeljahr 2023 pr\u00e4sentieren Rale und Frank den n\u00e4chsten ganz pers\u00f6nlichen Song aus ihrer Reihe der Liebes-Songs. Von der gro\u00dfen Liebe tr\u00e4umt wohl ein jeder von uns, und dieser Song strahlt diese Dankbarkeit aus, die man f\u00fchlen kann, wenn es einem verg\u00f6nnt ist, seine gro\u00dfe Liebe zu treffen und vor allen Dingen auch zu erkennen. Auch dieses neue Werk von Rale und Frank hat absolut Hitpotential! &nbsp; Quelle: Paso Doble Musik Dieser Song ist ab dem 11.04.2023 in allen bekannten Onlineshops erh\u00e4ltlich! Airdate (f\u00fcr&#8230;<\/p>\n","protected":false},"author":1,"featured_media":16854,"comment_status":"open","ping_status":"open","sticky":false,"template":"","format":"standard","meta":{"footnotes":""},"categories":[2],"tags":[1650],"class_list":["post-16852","post","type-post","status-publish","format-standard","has-post-thumbnail","hentry","category-schlager","tag-paso-doble","wpcat-2-id"],"_links":{"self":[{"href":"https:\/\/bergers-schlagerparadies.de\/index.php?rest_route=\/wp\/v2\/posts\/16852","targetHints":{"allow":["GET"]}}],"collection":[{"href":"https:\/\/bergers-schlagerparadies.de\/index.php?rest_route=\/wp\/v2\/posts"}],"about":[{"href":"https:\/\/bergers-schlagerparadies.de\/index.php?rest_route=\/wp\/v2\/types\/post"}],"author":[{"embeddable":true,"href":"https:\/\/bergers-schlagerparadies.de\/index.php?rest_route=\/wp\/v2\/users\/1"}],"replies":[{"embeddable":true,"href":"https:\/\/bergers-schlagerparadies.de\/index.php?rest_route=%2Fwp%2Fv2%2Fcomments&post=16852"}],"version-history":[{"count":1,"href":"https:\/\/bergers-schlagerparadies.de\/index.php?rest_route=\/wp\/v2\/posts\/16852\/revisions"}],"predecessor-version":[{"id":16855,"href":"https:\/\/bergers-schlagerparadies.de\/index.php?rest_route=\/wp\/v2\/posts\/16852\/revisions\/16855"}],"wp:featuredmedia":[{"embeddable":true,"href":"https:\/\/bergers-schlagerparadies.de\/index.php?rest_route=\/wp\/v2\/media\/16854"}],"wp:attachment":[{"href":"https:\/\/bergers-schlagerparadies.de\/index.php?rest_route=%2Fwp%2Fv2%2Fmedia&parent=16852"}],"wp:term":[{"taxonomy":"category","embeddable":true,"href":"https:\/\/bergers-schlagerparadies.de\/index.php?rest_route=%2Fwp%2Fv2%2Fcategories&post=16852"},{"taxonomy":"post_tag","embeddable":true,"href":"https:\/\/bergers-schlagerparadies.de\/index.php?rest_route=%2Fwp%2Fv2%2Ftags&post=16852"}],"curies":[{"name":"wp","href":"https:\/\/api.w.org\/{rel}","templated":true}]}}