{"id":16798,"date":"2023-03-31T14:39:45","date_gmt":"2023-03-31T12:39:45","guid":{"rendered":"https:\/\/bergers-schlagerparadies.de\/?p=16798"},"modified":"2023-03-31T14:39:45","modified_gmt":"2023-03-31T12:39:45","slug":"daniel-sommer-man-darf-doch-wohl-noch-traeumen-%c2%b7-bergers-schlagerparadies","status":"publish","type":"post","link":"https:\/\/bergers-schlagerparadies.de\/?p=16798","title":{"rendered":"Daniel Sommer &#8211; Man darf doch wohl noch tr\u00e4umen \u00b7 Berger\u00b4s Schlagerparadies"},"content":{"rendered":"<p><img loading=\"lazy\" decoding=\"async\" class=\"size-medium wp-image-16800 alignleft\" src=\"https:\/\/bergers-schlagerparadies.de\/wp-content\/uploads\/2023\/03\/Daniel-Sommer-Man-darf-doch-wohl-noch-traeumen-300x300.jpg\" alt=\"\" width=\"300\" height=\"300\" srcset=\"https:\/\/bergers-schlagerparadies.de\/wp-content\/uploads\/2023\/03\/Daniel-Sommer-Man-darf-doch-wohl-noch-traeumen-300x300.jpg 300w, https:\/\/bergers-schlagerparadies.de\/wp-content\/uploads\/2023\/03\/Daniel-Sommer-Man-darf-doch-wohl-noch-traeumen-1024x1024.jpg 1024w, https:\/\/bergers-schlagerparadies.de\/wp-content\/uploads\/2023\/03\/Daniel-Sommer-Man-darf-doch-wohl-noch-traeumen-150x150.jpg 150w, https:\/\/bergers-schlagerparadies.de\/wp-content\/uploads\/2023\/03\/Daniel-Sommer-Man-darf-doch-wohl-noch-traeumen-768x768.jpg 768w, https:\/\/bergers-schlagerparadies.de\/wp-content\/uploads\/2023\/03\/Daniel-Sommer-Man-darf-doch-wohl-noch-traeumen-1200x1200.jpg 1200w, https:\/\/bergers-schlagerparadies.de\/wp-content\/uploads\/2023\/03\/Daniel-Sommer-Man-darf-doch-wohl-noch-traeumen-1188x1188.jpg 1188w, https:\/\/bergers-schlagerparadies.de\/wp-content\/uploads\/2023\/03\/Daniel-Sommer-Man-darf-doch-wohl-noch-traeumen-100x100.jpg 100w, https:\/\/bergers-schlagerparadies.de\/wp-content\/uploads\/2023\/03\/Daniel-Sommer-Man-darf-doch-wohl-noch-traeumen.jpg 1400w\" sizes=\"auto, (max-width: 300px) 100vw, 300px\" \/>\u201eEy, das schaffst du nie\u201c, \u201eDu, das macht man nicht\u201c, \u201eDas ist nicht dein Ding\u201c, \u201eHey, das klappt doch nicht\u201c: Kommentare wie diese musste sich vermutlich jeder schon einmal anh\u00f6ren. Das gilt auch f\u00fcr Daniel Sommer, der trotz der anf\u00e4nglichen Zweifel aus seinem Umfeld immer an seinem Lebenstraum, als Musiker zu arbeiten, festgehalten hat.<\/p>\n<p>Mit gro\u00dfer Leidenschaft zur Musik und Herzblut in seiner Stimme hat er es geschafft: Heute gilt Daniel als einer der Shootingstars am Popschlager-Himmel. Die neue Single des Singer-Songwriters \u201eMan darf doch wohl noch tr\u00e4umen\u201c (V\u00d6: 31.03.2023.) ist f\u00fcr all jene, die so wie er nie den Glauben an sich und die eigene Passion verloren haben. Ein motivierender und mitrei\u00dfender Song, der beweist, dass Tr\u00e4ume wahr werden k\u00f6nnen. Aber auch ein positiv gemeinter Weckruf, dass wir alle nie aufh\u00f6ren zu tr\u00e4umen \u2013 \u201ewovon ist ganz egal\u201c, um es mit den Lyrics auszudr\u00fccken.<\/p>\n<p>Man darf doch wohl noch tr\u00e4umen. Ey, das will ich nie verlernen.<br \/>\nSolang ich meine Tr\u00e4ume hab, kann ich das Kind in mir noch h\u00f6ren.<\/p>\n<p>\u201eMan darf doch wohl noch tr\u00e4umen\u201c ist die neue Singleauskopplung aus Daniels gleichnamigem Deb\u00fctalbum, das am 26.05.23 erscheinen wird. Mit seinem Titeltrack verbreitet der D\u00fcsseldorfer genau die Lebensfreude, die seine Fans von ihm erwarten und die sich wie ein roter Faden durch das Album zieht. Der von Paul Falk, Andreas Zaron und Daniel Sommer geschriebene Song strotzt nur so vor Optimismus und Hoffnung.<\/p>\n<p>Dieser \u201eTraumwelt\u201c des S\u00e4ngers kann sich einfach niemand entziehen \u2013 auch nicht sein eigener Gro\u00dfvater, der in dem Musikvideo zu \u201eMan darf doch wohl noch tr\u00e4umen\u201c mitwirkt. Seinem Opa hat Daniel sogar einen Song auf dem Album namens \u201eWie ein Evergreen\u201c gewidmet. Der bodenst\u00e4ndige Musiker wei\u00df ganz genau: Ohne seine gro\u00dfe Familie, zu der er auch seine Produzenten und Autoren z\u00e4hlt, w\u00e4ren seine Tr\u00e4ume nicht in Erf\u00fcllung gegangen.<\/p>\n<p>Dass er heute als etablierter Songwriter f\u00fcr Superstars wie Maite Kelly (\u201eF\u00fcr Gef\u00fchle kann man nichts\u201c) und Roland Kaiser (\u201eGegen die Liebe kommt man nicht an\u201c) schreibt, ist einer dieser wahr gewordenen Tr\u00e4ume \u2013 und ein Qualit\u00e4tsnachweis obendrein. Ausgestattet mit einem Plattenvertrag beim derzeit erfolgreichsten Schlager-Label \u201eTelamo\u201c und vertreten von dem Musikmanagement \u201eKaiser &amp; Kaiser\u201c (gegr\u00fcndet von der Show-Legende Roland Kaiser und dessen Tochter Annalena), hat Daniel Sommer die Weichen f\u00fcr seine musikalische Zukunft gestellt. Sein gro\u00dfer Traum lebt immer weiter. \u201eSolang ich meine Tr\u00e4ume hab, halt ich sie fest und mach sie wahr\u201c, verspricht der leidenschaftliche Vollblutmusiker in seiner neuen Single.<\/p>\n<p>Das Album \u201eMan darf doch wohl noch tr\u00e4umen\u201c erscheint am 26.05.2023 bei TELAMO. Die gleichnamige Single am 31.03.2023.<\/p>\n<p><span style=\"color: #800000;\"><strong>Quelle: Telamo<\/strong><\/span><\/p>\n<p><span style=\"color: #800000;\"><strong>Dieser Song ist ab dem 31.03.2023 in allen bekannten Onlineshops erh\u00e4ltlich!<\/strong><\/span><\/p>\n<p><span style=\"color: #800000;\"><strong>Airdate (f\u00fcr Radiosender): 31.03.2023<\/strong><\/span><\/p>\n","protected":false},"excerpt":{"rendered":"<p>\u201eEy, das schaffst du nie\u201c, \u201eDu, das macht man nicht\u201c, \u201eDas ist nicht dein Ding\u201c, \u201eHey, das klappt doch nicht\u201c: Kommentare wie diese musste sich vermutlich jeder schon einmal anh\u00f6ren. Das gilt auch f\u00fcr Daniel Sommer, der trotz der anf\u00e4nglichen Zweifel aus seinem Umfeld immer an seinem Lebenstraum, als Musiker zu arbeiten, festgehalten hat. Mit gro\u00dfer Leidenschaft zur Musik und Herzblut in seiner Stimme hat er es geschafft: Heute gilt Daniel als einer der Shootingstars am Popschlager-Himmel. Die neue Single des Singer-Songwriters \u201eMan darf doch wohl noch tr\u00e4umen\u201c (V\u00d6: 31.03.2023.) ist f\u00fcr all jene, die so wie er nie den Glauben an sich und die&#8230;<\/p>\n","protected":false},"author":1,"featured_media":16800,"comment_status":"open","ping_status":"open","sticky":false,"template":"","format":"standard","meta":{"footnotes":""},"categories":[2],"tags":[920],"class_list":["post-16798","post","type-post","status-publish","format-standard","has-post-thumbnail","hentry","category-schlager","tag-daniel-sommer","wpcat-2-id"],"_links":{"self":[{"href":"https:\/\/bergers-schlagerparadies.de\/index.php?rest_route=\/wp\/v2\/posts\/16798","targetHints":{"allow":["GET"]}}],"collection":[{"href":"https:\/\/bergers-schlagerparadies.de\/index.php?rest_route=\/wp\/v2\/posts"}],"about":[{"href":"https:\/\/bergers-schlagerparadies.de\/index.php?rest_route=\/wp\/v2\/types\/post"}],"author":[{"embeddable":true,"href":"https:\/\/bergers-schlagerparadies.de\/index.php?rest_route=\/wp\/v2\/users\/1"}],"replies":[{"embeddable":true,"href":"https:\/\/bergers-schlagerparadies.de\/index.php?rest_route=%2Fwp%2Fv2%2Fcomments&post=16798"}],"version-history":[{"count":1,"href":"https:\/\/bergers-schlagerparadies.de\/index.php?rest_route=\/wp\/v2\/posts\/16798\/revisions"}],"predecessor-version":[{"id":16801,"href":"https:\/\/bergers-schlagerparadies.de\/index.php?rest_route=\/wp\/v2\/posts\/16798\/revisions\/16801"}],"wp:featuredmedia":[{"embeddable":true,"href":"https:\/\/bergers-schlagerparadies.de\/index.php?rest_route=\/wp\/v2\/media\/16800"}],"wp:attachment":[{"href":"https:\/\/bergers-schlagerparadies.de\/index.php?rest_route=%2Fwp%2Fv2%2Fmedia&parent=16798"}],"wp:term":[{"taxonomy":"category","embeddable":true,"href":"https:\/\/bergers-schlagerparadies.de\/index.php?rest_route=%2Fwp%2Fv2%2Fcategories&post=16798"},{"taxonomy":"post_tag","embeddable":true,"href":"https:\/\/bergers-schlagerparadies.de\/index.php?rest_route=%2Fwp%2Fv2%2Ftags&post=16798"}],"curies":[{"name":"wp","href":"https:\/\/api.w.org\/{rel}","templated":true}]}}