{"id":16658,"date":"2023-03-27T10:30:24","date_gmt":"2023-03-27T08:30:24","guid":{"rendered":"https:\/\/bergers-schlagerparadies.de\/?p=16658"},"modified":"2023-03-26T17:34:41","modified_gmt":"2023-03-26T15:34:41","slug":"frank-sprengelmeier-wunderland-album-%c2%b7-bergers-schlagerparadies","status":"publish","type":"post","link":"https:\/\/bergers-schlagerparadies.de\/?p=16658","title":{"rendered":"Frank Sprengelmeier &#8211; Wunderland (Album) \u00b7 Berger\u00b4s Schlagerparadies"},"content":{"rendered":"<p><img loading=\"lazy\" decoding=\"async\" class=\"size-medium wp-image-16660 alignleft\" src=\"https:\/\/bergers-schlagerparadies.de\/wp-content\/uploads\/2023\/03\/Frank-Sprengelmeier-Wunderland-Album-300x300.jpg\" alt=\"\" width=\"300\" height=\"300\" srcset=\"https:\/\/bergers-schlagerparadies.de\/wp-content\/uploads\/2023\/03\/Frank-Sprengelmeier-Wunderland-Album-300x300.jpg 300w, https:\/\/bergers-schlagerparadies.de\/wp-content\/uploads\/2023\/03\/Frank-Sprengelmeier-Wunderland-Album-1024x1024.jpg 1024w, https:\/\/bergers-schlagerparadies.de\/wp-content\/uploads\/2023\/03\/Frank-Sprengelmeier-Wunderland-Album-150x150.jpg 150w, https:\/\/bergers-schlagerparadies.de\/wp-content\/uploads\/2023\/03\/Frank-Sprengelmeier-Wunderland-Album-768x768.jpg 768w, https:\/\/bergers-schlagerparadies.de\/wp-content\/uploads\/2023\/03\/Frank-Sprengelmeier-Wunderland-Album-1536x1536.jpg 1536w, https:\/\/bergers-schlagerparadies.de\/wp-content\/uploads\/2023\/03\/Frank-Sprengelmeier-Wunderland-Album-2048x2048.jpg 2048w, https:\/\/bergers-schlagerparadies.de\/wp-content\/uploads\/2023\/03\/Frank-Sprengelmeier-Wunderland-Album-1200x1200.jpg 1200w, https:\/\/bergers-schlagerparadies.de\/wp-content\/uploads\/2023\/03\/Frank-Sprengelmeier-Wunderland-Album-1188x1188.jpg 1188w, https:\/\/bergers-schlagerparadies.de\/wp-content\/uploads\/2023\/03\/Frank-Sprengelmeier-Wunderland-Album-100x100.jpg 100w\" sizes=\"auto, (max-width: 300px) 100vw, 300px\" \/>\u2026es ist endlich soweit:<br \/>\nMein Deb\u00fct-Album &#8222;Wunderland&#8220; mit 11 fantastischen Songs, sowie meine Single-Auskopplung &#8222;SOS &#8211; Ich hab&#8216; Sehnsucht&#8220; erscheinen beide am Samstag, 01. April 2023 auf allen Musikplattformen !!!<br \/>\nDer PreSale startet bereits Samstag, 25. M\u00e4rz !<br \/>\nLabel: Calygram<br \/>\nLabelcode: 51344<\/p>\n<p>Ich w\u00fcrde mich riesig freuen, wenn ihr diesen ( oder gerne auch alle Songs ), mit in Euer Programm nehmt und mich in Eurer Hitparade platzieren w\u00fcrdet\u2026 Vielen lieben Dank daf\u00fcr !<\/p>\n<p>Unter folgendem Link kommt ihr auf meine Homepage, wo ihr alle Informationen \u00fcber mich und meine Musik bekommt:<br \/>\nhttps:\/\/frank-sprengelmeier.webador.de\/<\/p>\n<p>Zu meiner aktuellen Single &#8222;SOS &#8211; Ich hab&#8216; Sehnsucht&#8220; wird nat\u00fcrlich auch ein entsprechendes Musikvideo auf Youtube erscheinen:<br \/>\nhttps:\/\/youtube.com\/@franksprengelmeier2889?feature=shares<\/p>\n<p>Ich freue mich auf eine positive R\u00fcckmeldung von Euch und stehe jederzeit f\u00fcr Fragen, Interviews, etc. bereit. Kontaktiert mich einfach, unter: sprengelmeier.promotions@gmail.com<\/p>\n<p>Liebe Gr\u00fc\u00dfe und viel Spa\u00df mit meiner Musik !<br \/>\nEuer, Frank Sprengelmeier<\/p>\n<p><span style=\"color: #800000;\"><strong>Quelle: Calygram<\/strong><\/span><\/p>\n<p><span style=\"color: #800000;\"><strong>Dieses\u00a0 Album ist ab dem 01.04.2023 in allen bekannten Onlineshops erh\u00e4ltlich!<\/strong><\/span><\/p>\n<p><span style=\"color: #800000;\"><strong>Airdate (f\u00fcr Radiosender): 01.04.2023<\/strong><\/span><\/p>\n","protected":false},"excerpt":{"rendered":"<p>\u2026es ist endlich soweit: Mein Deb\u00fct-Album &#8222;Wunderland&#8220; mit 11 fantastischen Songs, sowie meine Single-Auskopplung &#8222;SOS &#8211; Ich hab&#8216; Sehnsucht&#8220; erscheinen beide am Samstag, 01. April 2023 auf allen Musikplattformen !!! Der PreSale startet bereits Samstag, 25. M\u00e4rz ! Label: Calygram Labelcode: 51344 Ich w\u00fcrde mich riesig freuen, wenn ihr diesen ( oder gerne auch alle Songs ), mit in Euer Programm nehmt und mich in Eurer Hitparade platzieren w\u00fcrdet\u2026 Vielen lieben Dank daf\u00fcr ! Unter folgendem Link kommt ihr auf meine Homepage, wo ihr alle Informationen \u00fcber mich und meine Musik bekommt: https:\/\/frank-sprengelmeier.webador.de\/ Zu meiner aktuellen Single &#8222;SOS &#8211; Ich hab&#8216; Sehnsucht&#8220; wird nat\u00fcrlich auch&#8230;<\/p>\n","protected":false},"author":1,"featured_media":16660,"comment_status":"open","ping_status":"open","sticky":false,"template":"","format":"standard","meta":{"footnotes":""},"categories":[2],"tags":[1737],"class_list":["post-16658","post","type-post","status-publish","format-standard","has-post-thumbnail","hentry","category-schlager","tag-frank-sprengelmeier","wpcat-2-id"],"_links":{"self":[{"href":"https:\/\/bergers-schlagerparadies.de\/index.php?rest_route=\/wp\/v2\/posts\/16658","targetHints":{"allow":["GET"]}}],"collection":[{"href":"https:\/\/bergers-schlagerparadies.de\/index.php?rest_route=\/wp\/v2\/posts"}],"about":[{"href":"https:\/\/bergers-schlagerparadies.de\/index.php?rest_route=\/wp\/v2\/types\/post"}],"author":[{"embeddable":true,"href":"https:\/\/bergers-schlagerparadies.de\/index.php?rest_route=\/wp\/v2\/users\/1"}],"replies":[{"embeddable":true,"href":"https:\/\/bergers-schlagerparadies.de\/index.php?rest_route=%2Fwp%2Fv2%2Fcomments&post=16658"}],"version-history":[{"count":1,"href":"https:\/\/bergers-schlagerparadies.de\/index.php?rest_route=\/wp\/v2\/posts\/16658\/revisions"}],"predecessor-version":[{"id":16661,"href":"https:\/\/bergers-schlagerparadies.de\/index.php?rest_route=\/wp\/v2\/posts\/16658\/revisions\/16661"}],"wp:featuredmedia":[{"embeddable":true,"href":"https:\/\/bergers-schlagerparadies.de\/index.php?rest_route=\/wp\/v2\/media\/16660"}],"wp:attachment":[{"href":"https:\/\/bergers-schlagerparadies.de\/index.php?rest_route=%2Fwp%2Fv2%2Fmedia&parent=16658"}],"wp:term":[{"taxonomy":"category","embeddable":true,"href":"https:\/\/bergers-schlagerparadies.de\/index.php?rest_route=%2Fwp%2Fv2%2Fcategories&post=16658"},{"taxonomy":"post_tag","embeddable":true,"href":"https:\/\/bergers-schlagerparadies.de\/index.php?rest_route=%2Fwp%2Fv2%2Ftags&post=16658"}],"curies":[{"name":"wp","href":"https:\/\/api.w.org\/{rel}","templated":true}]}}