{"id":16640,"date":"2023-03-24T16:55:27","date_gmt":"2023-03-24T15:55:27","guid":{"rendered":"https:\/\/bergers-schlagerparadies.de\/?p=16640"},"modified":"2023-03-24T16:55:27","modified_gmt":"2023-03-24T15:55:27","slug":"yve-zart-mittendrin-%c2%b7-bergers-schlagerparadies","status":"publish","type":"post","link":"https:\/\/bergers-schlagerparadies.de\/?p=16640","title":{"rendered":"Yve Zart &#8211; Mittendrin \u00b7 Berger\u00b4s Schlagerparadies"},"content":{"rendered":"<p><img loading=\"lazy\" decoding=\"async\" class=\"size-medium wp-image-16642 alignleft\" src=\"https:\/\/bergers-schlagerparadies.de\/wp-content\/uploads\/2023\/03\/Yve-Zart-Mittendrin-300x300.jpg\" alt=\"\" width=\"300\" height=\"300\" srcset=\"https:\/\/bergers-schlagerparadies.de\/wp-content\/uploads\/2023\/03\/Yve-Zart-Mittendrin-300x300.jpg 300w, https:\/\/bergers-schlagerparadies.de\/wp-content\/uploads\/2023\/03\/Yve-Zart-Mittendrin-150x150.jpg 150w, https:\/\/bergers-schlagerparadies.de\/wp-content\/uploads\/2023\/03\/Yve-Zart-Mittendrin-768x768.jpg 768w, https:\/\/bergers-schlagerparadies.de\/wp-content\/uploads\/2023\/03\/Yve-Zart-Mittendrin-100x100.jpg 100w, https:\/\/bergers-schlagerparadies.de\/wp-content\/uploads\/2023\/03\/Yve-Zart-Mittendrin.jpg 800w\" sizes=\"auto, (max-width: 300px) 100vw, 300px\" \/>Mittendrin &#8211; statt nur dabei! So lautet das Motto der neuen Single. Der Wunsch nach der einen Liebe, nach dem h\u00f6herschlagenden Puls, dem hei\u00dfen Herzen, den Schmetterlingen im Bauch und das Gef\u00fchl \u201eendlich verstanden und angekommen zu sein\u201c.<\/p>\n<p>Die Songwriterin Yve Zart ist zur\u00fcck und hat wieder eine Pop-Schlager-Nummer im Gep\u00e4ck. Sch\u00f6n frisch und froh.<\/p>\n<p>Also, der Sommer kann kommen!<\/p>\n<p>&nbsp;<\/p>\n<p><span style=\"color: #800000;\"><strong>Quelle: Fiesta Records<\/strong><\/span><\/p>\n<p><span style=\"color: #800000;\"><strong>Dieser Song ist ab dem 31.03.2023 in allen bekannten Onlineshops erh\u00e4ltlich!<\/strong><\/span><\/p>\n<p><span style=\"color: #800000;\"><strong>Airdate (f\u00fcr Radiosender): 24.03.2023<\/strong><\/span><\/p>\n","protected":false},"excerpt":{"rendered":"<p>Mittendrin &#8211; statt nur dabei! So lautet das Motto der neuen Single. Der Wunsch nach der einen Liebe, nach dem h\u00f6herschlagenden Puls, dem hei\u00dfen Herzen, den Schmetterlingen im Bauch und das Gef\u00fchl \u201eendlich verstanden und angekommen zu sein\u201c. Die Songwriterin Yve Zart ist zur\u00fcck und hat wieder eine Pop-Schlager-Nummer im Gep\u00e4ck. Sch\u00f6n frisch und froh. Also, der Sommer kann kommen! &nbsp; Quelle: Fiesta Records Dieser Song ist ab dem 31.03.2023 in allen bekannten Onlineshops erh\u00e4ltlich! Airdate (f\u00fcr Radiosender): 24.03.2023<\/p>\n","protected":false},"author":1,"featured_media":16642,"comment_status":"open","ping_status":"open","sticky":false,"template":"","format":"standard","meta":{"footnotes":""},"categories":[2],"tags":[184],"class_list":["post-16640","post","type-post","status-publish","format-standard","has-post-thumbnail","hentry","category-schlager","tag-yve-zart","wpcat-2-id"],"_links":{"self":[{"href":"https:\/\/bergers-schlagerparadies.de\/index.php?rest_route=\/wp\/v2\/posts\/16640","targetHints":{"allow":["GET"]}}],"collection":[{"href":"https:\/\/bergers-schlagerparadies.de\/index.php?rest_route=\/wp\/v2\/posts"}],"about":[{"href":"https:\/\/bergers-schlagerparadies.de\/index.php?rest_route=\/wp\/v2\/types\/post"}],"author":[{"embeddable":true,"href":"https:\/\/bergers-schlagerparadies.de\/index.php?rest_route=\/wp\/v2\/users\/1"}],"replies":[{"embeddable":true,"href":"https:\/\/bergers-schlagerparadies.de\/index.php?rest_route=%2Fwp%2Fv2%2Fcomments&post=16640"}],"version-history":[{"count":1,"href":"https:\/\/bergers-schlagerparadies.de\/index.php?rest_route=\/wp\/v2\/posts\/16640\/revisions"}],"predecessor-version":[{"id":16643,"href":"https:\/\/bergers-schlagerparadies.de\/index.php?rest_route=\/wp\/v2\/posts\/16640\/revisions\/16643"}],"wp:featuredmedia":[{"embeddable":true,"href":"https:\/\/bergers-schlagerparadies.de\/index.php?rest_route=\/wp\/v2\/media\/16642"}],"wp:attachment":[{"href":"https:\/\/bergers-schlagerparadies.de\/index.php?rest_route=%2Fwp%2Fv2%2Fmedia&parent=16640"}],"wp:term":[{"taxonomy":"category","embeddable":true,"href":"https:\/\/bergers-schlagerparadies.de\/index.php?rest_route=%2Fwp%2Fv2%2Fcategories&post=16640"},{"taxonomy":"post_tag","embeddable":true,"href":"https:\/\/bergers-schlagerparadies.de\/index.php?rest_route=%2Fwp%2Fv2%2Ftags&post=16640"}],"curies":[{"name":"wp","href":"https:\/\/api.w.org\/{rel}","templated":true}]}}