{"id":16613,"date":"2023-03-24T12:00:25","date_gmt":"2023-03-24T11:00:25","guid":{"rendered":"https:\/\/bergers-schlagerparadies.de\/?p=16613"},"modified":"2023-03-24T12:00:25","modified_gmt":"2023-03-24T11:00:25","slug":"petra-hameseder-mein-freund-der-delfin-%c2%b7-bergers-schlagerparadies","status":"publish","type":"post","link":"https:\/\/bergers-schlagerparadies.de\/?p=16613","title":{"rendered":"Petra Hameseder &#8211; Mein Freund der Delfin \u00b7 Berger\u00b4s Schlagerparadies"},"content":{"rendered":"<p><img loading=\"lazy\" decoding=\"async\" class=\"size-medium wp-image-16615 alignleft\" src=\"https:\/\/bergers-schlagerparadies.de\/wp-content\/uploads\/2023\/03\/Petra-Hameseder-Mein-Freund-der-Delfin-300x300.jpg\" alt=\"\" width=\"300\" height=\"300\" srcset=\"https:\/\/bergers-schlagerparadies.de\/wp-content\/uploads\/2023\/03\/Petra-Hameseder-Mein-Freund-der-Delfin-300x300.jpg 300w, https:\/\/bergers-schlagerparadies.de\/wp-content\/uploads\/2023\/03\/Petra-Hameseder-Mein-Freund-der-Delfin-1024x1024.jpg 1024w, https:\/\/bergers-schlagerparadies.de\/wp-content\/uploads\/2023\/03\/Petra-Hameseder-Mein-Freund-der-Delfin-150x150.jpg 150w, https:\/\/bergers-schlagerparadies.de\/wp-content\/uploads\/2023\/03\/Petra-Hameseder-Mein-Freund-der-Delfin-768x768.jpg 768w, https:\/\/bergers-schlagerparadies.de\/wp-content\/uploads\/2023\/03\/Petra-Hameseder-Mein-Freund-der-Delfin-1536x1536.jpg 1536w, https:\/\/bergers-schlagerparadies.de\/wp-content\/uploads\/2023\/03\/Petra-Hameseder-Mein-Freund-der-Delfin-2048x2048.jpg 2048w, https:\/\/bergers-schlagerparadies.de\/wp-content\/uploads\/2023\/03\/Petra-Hameseder-Mein-Freund-der-Delfin-1200x1200.jpg 1200w, https:\/\/bergers-schlagerparadies.de\/wp-content\/uploads\/2023\/03\/Petra-Hameseder-Mein-Freund-der-Delfin-1188x1188.jpg 1188w, https:\/\/bergers-schlagerparadies.de\/wp-content\/uploads\/2023\/03\/Petra-Hameseder-Mein-Freund-der-Delfin-100x100.jpg 100w\" sizes=\"auto, (max-width: 300px) 100vw, 300px\" \/>Petra Hameseder ist eine musikalische Tausendsassarin die seit fr\u00fchester Kindheit musikbegeistert durchs Leben geht. Sie erlernt Keyboard und ist Bandleaderin ihrer ersten Coverband, den \u201eKO-JOTEN\u201c. Aus dem Bandnamen kann man schon die positive und humoristische Einstellung der K\u00fcnstlerin herauslesen, die sich musikalisch haupts\u00e4chlich im Austropop- und Schlagerbereich tummelt. Seit 5 Jahren tritt die geb\u00fcrtige Wienerin auch mit ihren beiden Kollegen Herbert Frei, auch bekannt als Ambros-S\u00e4nger der Gruppe \u201eDIE3\u201c, und Herbert Fei Junior unter dem Bandnamen \u201eFREIHAM\u201c auf. Sehr erfolgreich holen die 3 ihr Publikum mit Austropop, Schlager, Wienerliedern und ganz viel Stimmung ab. Petras erstes Soloalbum \u201eI bleib wie i bin\u201c enth\u00e4lt die ersten selbstgeschriebenen Titel. Die Vorlage daf\u00fcr bietet Petras Leben. Auch wenn Petra es oft nicht so einfach hat, darf, bei aller musikalischer Ambition, die Familie bei ihr niemals zu kurz kommen. Sie ist leidenschaftliche Hausfrau und Mutter. \u201eMein Freund der Delfin\u201c verbindet erstmals Beides miteinander. Petras Sohn leidet am sehr seltenen Angelmann-Syndrom und braucht daher viel Pflege, Liebe und Aufmerksamkeit. So verlangt er der K\u00fcnstlerin eine ganze Menge ab. Eine spezielle Delfintherapie hilft ihm sehr und ist eine wundervolle Erfahrung. Begeistert von den Heilkr\u00e4ften dieser Tiere hat Petra den Song \u201eMein Freund der Delfin\u201c geschrieben. Sie setzt sich auch privat stark f\u00fcr Kinder mit Handicap ein und liefert somit den neuen Titelsong f\u00fcr die Organisation mydolphins https:\/\/www.mydolphins-tuerkei.de\/ an welche ein besonderer Dank geht. mydolphins gibt Kindern mit Handicap aus der ganzen Welt Kraft, Selbstwertgef\u00fchl und Freude zur\u00fcck! Im Youtube-Video von \u201eMein Freund der Delfin\u201c https:\/\/youtu.be\/pNrQ2UNyPDM k\u00f6nnt ihr Originalaufnahmen vom Delfinschwimmen sehen. Das Team von Mike\u2019s Music Media (Germany) \u00fcbernimmt die Vermarktung und Promotion f\u00fcr dieses wundervolle Projekt.<\/p>\n<p><span style=\"color: #800000;\"><strong>Quelle: Mike&#8217;s Music Media<\/strong><\/span><\/p>\n<p><span style=\"color: #800000;\"><strong>Dieser Song ist ab dem 24.03.2023 in allen bekannten Onlineshops erh\u00e4ltlich!<\/strong><\/span><\/p>\n<p><span style=\"color: #800000;\"><strong>Airdate (f\u00fcr Radiosender): 24.03.2023<\/strong><\/span><\/p>\n","protected":false},"excerpt":{"rendered":"<p>Petra Hameseder ist eine musikalische Tausendsassarin die seit fr\u00fchester Kindheit musikbegeistert durchs Leben geht. Sie erlernt Keyboard und ist Bandleaderin ihrer ersten Coverband, den \u201eKO-JOTEN\u201c. Aus dem Bandnamen kann man schon die positive und humoristische Einstellung der K\u00fcnstlerin herauslesen, die sich musikalisch haupts\u00e4chlich im Austropop- und Schlagerbereich tummelt. Seit 5 Jahren tritt die geb\u00fcrtige Wienerin auch mit ihren beiden Kollegen Herbert Frei, auch bekannt als Ambros-S\u00e4nger der Gruppe \u201eDIE3\u201c, und Herbert Fei Junior unter dem Bandnamen \u201eFREIHAM\u201c auf. Sehr erfolgreich holen die 3 ihr Publikum mit Austropop, Schlager, Wienerliedern und ganz viel Stimmung ab. Petras erstes Soloalbum \u201eI bleib wie i bin\u201c enth\u00e4lt die ersten&#8230;<\/p>\n","protected":false},"author":1,"featured_media":16615,"comment_status":"open","ping_status":"open","sticky":false,"template":"","format":"standard","meta":{"footnotes":""},"categories":[2],"tags":[1732],"class_list":["post-16613","post","type-post","status-publish","format-standard","has-post-thumbnail","hentry","category-schlager","tag-petra-hameseder","wpcat-2-id"],"_links":{"self":[{"href":"https:\/\/bergers-schlagerparadies.de\/index.php?rest_route=\/wp\/v2\/posts\/16613","targetHints":{"allow":["GET"]}}],"collection":[{"href":"https:\/\/bergers-schlagerparadies.de\/index.php?rest_route=\/wp\/v2\/posts"}],"about":[{"href":"https:\/\/bergers-schlagerparadies.de\/index.php?rest_route=\/wp\/v2\/types\/post"}],"author":[{"embeddable":true,"href":"https:\/\/bergers-schlagerparadies.de\/index.php?rest_route=\/wp\/v2\/users\/1"}],"replies":[{"embeddable":true,"href":"https:\/\/bergers-schlagerparadies.de\/index.php?rest_route=%2Fwp%2Fv2%2Fcomments&post=16613"}],"version-history":[{"count":1,"href":"https:\/\/bergers-schlagerparadies.de\/index.php?rest_route=\/wp\/v2\/posts\/16613\/revisions"}],"predecessor-version":[{"id":16616,"href":"https:\/\/bergers-schlagerparadies.de\/index.php?rest_route=\/wp\/v2\/posts\/16613\/revisions\/16616"}],"wp:featuredmedia":[{"embeddable":true,"href":"https:\/\/bergers-schlagerparadies.de\/index.php?rest_route=\/wp\/v2\/media\/16615"}],"wp:attachment":[{"href":"https:\/\/bergers-schlagerparadies.de\/index.php?rest_route=%2Fwp%2Fv2%2Fmedia&parent=16613"}],"wp:term":[{"taxonomy":"category","embeddable":true,"href":"https:\/\/bergers-schlagerparadies.de\/index.php?rest_route=%2Fwp%2Fv2%2Fcategories&post=16613"},{"taxonomy":"post_tag","embeddable":true,"href":"https:\/\/bergers-schlagerparadies.de\/index.php?rest_route=%2Fwp%2Fv2%2Ftags&post=16613"}],"curies":[{"name":"wp","href":"https:\/\/api.w.org\/{rel}","templated":true}]}}