{"id":16605,"date":"2023-03-24T11:21:52","date_gmt":"2023-03-24T10:21:52","guid":{"rendered":"https:\/\/bergers-schlagerparadies.de\/?p=16605"},"modified":"2023-03-24T11:21:52","modified_gmt":"2023-03-24T10:21:52","slug":"nadin-meypo-lass-uns-das-leben-lauter-drehn-%c2%b7-bergers-schlagerparadies","status":"publish","type":"post","link":"https:\/\/bergers-schlagerparadies.de\/?p=16605","title":{"rendered":"Nadin Meypo &#8211; Lass uns das Leben lauter drehn \u00b7 Berger\u00b4s Schlagerparadies"},"content":{"rendered":"<p><img loading=\"lazy\" decoding=\"async\" class=\"size-medium wp-image-16607 alignleft\" src=\"https:\/\/bergers-schlagerparadies.de\/wp-content\/uploads\/2023\/03\/Nadin-Meypo-Lass-uns-das-Leben-lauter-drehn-300x300.jpg\" alt=\"\" width=\"300\" height=\"300\" srcset=\"https:\/\/bergers-schlagerparadies.de\/wp-content\/uploads\/2023\/03\/Nadin-Meypo-Lass-uns-das-Leben-lauter-drehn-300x300.jpg 300w, https:\/\/bergers-schlagerparadies.de\/wp-content\/uploads\/2023\/03\/Nadin-Meypo-Lass-uns-das-Leben-lauter-drehn-1024x1024.jpg 1024w, https:\/\/bergers-schlagerparadies.de\/wp-content\/uploads\/2023\/03\/Nadin-Meypo-Lass-uns-das-Leben-lauter-drehn-150x150.jpg 150w, https:\/\/bergers-schlagerparadies.de\/wp-content\/uploads\/2023\/03\/Nadin-Meypo-Lass-uns-das-Leben-lauter-drehn-768x768.jpg 768w, https:\/\/bergers-schlagerparadies.de\/wp-content\/uploads\/2023\/03\/Nadin-Meypo-Lass-uns-das-Leben-lauter-drehn-1536x1536.jpg 1536w, https:\/\/bergers-schlagerparadies.de\/wp-content\/uploads\/2023\/03\/Nadin-Meypo-Lass-uns-das-Leben-lauter-drehn-2048x2048.jpg 2048w, https:\/\/bergers-schlagerparadies.de\/wp-content\/uploads\/2023\/03\/Nadin-Meypo-Lass-uns-das-Leben-lauter-drehn-1200x1200.jpg 1200w, https:\/\/bergers-schlagerparadies.de\/wp-content\/uploads\/2023\/03\/Nadin-Meypo-Lass-uns-das-Leben-lauter-drehn-1188x1188.jpg 1188w, https:\/\/bergers-schlagerparadies.de\/wp-content\/uploads\/2023\/03\/Nadin-Meypo-Lass-uns-das-Leben-lauter-drehn-100x100.jpg 100w\" sizes=\"auto, (max-width: 300px) 100vw, 300px\" \/>Die eine besondere gro\u00dfe Liebe im Leben schafft es, dass man sich sicher ist, man m\u00f6chte alles nur erleben \u201eewig mit Dir\u201c. Die Welt ist pl\u00f6tzlich voller Farben, man m\u00f6chte nur noch durch das Leben tanzen und zusammen verr\u00fcckt sein. Man m\u00f6chte der ganzen Welt zeigen, wie sch\u00f6n das Leben durch die Liebe sein kann und man w\u00fcnscht sich, gemeinsam jeden Moment zu genie\u00dfen und einfach \u201eDas Leben lauter zu drehn\u201c.<\/p>\n<p>Nach der letzten Chart-Single beweist die Frohnatur Nadin Meypo erneut mit wie viel Power und Optimismus sie durchs Leben geht und einfach alle um sich herum damit ansteckt, alles positiv zu sehen.<\/p>\n<p>Die Single ist eine Auskopplung aus dem gleichnamigen Album, welches bei Universal erschienen ist und in den offiziellen Verkaufscharts auf Platz 5 eingestiegen ist. Produziert wurde der Song von Erfolgsproduzent Hubert Molander. Zu dem Song wird ebenfalls ein Musikvideo ver\u00f6ffentlicht, welches von Carlo B\u00f6hler auf Sardinien produziert wurde.<\/p>\n<p>\u201eLass uns das Leben lauter drehn\u201c ist die ansteckende Aufforderung an alle, mehr aus dem Leben zu machen, zu genie\u00dfen, tanzen und feiern \u2013 das Hier und Jetzt zu sp\u00fcren und die Liebe zu leben.<\/p>\n<p><span style=\"color: #800000;\"><strong>Quelle: ARTISTS &amp; ACTS<\/strong><\/span><\/p>\n<p><span style=\"color: #800000;\"><strong>Dieser Song ist ab dem 24.03.2023 in allen bekannten Onlineshops erh\u00e4ltlich!<\/strong><\/span><\/p>\n<p><span style=\"color: #800000;\"><strong>Airdate (f\u00fcr Radiosender): 24.03.2023<\/strong><\/span><\/p>\n","protected":false},"excerpt":{"rendered":"<p>Die eine besondere gro\u00dfe Liebe im Leben schafft es, dass man sich sicher ist, man m\u00f6chte alles nur erleben \u201eewig mit Dir\u201c. Die Welt ist pl\u00f6tzlich voller Farben, man m\u00f6chte nur noch durch das Leben tanzen und zusammen verr\u00fcckt sein. Man m\u00f6chte der ganzen Welt zeigen, wie sch\u00f6n das Leben durch die Liebe sein kann und man w\u00fcnscht sich, gemeinsam jeden Moment zu genie\u00dfen und einfach \u201eDas Leben lauter zu drehn\u201c. Nach der letzten Chart-Single beweist die Frohnatur Nadin Meypo erneut mit wie viel Power und Optimismus sie durchs Leben geht und einfach alle um sich herum damit ansteckt, alles positiv zu sehen. Die Single&#8230;<\/p>\n","protected":false},"author":1,"featured_media":16607,"comment_status":"open","ping_status":"open","sticky":false,"template":"","format":"standard","meta":{"footnotes":""},"categories":[2],"tags":[1035],"class_list":["post-16605","post","type-post","status-publish","format-standard","has-post-thumbnail","hentry","category-schlager","tag-nadin-meypo","wpcat-2-id"],"_links":{"self":[{"href":"https:\/\/bergers-schlagerparadies.de\/index.php?rest_route=\/wp\/v2\/posts\/16605","targetHints":{"allow":["GET"]}}],"collection":[{"href":"https:\/\/bergers-schlagerparadies.de\/index.php?rest_route=\/wp\/v2\/posts"}],"about":[{"href":"https:\/\/bergers-schlagerparadies.de\/index.php?rest_route=\/wp\/v2\/types\/post"}],"author":[{"embeddable":true,"href":"https:\/\/bergers-schlagerparadies.de\/index.php?rest_route=\/wp\/v2\/users\/1"}],"replies":[{"embeddable":true,"href":"https:\/\/bergers-schlagerparadies.de\/index.php?rest_route=%2Fwp%2Fv2%2Fcomments&post=16605"}],"version-history":[{"count":1,"href":"https:\/\/bergers-schlagerparadies.de\/index.php?rest_route=\/wp\/v2\/posts\/16605\/revisions"}],"predecessor-version":[{"id":16608,"href":"https:\/\/bergers-schlagerparadies.de\/index.php?rest_route=\/wp\/v2\/posts\/16605\/revisions\/16608"}],"wp:featuredmedia":[{"embeddable":true,"href":"https:\/\/bergers-schlagerparadies.de\/index.php?rest_route=\/wp\/v2\/media\/16607"}],"wp:attachment":[{"href":"https:\/\/bergers-schlagerparadies.de\/index.php?rest_route=%2Fwp%2Fv2%2Fmedia&parent=16605"}],"wp:term":[{"taxonomy":"category","embeddable":true,"href":"https:\/\/bergers-schlagerparadies.de\/index.php?rest_route=%2Fwp%2Fv2%2Fcategories&post=16605"},{"taxonomy":"post_tag","embeddable":true,"href":"https:\/\/bergers-schlagerparadies.de\/index.php?rest_route=%2Fwp%2Fv2%2Ftags&post=16605"}],"curies":[{"name":"wp","href":"https:\/\/api.w.org\/{rel}","templated":true}]}}