{"id":16418,"date":"2023-03-16T21:02:55","date_gmt":"2023-03-16T20:02:55","guid":{"rendered":"https:\/\/bergers-schlagerparadies.de\/?p=16418"},"modified":"2023-03-16T21:02:55","modified_gmt":"2023-03-16T20:02:55","slug":"2-klang-affaere-immer-%c2%b7-bergers-schlagerparadies","status":"publish","type":"post","link":"https:\/\/bergers-schlagerparadies.de\/?p=16418","title":{"rendered":"2 Klang Aff\u00e4re &#8211; Immer \u00b7 Berger\u00b4s Schlagerparadies"},"content":{"rendered":"<p><img loading=\"lazy\" decoding=\"async\" class=\"size-medium wp-image-16420 alignleft\" src=\"https:\/\/bergers-schlagerparadies.de\/wp-content\/uploads\/2023\/03\/2-Klang-Affaere-Immer-300x300.jpg\" alt=\"\" width=\"300\" height=\"300\" srcset=\"https:\/\/bergers-schlagerparadies.de\/wp-content\/uploads\/2023\/03\/2-Klang-Affaere-Immer-300x300.jpg 300w, https:\/\/bergers-schlagerparadies.de\/wp-content\/uploads\/2023\/03\/2-Klang-Affaere-Immer-1024x1024.jpg 1024w, https:\/\/bergers-schlagerparadies.de\/wp-content\/uploads\/2023\/03\/2-Klang-Affaere-Immer-150x150.jpg 150w, https:\/\/bergers-schlagerparadies.de\/wp-content\/uploads\/2023\/03\/2-Klang-Affaere-Immer-768x768.jpg 768w, https:\/\/bergers-schlagerparadies.de\/wp-content\/uploads\/2023\/03\/2-Klang-Affaere-Immer-1536x1536.jpg 1536w, https:\/\/bergers-schlagerparadies.de\/wp-content\/uploads\/2023\/03\/2-Klang-Affaere-Immer-2048x2048.jpg 2048w, https:\/\/bergers-schlagerparadies.de\/wp-content\/uploads\/2023\/03\/2-Klang-Affaere-Immer-1200x1200.jpg 1200w, https:\/\/bergers-schlagerparadies.de\/wp-content\/uploads\/2023\/03\/2-Klang-Affaere-Immer-1188x1188.jpg 1188w, https:\/\/bergers-schlagerparadies.de\/wp-content\/uploads\/2023\/03\/2-Klang-Affaere-Immer-100x100.jpg 100w\" sizes=\"auto, (max-width: 300px) 100vw, 300px\" \/>Nach den Singles \u201eWer h\u00e4tte das gedacht\u201c, \u201eAbenteuer\u201c und \u201eEine Nacht mit dir\u201c kommt hier die 4. Single der beiden K\u00fcnstler, die die Geschichte der beiden weiter tr\u00e4gt. Eine gef\u00fchlvolle Ballade bringt die ganz gro\u00dfe Liebe mit sich. Die Stimmen werden perfekt in Szene gesetzt, so dass Adis warme, tiefe Stimme und Birgit&#8217;s brillanter Stimmklang harmonieren und wieder einmal zu einer Einheit verschmelzen.<\/p>\n<p>&nbsp;<\/p>\n<p>&nbsp;<\/p>\n<p>&nbsp;<\/p>\n<p><span style=\"color: #800000;\"><strong>Quelle: TSL Records<\/strong><\/span><\/p>\n<p><span style=\"color: #800000;\"><strong>Dieser Song ist ab dem 21.03.2023 in allen bekannten Onlineshops erh\u00e4ltlich!<\/strong><\/span><\/p>\n<p><span style=\"color: #800000;\"><strong>Airdate (f\u00fcr Radiosender): 13.03.2023<\/strong><\/span><\/p>\n","protected":false},"excerpt":{"rendered":"<p>Nach den Singles \u201eWer h\u00e4tte das gedacht\u201c, \u201eAbenteuer\u201c und \u201eEine Nacht mit dir\u201c kommt hier die 4. Single der beiden K\u00fcnstler, die die Geschichte der beiden weiter tr\u00e4gt. Eine gef\u00fchlvolle Ballade bringt die ganz gro\u00dfe Liebe mit sich. Die Stimmen werden perfekt in Szene gesetzt, so dass Adis warme, tiefe Stimme und Birgit&#8217;s brillanter Stimmklang harmonieren und wieder einmal zu einer Einheit verschmelzen. &nbsp; &nbsp; &nbsp; Quelle: TSL Records Dieser Song ist ab dem 21.03.2023 in allen bekannten Onlineshops erh\u00e4ltlich! Airdate (f\u00fcr Radiosender): 13.03.2023<\/p>\n","protected":false},"author":1,"featured_media":16420,"comment_status":"open","ping_status":"open","sticky":false,"template":"","format":"standard","meta":{"footnotes":""},"categories":[2],"tags":[1412],"class_list":["post-16418","post","type-post","status-publish","format-standard","has-post-thumbnail","hentry","category-schlager","tag-2-klang-affaere","wpcat-2-id"],"_links":{"self":[{"href":"https:\/\/bergers-schlagerparadies.de\/index.php?rest_route=\/wp\/v2\/posts\/16418","targetHints":{"allow":["GET"]}}],"collection":[{"href":"https:\/\/bergers-schlagerparadies.de\/index.php?rest_route=\/wp\/v2\/posts"}],"about":[{"href":"https:\/\/bergers-schlagerparadies.de\/index.php?rest_route=\/wp\/v2\/types\/post"}],"author":[{"embeddable":true,"href":"https:\/\/bergers-schlagerparadies.de\/index.php?rest_route=\/wp\/v2\/users\/1"}],"replies":[{"embeddable":true,"href":"https:\/\/bergers-schlagerparadies.de\/index.php?rest_route=%2Fwp%2Fv2%2Fcomments&post=16418"}],"version-history":[{"count":1,"href":"https:\/\/bergers-schlagerparadies.de\/index.php?rest_route=\/wp\/v2\/posts\/16418\/revisions"}],"predecessor-version":[{"id":16421,"href":"https:\/\/bergers-schlagerparadies.de\/index.php?rest_route=\/wp\/v2\/posts\/16418\/revisions\/16421"}],"wp:featuredmedia":[{"embeddable":true,"href":"https:\/\/bergers-schlagerparadies.de\/index.php?rest_route=\/wp\/v2\/media\/16420"}],"wp:attachment":[{"href":"https:\/\/bergers-schlagerparadies.de\/index.php?rest_route=%2Fwp%2Fv2%2Fmedia&parent=16418"}],"wp:term":[{"taxonomy":"category","embeddable":true,"href":"https:\/\/bergers-schlagerparadies.de\/index.php?rest_route=%2Fwp%2Fv2%2Fcategories&post=16418"},{"taxonomy":"post_tag","embeddable":true,"href":"https:\/\/bergers-schlagerparadies.de\/index.php?rest_route=%2Fwp%2Fv2%2Ftags&post=16418"}],"curies":[{"name":"wp","href":"https:\/\/api.w.org\/{rel}","templated":true}]}}