{"id":16406,"date":"2023-03-15T21:02:34","date_gmt":"2023-03-15T20:02:34","guid":{"rendered":"https:\/\/bergers-schlagerparadies.de\/?p=16406"},"modified":"2023-03-15T21:02:34","modified_gmt":"2023-03-15T20:02:34","slug":"george-la-busch-komm-und-lass-uns-leben-%c2%b7-bergers-schlagerparadies","status":"publish","type":"post","link":"https:\/\/bergers-schlagerparadies.de\/?p=16406","title":{"rendered":"George La Busch &#8211; Komm und lass uns leben \u00b7 Berger\u00b4s Schlagerparadies"},"content":{"rendered":"<p><img loading=\"lazy\" decoding=\"async\" class=\"size-medium wp-image-16408 alignleft\" src=\"https:\/\/bergers-schlagerparadies.de\/wp-content\/uploads\/2023\/03\/George-La-Busch-Komm-und-lass-uns-leben-300x300.jpg\" alt=\"\" width=\"300\" height=\"300\" srcset=\"https:\/\/bergers-schlagerparadies.de\/wp-content\/uploads\/2023\/03\/George-La-Busch-Komm-und-lass-uns-leben-300x300.jpg 300w, https:\/\/bergers-schlagerparadies.de\/wp-content\/uploads\/2023\/03\/George-La-Busch-Komm-und-lass-uns-leben-1024x1024.jpg 1024w, https:\/\/bergers-schlagerparadies.de\/wp-content\/uploads\/2023\/03\/George-La-Busch-Komm-und-lass-uns-leben-150x150.jpg 150w, https:\/\/bergers-schlagerparadies.de\/wp-content\/uploads\/2023\/03\/George-La-Busch-Komm-und-lass-uns-leben-768x768.jpg 768w, https:\/\/bergers-schlagerparadies.de\/wp-content\/uploads\/2023\/03\/George-La-Busch-Komm-und-lass-uns-leben.jpg 1200w, https:\/\/bergers-schlagerparadies.de\/wp-content\/uploads\/2023\/03\/George-La-Busch-Komm-und-lass-uns-leben-1188x1188.jpg 1188w, https:\/\/bergers-schlagerparadies.de\/wp-content\/uploads\/2023\/03\/George-La-Busch-Komm-und-lass-uns-leben-100x100.jpg 100w\" sizes=\"auto, (max-width: 300px) 100vw, 300px\" \/>George La Busch &#8211; Komm und lass uns leben<br \/>\nDieser Song ist ein aussergew\u00f6hnliches &#8222;Musikwerk&#8220;, mit einer erstaunlich gut gelungenen Komposition. Hier erkennt man Popmusik, die harmonisch mit Klassikelementen verbunden ist. Ja, man kann sogar sagen, die dadurch hochgradig veredelt wurde. Etwas Vergleichbares ist kaum zu finden.<\/p>\n<p>Der Background ist mit einem riesigen Orchester gef\u00fcllt und ein moderner, satter Sound besticht. Hinzu kommt der Text, der mit Botschaften gef\u00fcllt ist und aktuell auf die Lage und Gef\u00fchle der Menschen weltweit eingeht.<\/p>\n<p>Die seit einigen Jahren ver\u00e4nderten Lebensumst\u00e4nde bewegten die Menschen mehr auseinander, als dass sie den Zusammenhalt f\u00f6rderten. Die vielen beunruhigenden News, hat kaum jemand hinterfragt. Doch jetzt sollte endlich Schluss sein mit Depressionen und Zur\u00fcckhaltung, denn &#8222;Wir leben nicht ewig&#8220; und sollten das Leben geniessen.<\/p>\n<p>Genau das ist der Tenor dieser gut beschriebenen musikalischen Geschichte.<\/p>\n<p>Mit Textzeilen wie &#8222;Lass uns feiern, lass uns tanzen, in Freiheit leben ohne Grenzen usw.&#8220; trifft George La Busch genau den Nagel auf den Kopf und spricht vielen Menschen aus der Seele.<\/p>\n<p>Alles zusammengefasst ist hier ein &#8222;musikalisches Kunstwerk&#8220; entstanden, das mit nichts zu vergleichen ist. Es klingt wie eine grossartige Hymne, die sofort mitreisst und zum geliebten Ohrwurm wird.<\/p>\n<p>Der als musikalisch experimentierfreudige George La Busch will sich mit diesem Titel in obere musikalische Liga katapultieren und hat bereits weitere interessante und aussergew\u00f6hnliche Songs in Vorbereitung.<\/p>\n<p>Musik &amp; Text: Georg Labusch, Produktion: CHD Sound &amp; Music, Schweiz.<br \/>\nGesang Abmischung &amp; Mastering: Horst Lemke, Marabu-Records Studio.<\/p>\n<p><span style=\"color: #800000;\"><strong>Quelle: CHD Sound &amp; Music<\/strong><\/span><\/p>\n<p><span style=\"color: #800000;\"><strong>Dieser Song ist ab dem 15.03.2023 in allen bekannten Onlineshops erh\u00e4ltlich!<\/strong><\/span><\/p>\n<p><span style=\"color: #800000;\"><strong>Airdate (f\u00fcr Radiosender): 15.03.2023<\/strong><\/span><\/p>\n","protected":false},"excerpt":{"rendered":"<p>George La Busch &#8211; Komm und lass uns leben Dieser Song ist ein aussergew\u00f6hnliches &#8222;Musikwerk&#8220;, mit einer erstaunlich gut gelungenen Komposition. Hier erkennt man Popmusik, die harmonisch mit Klassikelementen verbunden ist. Ja, man kann sogar sagen, die dadurch hochgradig veredelt wurde. Etwas Vergleichbares ist kaum zu finden. Der Background ist mit einem riesigen Orchester gef\u00fcllt und ein moderner, satter Sound besticht. Hinzu kommt der Text, der mit Botschaften gef\u00fcllt ist und aktuell auf die Lage und Gef\u00fchle der Menschen weltweit eingeht. Die seit einigen Jahren ver\u00e4nderten Lebensumst\u00e4nde bewegten die Menschen mehr auseinander, als dass sie den Zusammenhalt f\u00f6rderten. Die vielen beunruhigenden News, hat kaum jemand&#8230;<\/p>\n","protected":false},"author":1,"featured_media":16408,"comment_status":"open","ping_status":"open","sticky":false,"template":"","format":"standard","meta":{"footnotes":""},"categories":[2],"tags":[1325],"class_list":["post-16406","post","type-post","status-publish","format-standard","has-post-thumbnail","hentry","category-schlager","tag-george-la-busch","wpcat-2-id"],"_links":{"self":[{"href":"https:\/\/bergers-schlagerparadies.de\/index.php?rest_route=\/wp\/v2\/posts\/16406","targetHints":{"allow":["GET"]}}],"collection":[{"href":"https:\/\/bergers-schlagerparadies.de\/index.php?rest_route=\/wp\/v2\/posts"}],"about":[{"href":"https:\/\/bergers-schlagerparadies.de\/index.php?rest_route=\/wp\/v2\/types\/post"}],"author":[{"embeddable":true,"href":"https:\/\/bergers-schlagerparadies.de\/index.php?rest_route=\/wp\/v2\/users\/1"}],"replies":[{"embeddable":true,"href":"https:\/\/bergers-schlagerparadies.de\/index.php?rest_route=%2Fwp%2Fv2%2Fcomments&post=16406"}],"version-history":[{"count":1,"href":"https:\/\/bergers-schlagerparadies.de\/index.php?rest_route=\/wp\/v2\/posts\/16406\/revisions"}],"predecessor-version":[{"id":16409,"href":"https:\/\/bergers-schlagerparadies.de\/index.php?rest_route=\/wp\/v2\/posts\/16406\/revisions\/16409"}],"wp:featuredmedia":[{"embeddable":true,"href":"https:\/\/bergers-schlagerparadies.de\/index.php?rest_route=\/wp\/v2\/media\/16408"}],"wp:attachment":[{"href":"https:\/\/bergers-schlagerparadies.de\/index.php?rest_route=%2Fwp%2Fv2%2Fmedia&parent=16406"}],"wp:term":[{"taxonomy":"category","embeddable":true,"href":"https:\/\/bergers-schlagerparadies.de\/index.php?rest_route=%2Fwp%2Fv2%2Fcategories&post=16406"},{"taxonomy":"post_tag","embeddable":true,"href":"https:\/\/bergers-schlagerparadies.de\/index.php?rest_route=%2Fwp%2Fv2%2Ftags&post=16406"}],"curies":[{"name":"wp","href":"https:\/\/api.w.org\/{rel}","templated":true}]}}