{"id":16308,"date":"2023-03-20T10:30:06","date_gmt":"2023-03-20T09:30:06","guid":{"rendered":"https:\/\/bergers-schlagerparadies.de\/?p=16308"},"modified":"2023-03-12T13:58:06","modified_gmt":"2023-03-12T12:58:06","slug":"soehne-mannheims-kompassnadel-%c2%b7-bergers-schlagerparadies","status":"publish","type":"post","link":"https:\/\/bergers-schlagerparadies.de\/?p=16308","title":{"rendered":"S\u00f6hne Mannheims &#8211; Kompassnadel \u00b7 Berger\u00b4s Schlagerparadies"},"content":{"rendered":"<p><img loading=\"lazy\" decoding=\"async\" class=\"size-medium wp-image-16310 alignleft\" src=\"https:\/\/bergers-schlagerparadies.de\/wp-content\/uploads\/2023\/03\/Soehne-Mannheims-Kompassnadel-300x300.jpg\" alt=\"\" width=\"300\" height=\"300\" srcset=\"https:\/\/bergers-schlagerparadies.de\/wp-content\/uploads\/2023\/03\/Soehne-Mannheims-Kompassnadel-300x300.jpg 300w, https:\/\/bergers-schlagerparadies.de\/wp-content\/uploads\/2023\/03\/Soehne-Mannheims-Kompassnadel-1024x1024.jpg 1024w, https:\/\/bergers-schlagerparadies.de\/wp-content\/uploads\/2023\/03\/Soehne-Mannheims-Kompassnadel-150x150.jpg 150w, https:\/\/bergers-schlagerparadies.de\/wp-content\/uploads\/2023\/03\/Soehne-Mannheims-Kompassnadel-768x768.jpg 768w, https:\/\/bergers-schlagerparadies.de\/wp-content\/uploads\/2023\/03\/Soehne-Mannheims-Kompassnadel-1536x1536.jpg 1536w, https:\/\/bergers-schlagerparadies.de\/wp-content\/uploads\/2023\/03\/Soehne-Mannheims-Kompassnadel-2048x2048.jpg 2048w, https:\/\/bergers-schlagerparadies.de\/wp-content\/uploads\/2023\/03\/Soehne-Mannheims-Kompassnadel-1200x1200.jpg 1200w, https:\/\/bergers-schlagerparadies.de\/wp-content\/uploads\/2023\/03\/Soehne-Mannheims-Kompassnadel-1188x1188.jpg 1188w, https:\/\/bergers-schlagerparadies.de\/wp-content\/uploads\/2023\/03\/Soehne-Mannheims-Kompassnadel-100x100.jpg 100w\" sizes=\"auto, (max-width: 300px) 100vw, 300px\" \/>Die S\u00d6HNE MANNHEIMS sind seit 28 Jahren eine Band in Bewegung &#8211; ein musikalischer Melting Pot, der sich st\u00e4ndig neu erfindet. Im Sommer erscheint das neue Studioalbum &#8222;Kompass&#8220; und die Vorab-Single &#8222;&#8220;Kompassnadel&#8220; richtet den Band-Kompass neu aus: volle Kraft voraus in Richtung Pop! &#8222;Kompassnadel&#8220; steht auch f\u00fcr die Freiheit, die Grenzen zwischen Pop und Soul auszuloten \u2013 getragen von zwei gro\u00dfen Stimmen, die vom Trommelfeuer einer Trennung singen, aber auch vom Aufstehen und Neuanfang. Es ist Dominic Sanz, der hier das Soul-Leuchtsignal in die Nacht schie\u00dft und G\u00e4nsehaut-Melodien wie Wellen \u00fcbers Meer schickt. Bei Voice of Germany hat er erstmals sein Potenzial gezeigt und es bei den S\u00f6hnen zur Reife entwickelt. Die erste Strophe singt S\u00f6hne-Produzent Michael Klimas mit seiner unverwechselbaren Stimme \u2013 und beweist als Produzent mit feinen Beats und Vibes sein Gesp\u00fcr f\u00fcr die Neuvermessung des deutschen Jetztzeit-Pop.<\/p>\n<p><span style=\"color: #800000;\"><strong>Quelle: S\u00f6hne Mannheims GmbH<\/strong><\/span><\/p>\n<p><span style=\"color: #800000;\"><strong>Dieser Song ist ab dem 24.03.2023 in allen bekannten Onlineshops erh\u00e4ltlich!<\/strong><\/span><\/p>\n<p><span style=\"color: #800000;\"><strong>Airdate (f\u00fcr Radiosender): 24.03.2023<\/strong><\/span><\/p>\n","protected":false},"excerpt":{"rendered":"<p>Die S\u00d6HNE MANNHEIMS sind seit 28 Jahren eine Band in Bewegung &#8211; ein musikalischer Melting Pot, der sich st\u00e4ndig neu erfindet. Im Sommer erscheint das neue Studioalbum &#8222;Kompass&#8220; und die Vorab-Single &#8222;&#8220;Kompassnadel&#8220; richtet den Band-Kompass neu aus: volle Kraft voraus in Richtung Pop! &#8222;Kompassnadel&#8220; steht auch f\u00fcr die Freiheit, die Grenzen zwischen Pop und Soul auszuloten \u2013 getragen von zwei gro\u00dfen Stimmen, die vom Trommelfeuer einer Trennung singen, aber auch vom Aufstehen und Neuanfang. Es ist Dominic Sanz, der hier das Soul-Leuchtsignal in die Nacht schie\u00dft und G\u00e4nsehaut-Melodien wie Wellen \u00fcbers Meer schickt. Bei Voice of Germany hat er erstmals sein Potenzial gezeigt und es&#8230;<\/p>\n","protected":false},"author":1,"featured_media":16310,"comment_status":"open","ping_status":"open","sticky":false,"template":"","format":"standard","meta":{"footnotes":""},"categories":[2],"tags":[1040],"class_list":["post-16308","post","type-post","status-publish","format-standard","has-post-thumbnail","hentry","category-schlager","tag-soehne-mannheims","wpcat-2-id"],"_links":{"self":[{"href":"https:\/\/bergers-schlagerparadies.de\/index.php?rest_route=\/wp\/v2\/posts\/16308","targetHints":{"allow":["GET"]}}],"collection":[{"href":"https:\/\/bergers-schlagerparadies.de\/index.php?rest_route=\/wp\/v2\/posts"}],"about":[{"href":"https:\/\/bergers-schlagerparadies.de\/index.php?rest_route=\/wp\/v2\/types\/post"}],"author":[{"embeddable":true,"href":"https:\/\/bergers-schlagerparadies.de\/index.php?rest_route=\/wp\/v2\/users\/1"}],"replies":[{"embeddable":true,"href":"https:\/\/bergers-schlagerparadies.de\/index.php?rest_route=%2Fwp%2Fv2%2Fcomments&post=16308"}],"version-history":[{"count":1,"href":"https:\/\/bergers-schlagerparadies.de\/index.php?rest_route=\/wp\/v2\/posts\/16308\/revisions"}],"predecessor-version":[{"id":16311,"href":"https:\/\/bergers-schlagerparadies.de\/index.php?rest_route=\/wp\/v2\/posts\/16308\/revisions\/16311"}],"wp:featuredmedia":[{"embeddable":true,"href":"https:\/\/bergers-schlagerparadies.de\/index.php?rest_route=\/wp\/v2\/media\/16310"}],"wp:attachment":[{"href":"https:\/\/bergers-schlagerparadies.de\/index.php?rest_route=%2Fwp%2Fv2%2Fmedia&parent=16308"}],"wp:term":[{"taxonomy":"category","embeddable":true,"href":"https:\/\/bergers-schlagerparadies.de\/index.php?rest_route=%2Fwp%2Fv2%2Fcategories&post=16308"},{"taxonomy":"post_tag","embeddable":true,"href":"https:\/\/bergers-schlagerparadies.de\/index.php?rest_route=%2Fwp%2Fv2%2Ftags&post=16308"}],"curies":[{"name":"wp","href":"https:\/\/api.w.org\/{rel}","templated":true}]}}