{"id":16219,"date":"2023-03-10T13:41:11","date_gmt":"2023-03-10T12:41:11","guid":{"rendered":"https:\/\/bergers-schlagerparadies.de\/?p=16219"},"modified":"2023-03-10T13:41:11","modified_gmt":"2023-03-10T12:41:11","slug":"calimeros-marianna-havanna-%c2%b7-bergers-schlagerparadies","status":"publish","type":"post","link":"https:\/\/bergers-schlagerparadies.de\/?p=16219","title":{"rendered":"Calimeros &#8211; Marianna Havanna \u00b7 Berger\u00b4s Schlagerparadies"},"content":{"rendered":"<p><img loading=\"lazy\" decoding=\"async\" class=\"size-medium wp-image-16221 alignleft\" src=\"https:\/\/bergers-schlagerparadies.de\/wp-content\/uploads\/2023\/03\/Calimeros-Marianna-Havanna-300x300.jpg\" alt=\"\" width=\"300\" height=\"300\" srcset=\"https:\/\/bergers-schlagerparadies.de\/wp-content\/uploads\/2023\/03\/Calimeros-Marianna-Havanna-300x300.jpg 300w, https:\/\/bergers-schlagerparadies.de\/wp-content\/uploads\/2023\/03\/Calimeros-Marianna-Havanna-1024x1024.jpg 1024w, https:\/\/bergers-schlagerparadies.de\/wp-content\/uploads\/2023\/03\/Calimeros-Marianna-Havanna-150x150.jpg 150w, https:\/\/bergers-schlagerparadies.de\/wp-content\/uploads\/2023\/03\/Calimeros-Marianna-Havanna-768x768.jpg 768w, https:\/\/bergers-schlagerparadies.de\/wp-content\/uploads\/2023\/03\/Calimeros-Marianna-Havanna-1200x1200.jpg 1200w, https:\/\/bergers-schlagerparadies.de\/wp-content\/uploads\/2023\/03\/Calimeros-Marianna-Havanna-1188x1188.jpg 1188w, https:\/\/bergers-schlagerparadies.de\/wp-content\/uploads\/2023\/03\/Calimeros-Marianna-Havanna-100x100.jpg 100w, https:\/\/bergers-schlagerparadies.de\/wp-content\/uploads\/2023\/03\/Calimeros-Marianna-Havanna.jpg 1440w\" sizes=\"auto, (max-width: 300px) 100vw, 300px\" \/>Die Calimeros k\u00fcndigen ihr neues Studioalbum an: Mit einem enorm starken Sommersong er\u00f6ffnen die Calimeros schon jetzt die hei\u00dfeste Zeit des Jahres und welche sonnige Metropole k\u00f6nnte sich daf\u00fcr thematisch besser eignen als die kubanische Hauptstadt Havanna. Genau dorthin reist das Erfolgstrio mit ihrer Vorab-Single \u201cMarianna Havanna\u201d \u2013 ab 10.03.2023 als Stream &amp; Download erh\u00e4ltlich.<br \/>\nDie umgangssprachliche Zuckerinsel bildet den musikalischen Urlaubsauftakt und eine geheimnisvolle Marianna entflammt passenderweise die Sinne. Die bezaubernde Songgeschichte gestaltet sich in bew\u00e4hrter Calimeros-Manier bunt, temperamentvoll und sonnendurchflutet. Mit \u201cMarianna Havanna\u201d liefert die Song-Manufaktur um Frontmann Roland Eberhart eine strahlende Single, die passend zur baldigen Saison nicht nur die Fangemeinde aufhorchen lassen wird. Herrlich erfrischend und wohltuend unterhaltsam beginnt ein neues, spannendes Calimeros-Abenteuer, das textlich und musikalisch von Kurt Schoger und Marvin Trecha ma\u00dfangefertigt wurde.<br \/>\n\u201cMarianna Havanna\u201d reiht sich taktvoll ein in das generell farbenfrohe Song-Ensemble der Calimeros. Auch bei dieser Auskopplung setzen Roland Eberhart, Andy Rynert und Andy Steiner auf das Produzentenduo Gerd Jakobs und Stefan P\u00f6ssnicker. Mit diesen beiden Kreativdirektoren arbeiten die Calimeros bereits seit 2019 erfolgreich zusammen und haben sich auch bei dieser Personalie wiederholt richtig entschieden, denn bereits die erste Zusammenarbeit entpuppte sich als Megaerfolg. Das Deb\u00fctalbum, welches in dieser Konstellation ver\u00f6ffentlicht wurde, platzierte sich auf Platz 1 der Albumcharts in \u00d6sterreich und der Schweiz, sowie auf Platz 2 der Offiziellen Deutschen Albumcharts.<br \/>\nDie Single \u201cMarianna Havanna\u201d ist ab dem 10.03.2023 als Stream und Download erh\u00e4ltlich und k\u00fcndigt auch das gleichnamige Studioalbum an, das am 12.05.2023 erscheinen wird.<\/p>\n<p><span style=\"color: #800000;\"><strong>Quelle: Telamo<\/strong><\/span><\/p>\n<p><span style=\"color: #800000;\"><strong>Dieser Song ist ab dem 10.03.2023 in allen bekannten Onlineshops erh\u00e4ltlich!<\/strong><\/span><\/p>\n<p><span style=\"color: #800000;\"><strong>Airdate (f\u00fcr Radiosender): 10.03.2023<\/strong><\/span><\/p>\n","protected":false},"excerpt":{"rendered":"<p>Die Calimeros k\u00fcndigen ihr neues Studioalbum an: Mit einem enorm starken Sommersong er\u00f6ffnen die Calimeros schon jetzt die hei\u00dfeste Zeit des Jahres und welche sonnige Metropole k\u00f6nnte sich daf\u00fcr thematisch besser eignen als die kubanische Hauptstadt Havanna. Genau dorthin reist das Erfolgstrio mit ihrer Vorab-Single \u201cMarianna Havanna\u201d \u2013 ab 10.03.2023 als Stream &amp; Download erh\u00e4ltlich. Die umgangssprachliche Zuckerinsel bildet den musikalischen Urlaubsauftakt und eine geheimnisvolle Marianna entflammt passenderweise die Sinne. Die bezaubernde Songgeschichte gestaltet sich in bew\u00e4hrter Calimeros-Manier bunt, temperamentvoll und sonnendurchflutet. Mit \u201cMarianna Havanna\u201d liefert die Song-Manufaktur um Frontmann Roland Eberhart eine strahlende Single, die passend zur baldigen Saison nicht nur die Fangemeinde aufhorchen&#8230;<\/p>\n","protected":false},"author":1,"featured_media":16221,"comment_status":"open","ping_status":"open","sticky":false,"template":"","format":"standard","meta":{"footnotes":""},"categories":[2],"tags":[763],"class_list":["post-16219","post","type-post","status-publish","format-standard","has-post-thumbnail","hentry","category-schlager","tag-calimeros","wpcat-2-id"],"_links":{"self":[{"href":"https:\/\/bergers-schlagerparadies.de\/index.php?rest_route=\/wp\/v2\/posts\/16219","targetHints":{"allow":["GET"]}}],"collection":[{"href":"https:\/\/bergers-schlagerparadies.de\/index.php?rest_route=\/wp\/v2\/posts"}],"about":[{"href":"https:\/\/bergers-schlagerparadies.de\/index.php?rest_route=\/wp\/v2\/types\/post"}],"author":[{"embeddable":true,"href":"https:\/\/bergers-schlagerparadies.de\/index.php?rest_route=\/wp\/v2\/users\/1"}],"replies":[{"embeddable":true,"href":"https:\/\/bergers-schlagerparadies.de\/index.php?rest_route=%2Fwp%2Fv2%2Fcomments&post=16219"}],"version-history":[{"count":1,"href":"https:\/\/bergers-schlagerparadies.de\/index.php?rest_route=\/wp\/v2\/posts\/16219\/revisions"}],"predecessor-version":[{"id":16222,"href":"https:\/\/bergers-schlagerparadies.de\/index.php?rest_route=\/wp\/v2\/posts\/16219\/revisions\/16222"}],"wp:featuredmedia":[{"embeddable":true,"href":"https:\/\/bergers-schlagerparadies.de\/index.php?rest_route=\/wp\/v2\/media\/16221"}],"wp:attachment":[{"href":"https:\/\/bergers-schlagerparadies.de\/index.php?rest_route=%2Fwp%2Fv2%2Fmedia&parent=16219"}],"wp:term":[{"taxonomy":"category","embeddable":true,"href":"https:\/\/bergers-schlagerparadies.de\/index.php?rest_route=%2Fwp%2Fv2%2Fcategories&post=16219"},{"taxonomy":"post_tag","embeddable":true,"href":"https:\/\/bergers-schlagerparadies.de\/index.php?rest_route=%2Fwp%2Fv2%2Ftags&post=16219"}],"curies":[{"name":"wp","href":"https:\/\/api.w.org\/{rel}","templated":true}]}}