{"id":16211,"date":"2023-03-10T13:09:56","date_gmt":"2023-03-10T12:09:56","guid":{"rendered":"https:\/\/bergers-schlagerparadies.de\/?p=16211"},"modified":"2023-03-10T13:09:56","modified_gmt":"2023-03-10T12:09:56","slug":"peter-david-koenigin-der-nacht-%c2%b7-bergers-schlagerparadies","status":"publish","type":"post","link":"https:\/\/bergers-schlagerparadies.de\/?p=16211","title":{"rendered":"Peter David &#8211; K\u00f6nigin der Nacht \u00b7 Berger\u00b4s Schlagerparadies"},"content":{"rendered":"<p><img loading=\"lazy\" decoding=\"async\" class=\"size-medium wp-image-16213 alignleft\" src=\"https:\/\/bergers-schlagerparadies.de\/wp-content\/uploads\/2023\/03\/Peter-David-Koenigin-der-Nacht-300x300.jpg\" alt=\"\" width=\"300\" height=\"300\" srcset=\"https:\/\/bergers-schlagerparadies.de\/wp-content\/uploads\/2023\/03\/Peter-David-Koenigin-der-Nacht-300x300.jpg 300w, https:\/\/bergers-schlagerparadies.de\/wp-content\/uploads\/2023\/03\/Peter-David-Koenigin-der-Nacht-1024x1024.jpg 1024w, https:\/\/bergers-schlagerparadies.de\/wp-content\/uploads\/2023\/03\/Peter-David-Koenigin-der-Nacht-150x150.jpg 150w, https:\/\/bergers-schlagerparadies.de\/wp-content\/uploads\/2023\/03\/Peter-David-Koenigin-der-Nacht-768x768.jpg 768w, https:\/\/bergers-schlagerparadies.de\/wp-content\/uploads\/2023\/03\/Peter-David-Koenigin-der-Nacht-1536x1536.jpg 1536w, https:\/\/bergers-schlagerparadies.de\/wp-content\/uploads\/2023\/03\/Peter-David-Koenigin-der-Nacht-2048x2048.jpg 2048w, https:\/\/bergers-schlagerparadies.de\/wp-content\/uploads\/2023\/03\/Peter-David-Koenigin-der-Nacht-1200x1200.jpg 1200w, https:\/\/bergers-schlagerparadies.de\/wp-content\/uploads\/2023\/03\/Peter-David-Koenigin-der-Nacht-1188x1188.jpg 1188w, https:\/\/bergers-schlagerparadies.de\/wp-content\/uploads\/2023\/03\/Peter-David-Koenigin-der-Nacht-100x100.jpg 100w\" sizes=\"auto, (max-width: 300px) 100vw, 300px\" \/>Wenn es in der Musikbranche eine zuverl\u00e4ssige Konstante gibt, dann ist es der bekannte K\u00fcnstler Peter David. Denn auch mit seiner neuen Single zeigt er wieder einmal eindrucksvoll, dass man sich niemals sicher sein kann, mit welchem gro\u00dfartigen Projekt Peter als N\u00e4chstes auf dem musikalischen Parkett erscheint.<\/p>\n<p>\u201eK\u00f6nigin der Nacht\u201c, so der brandneue Titel, beweist wieder einmal, wie wandlungsf\u00e4hig er sein kann.<\/p>\n<p>Eben noch hat er mit \u201eDer Fox dieser Nacht\u201c im Popschlager die Tanzfl\u00e4chen gef\u00fcllt, so tut er es im n\u00e4chsten Augenblick den ganz Gro\u00dfen gleich und pr\u00e4sentiert einen Song, der ohne weiteres im Radio rauf und runter laufen kann.<\/p>\n<p>War Bernd Havixbeck auch hier wieder f\u00fcr Text und Komposition verantwortlich, so wurde in der Produktion erstmals eine Zusammenarbeit mit dem erfolgreichen Produzenten Thomas Lackmann angestrebt. Und das Ergebnis beweist eindrucksvoll, dass dies die richtige Wahl gewesen ist.<\/p>\n<p>Zu einem sp\u00e4teren Zeitpunkt wird es wie gewohnt einen DJ-Mix von dieser Single geben, sodass neben den Radioredakteuren auch die f\u00fcr den Markt so wichtigen DJ\u2019s an dem Song Gefallen finden.<\/p>\n<p><span style=\"color: #800000;\"><strong>Quelle: Fiesta Records<\/strong><\/span><\/p>\n<p><span style=\"color: #800000;\"><strong>Dieser Song ist ab dem 14.03.2023 in allen bekannten Onlineshops erh\u00e4ltlich!<\/strong><\/span><\/p>\n<p><span style=\"color: #800000;\"><strong>Airdate (f\u00fcr Radiosender): 10.03.2023<\/strong><\/span><\/p>\n","protected":false},"excerpt":{"rendered":"<p>Wenn es in der Musikbranche eine zuverl\u00e4ssige Konstante gibt, dann ist es der bekannte K\u00fcnstler Peter David. Denn auch mit seiner neuen Single zeigt er wieder einmal eindrucksvoll, dass man sich niemals sicher sein kann, mit welchem gro\u00dfartigen Projekt Peter als N\u00e4chstes auf dem musikalischen Parkett erscheint. \u201eK\u00f6nigin der Nacht\u201c, so der brandneue Titel, beweist wieder einmal, wie wandlungsf\u00e4hig er sein kann. Eben noch hat er mit \u201eDer Fox dieser Nacht\u201c im Popschlager die Tanzfl\u00e4chen gef\u00fcllt, so tut er es im n\u00e4chsten Augenblick den ganz Gro\u00dfen gleich und pr\u00e4sentiert einen Song, der ohne weiteres im Radio rauf und runter laufen kann. War Bernd Havixbeck auch&#8230;<\/p>\n","protected":false},"author":1,"featured_media":16213,"comment_status":"open","ping_status":"open","sticky":false,"template":"","format":"standard","meta":{"footnotes":""},"categories":[2],"tags":[53],"class_list":["post-16211","post","type-post","status-publish","format-standard","has-post-thumbnail","hentry","category-schlager","tag-peter-david","wpcat-2-id"],"_links":{"self":[{"href":"https:\/\/bergers-schlagerparadies.de\/index.php?rest_route=\/wp\/v2\/posts\/16211","targetHints":{"allow":["GET"]}}],"collection":[{"href":"https:\/\/bergers-schlagerparadies.de\/index.php?rest_route=\/wp\/v2\/posts"}],"about":[{"href":"https:\/\/bergers-schlagerparadies.de\/index.php?rest_route=\/wp\/v2\/types\/post"}],"author":[{"embeddable":true,"href":"https:\/\/bergers-schlagerparadies.de\/index.php?rest_route=\/wp\/v2\/users\/1"}],"replies":[{"embeddable":true,"href":"https:\/\/bergers-schlagerparadies.de\/index.php?rest_route=%2Fwp%2Fv2%2Fcomments&post=16211"}],"version-history":[{"count":1,"href":"https:\/\/bergers-schlagerparadies.de\/index.php?rest_route=\/wp\/v2\/posts\/16211\/revisions"}],"predecessor-version":[{"id":16214,"href":"https:\/\/bergers-schlagerparadies.de\/index.php?rest_route=\/wp\/v2\/posts\/16211\/revisions\/16214"}],"wp:featuredmedia":[{"embeddable":true,"href":"https:\/\/bergers-schlagerparadies.de\/index.php?rest_route=\/wp\/v2\/media\/16213"}],"wp:attachment":[{"href":"https:\/\/bergers-schlagerparadies.de\/index.php?rest_route=%2Fwp%2Fv2%2Fmedia&parent=16211"}],"wp:term":[{"taxonomy":"category","embeddable":true,"href":"https:\/\/bergers-schlagerparadies.de\/index.php?rest_route=%2Fwp%2Fv2%2Fcategories&post=16211"},{"taxonomy":"post_tag","embeddable":true,"href":"https:\/\/bergers-schlagerparadies.de\/index.php?rest_route=%2Fwp%2Fv2%2Ftags&post=16211"}],"curies":[{"name":"wp","href":"https:\/\/api.w.org\/{rel}","templated":true}]}}