{"id":16088,"date":"2023-03-03T15:26:41","date_gmt":"2023-03-03T14:26:41","guid":{"rendered":"https:\/\/bergers-schlagerparadies.de\/?p=16088"},"modified":"2023-03-03T15:26:41","modified_gmt":"2023-03-03T14:26:41","slug":"frank-poeschl-schluss-aus-und-vorbei-%c2%b7-bergers-schlagerparadies","status":"publish","type":"post","link":"https:\/\/bergers-schlagerparadies.de\/?p=16088","title":{"rendered":"Frank P\u00f6schl &#8211; Schluss aus und vorbei \u00b7 Berger\u00b4s Schlagerparadies"},"content":{"rendered":"<p><img loading=\"lazy\" decoding=\"async\" class=\"size-medium wp-image-16090 alignleft\" src=\"https:\/\/bergers-schlagerparadies.de\/wp-content\/uploads\/2023\/03\/Frank-Poeschl-Schluss-aus-und-vorbei-300x300.jpg\" alt=\"\" width=\"300\" height=\"300\" srcset=\"https:\/\/bergers-schlagerparadies.de\/wp-content\/uploads\/2023\/03\/Frank-Poeschl-Schluss-aus-und-vorbei-300x300.jpg 300w, https:\/\/bergers-schlagerparadies.de\/wp-content\/uploads\/2023\/03\/Frank-Poeschl-Schluss-aus-und-vorbei-1024x1024.jpg 1024w, https:\/\/bergers-schlagerparadies.de\/wp-content\/uploads\/2023\/03\/Frank-Poeschl-Schluss-aus-und-vorbei-150x150.jpg 150w, https:\/\/bergers-schlagerparadies.de\/wp-content\/uploads\/2023\/03\/Frank-Poeschl-Schluss-aus-und-vorbei-768x768.jpg 768w, https:\/\/bergers-schlagerparadies.de\/wp-content\/uploads\/2023\/03\/Frank-Poeschl-Schluss-aus-und-vorbei-1536x1536.jpg 1536w, https:\/\/bergers-schlagerparadies.de\/wp-content\/uploads\/2023\/03\/Frank-Poeschl-Schluss-aus-und-vorbei-2048x2048.jpg 2048w, https:\/\/bergers-schlagerparadies.de\/wp-content\/uploads\/2023\/03\/Frank-Poeschl-Schluss-aus-und-vorbei-1200x1200.jpg 1200w, https:\/\/bergers-schlagerparadies.de\/wp-content\/uploads\/2023\/03\/Frank-Poeschl-Schluss-aus-und-vorbei-1188x1188.jpg 1188w, https:\/\/bergers-schlagerparadies.de\/wp-content\/uploads\/2023\/03\/Frank-Poeschl-Schluss-aus-und-vorbei-100x100.jpg 100w\" sizes=\"auto, (max-width: 300px) 100vw, 300px\" \/>Bereits seit fr\u00fchester Jugend bet\u00e4tigt sich Frank P\u00f6schl musikalisch. So begann er im Alter von 8 Jahren mit dem Instrument Klarinette und war Teil eines Jugendblasorchesters. Mit 15 Jahren begann dann der Einstieg in die Blaskapelle, woraufhin das Alt-Saxophon in einer Bigband folgte.<\/p>\n<p>Nach einigen Auftritten schloss sich Frank einer Band an und war dort der S\u00e4nger f\u00fcr Schlagermusik. Genau dieses Genre erf\u00fcllte ihn mit Freude und Spa\u00df. Doch mit etwa 20 Jahren musste er aus beruflichen Gr\u00fcnden mit der Musik aufh\u00f6ren, da er seit dem 15. Lebensjahr in der Altenpflege arbeitete.<\/p>\n<p>So vergingen gute 30 Jahre in denen sich Frank mit einem \u201eBetreuten Wohnen f\u00fcr sozial Schwache\u201c und einem Pflegedienst selbstst\u00e4ndig machte. Er organisierte seinen Betrieb \u00fcber die Jahre so, dass er wieder \u00fcber das Musik machen nachdenken konnte.<\/p>\n<p>Und so folgte die Produktion seines ersten eigenen Songs: \u201eSchluss, aus und vorbei\u201c. Jedoch ist das nur der Titel des Songs, denn jetzt geht es erst richtig los f\u00fcr den Schlagers\u00e4nger Frank P\u00f6schl!<\/p>\n<p>\u201eWeitere Songs sind schon fertig produziert und ich freue mich auf alles, was musikalisch noch kommen wird.\u201c, so der K\u00fcnstler.<\/p>\n<p><span style=\"color: #800000;\"><strong>Quelle: Herzrausch Musik<\/strong><\/span><\/p>\n<p><span style=\"color: #800000;\"><strong>Dieser Song ist ab dem 03.03.2023 in allen bekannten Onlineshops erh\u00e4ltlich!<\/strong><\/span><\/p>\n<p><span style=\"color: #800000;\"><strong>Airdate (f\u00fcr Radiosender): 03.03.2023<\/strong><\/span><\/p>\n","protected":false},"excerpt":{"rendered":"<p>Bereits seit fr\u00fchester Jugend bet\u00e4tigt sich Frank P\u00f6schl musikalisch. So begann er im Alter von 8 Jahren mit dem Instrument Klarinette und war Teil eines Jugendblasorchesters. Mit 15 Jahren begann dann der Einstieg in die Blaskapelle, woraufhin das Alt-Saxophon in einer Bigband folgte. Nach einigen Auftritten schloss sich Frank einer Band an und war dort der S\u00e4nger f\u00fcr Schlagermusik. Genau dieses Genre erf\u00fcllte ihn mit Freude und Spa\u00df. Doch mit etwa 20 Jahren musste er aus beruflichen Gr\u00fcnden mit der Musik aufh\u00f6ren, da er seit dem 15. Lebensjahr in der Altenpflege arbeitete. So vergingen gute 30 Jahre in denen sich Frank mit einem \u201eBetreuten Wohnen&#8230;<\/p>\n","protected":false},"author":1,"featured_media":16090,"comment_status":"open","ping_status":"open","sticky":false,"template":"","format":"standard","meta":{"footnotes":""},"categories":[2],"tags":[1691],"class_list":["post-16088","post","type-post","status-publish","format-standard","has-post-thumbnail","hentry","category-schlager","tag-frank-poeschl","wpcat-2-id"],"_links":{"self":[{"href":"https:\/\/bergers-schlagerparadies.de\/index.php?rest_route=\/wp\/v2\/posts\/16088","targetHints":{"allow":["GET"]}}],"collection":[{"href":"https:\/\/bergers-schlagerparadies.de\/index.php?rest_route=\/wp\/v2\/posts"}],"about":[{"href":"https:\/\/bergers-schlagerparadies.de\/index.php?rest_route=\/wp\/v2\/types\/post"}],"author":[{"embeddable":true,"href":"https:\/\/bergers-schlagerparadies.de\/index.php?rest_route=\/wp\/v2\/users\/1"}],"replies":[{"embeddable":true,"href":"https:\/\/bergers-schlagerparadies.de\/index.php?rest_route=%2Fwp%2Fv2%2Fcomments&post=16088"}],"version-history":[{"count":1,"href":"https:\/\/bergers-schlagerparadies.de\/index.php?rest_route=\/wp\/v2\/posts\/16088\/revisions"}],"predecessor-version":[{"id":16091,"href":"https:\/\/bergers-schlagerparadies.de\/index.php?rest_route=\/wp\/v2\/posts\/16088\/revisions\/16091"}],"wp:featuredmedia":[{"embeddable":true,"href":"https:\/\/bergers-schlagerparadies.de\/index.php?rest_route=\/wp\/v2\/media\/16090"}],"wp:attachment":[{"href":"https:\/\/bergers-schlagerparadies.de\/index.php?rest_route=%2Fwp%2Fv2%2Fmedia&parent=16088"}],"wp:term":[{"taxonomy":"category","embeddable":true,"href":"https:\/\/bergers-schlagerparadies.de\/index.php?rest_route=%2Fwp%2Fv2%2Fcategories&post=16088"},{"taxonomy":"post_tag","embeddable":true,"href":"https:\/\/bergers-schlagerparadies.de\/index.php?rest_route=%2Fwp%2Fv2%2Ftags&post=16088"}],"curies":[{"name":"wp","href":"https:\/\/api.w.org\/{rel}","templated":true}]}}