{"id":15990,"date":"2023-03-02T22:14:02","date_gmt":"2023-03-02T21:14:02","guid":{"rendered":"https:\/\/bergers-schlagerparadies.de\/?p=15990"},"modified":"2023-03-02T22:14:02","modified_gmt":"2023-03-02T21:14:02","slug":"jan-simon-so-fuehlt-sich-liebe-an-%c2%b7-bergers-schlagerparadies","status":"publish","type":"post","link":"https:\/\/bergers-schlagerparadies.de\/?p=15990","title":{"rendered":"Jan Simon &#8211; So f\u00fchlt sich Liebe an \u00b7 Berger\u00b4s Schlagerparadies"},"content":{"rendered":"<p><img loading=\"lazy\" decoding=\"async\" class=\"size-medium wp-image-15992 alignleft\" src=\"https:\/\/bergers-schlagerparadies.de\/wp-content\/uploads\/2023\/03\/Jan-Simon-So-fuehlt-sich-Liebe-an-300x300.jpg\" alt=\"\" width=\"300\" height=\"300\" srcset=\"https:\/\/bergers-schlagerparadies.de\/wp-content\/uploads\/2023\/03\/Jan-Simon-So-fuehlt-sich-Liebe-an-300x300.jpg 300w, https:\/\/bergers-schlagerparadies.de\/wp-content\/uploads\/2023\/03\/Jan-Simon-So-fuehlt-sich-Liebe-an-1024x1024.jpg 1024w, https:\/\/bergers-schlagerparadies.de\/wp-content\/uploads\/2023\/03\/Jan-Simon-So-fuehlt-sich-Liebe-an-150x150.jpg 150w, https:\/\/bergers-schlagerparadies.de\/wp-content\/uploads\/2023\/03\/Jan-Simon-So-fuehlt-sich-Liebe-an-768x768.jpg 768w, https:\/\/bergers-schlagerparadies.de\/wp-content\/uploads\/2023\/03\/Jan-Simon-So-fuehlt-sich-Liebe-an-1536x1536.jpg 1536w, https:\/\/bergers-schlagerparadies.de\/wp-content\/uploads\/2023\/03\/Jan-Simon-So-fuehlt-sich-Liebe-an-2048x2048.jpg 2048w, https:\/\/bergers-schlagerparadies.de\/wp-content\/uploads\/2023\/03\/Jan-Simon-So-fuehlt-sich-Liebe-an-1200x1200.jpg 1200w, https:\/\/bergers-schlagerparadies.de\/wp-content\/uploads\/2023\/03\/Jan-Simon-So-fuehlt-sich-Liebe-an-1188x1188.jpg 1188w, https:\/\/bergers-schlagerparadies.de\/wp-content\/uploads\/2023\/03\/Jan-Simon-So-fuehlt-sich-Liebe-an-100x100.jpg 100w\" sizes=\"auto, (max-width: 300px) 100vw, 300px\" \/>Endlich ist es so weit &#8211; die kalte Winterzeit ist vor\u00fcber und Jan Simon startet mit seinem neuen Song \u201eSo f\u00fchlt sich Liebe an\u201c in die sonnige Jahreszeit.<\/p>\n<p>Mit diesem Titel m\u00f6chte Jan seine Gef\u00fchle zu seiner Ehefrau Alexandra zum Ausdruck bringen. Denn wenn man sich geborgen, geliebt und verstanden f\u00fchlt, dann kann man von purem Gl\u00fcck sprechen. Denn wenn man das Gl\u00fcck in der Liebe gefunden hat und diese auch noch erleben darf, wei\u00df man, \u201eso f\u00fchlt sich Liebe an\u201c.<\/p>\n<p>F\u00fcr die Komposition und den Text ist das Erfolgsduo Jan und Jascha verantwortlich.<br \/>\nZudem wurde der Song mit sehr viel Gef\u00fchl von C-Base produziert.<br \/>\nDie Gestaltung des Covers und auch das Musikvideo wurde wie immer vom Event TV Hunzelder erfolgreich umgesetzt.<\/p>\n<p><span style=\"color: #800000;\"><strong>Quelle: Fiesta Records<\/strong><\/span><\/p>\n<p><span style=\"color: #800000;\"><strong>Dieser Song ist ab dem 03.03.2023 in allen bekannten Onlineshops erh\u00e4ltlich!<\/strong><\/span><\/p>\n<p><span style=\"color: #800000;\"><strong>Airdate (f\u00fcr Radiosender): 02.03.2023<\/strong><\/span><\/p>\n","protected":false},"excerpt":{"rendered":"<p>Endlich ist es so weit &#8211; die kalte Winterzeit ist vor\u00fcber und Jan Simon startet mit seinem neuen Song \u201eSo f\u00fchlt sich Liebe an\u201c in die sonnige Jahreszeit. Mit diesem Titel m\u00f6chte Jan seine Gef\u00fchle zu seiner Ehefrau Alexandra zum Ausdruck bringen. Denn wenn man sich geborgen, geliebt und verstanden f\u00fchlt, dann kann man von purem Gl\u00fcck sprechen. Denn wenn man das Gl\u00fcck in der Liebe gefunden hat und diese auch noch erleben darf, wei\u00df man, \u201eso f\u00fchlt sich Liebe an\u201c. F\u00fcr die Komposition und den Text ist das Erfolgsduo Jan und Jascha verantwortlich. Zudem wurde der Song mit sehr viel Gef\u00fchl von C-Base produziert&#8230;.<\/p>\n","protected":false},"author":1,"featured_media":15992,"comment_status":"open","ping_status":"open","sticky":false,"template":"","format":"standard","meta":{"footnotes":""},"categories":[2],"tags":[62],"class_list":["post-15990","post","type-post","status-publish","format-standard","has-post-thumbnail","hentry","category-schlager","tag-jan-simon","wpcat-2-id"],"_links":{"self":[{"href":"https:\/\/bergers-schlagerparadies.de\/index.php?rest_route=\/wp\/v2\/posts\/15990","targetHints":{"allow":["GET"]}}],"collection":[{"href":"https:\/\/bergers-schlagerparadies.de\/index.php?rest_route=\/wp\/v2\/posts"}],"about":[{"href":"https:\/\/bergers-schlagerparadies.de\/index.php?rest_route=\/wp\/v2\/types\/post"}],"author":[{"embeddable":true,"href":"https:\/\/bergers-schlagerparadies.de\/index.php?rest_route=\/wp\/v2\/users\/1"}],"replies":[{"embeddable":true,"href":"https:\/\/bergers-schlagerparadies.de\/index.php?rest_route=%2Fwp%2Fv2%2Fcomments&post=15990"}],"version-history":[{"count":1,"href":"https:\/\/bergers-schlagerparadies.de\/index.php?rest_route=\/wp\/v2\/posts\/15990\/revisions"}],"predecessor-version":[{"id":15993,"href":"https:\/\/bergers-schlagerparadies.de\/index.php?rest_route=\/wp\/v2\/posts\/15990\/revisions\/15993"}],"wp:featuredmedia":[{"embeddable":true,"href":"https:\/\/bergers-schlagerparadies.de\/index.php?rest_route=\/wp\/v2\/media\/15992"}],"wp:attachment":[{"href":"https:\/\/bergers-schlagerparadies.de\/index.php?rest_route=%2Fwp%2Fv2%2Fmedia&parent=15990"}],"wp:term":[{"taxonomy":"category","embeddable":true,"href":"https:\/\/bergers-schlagerparadies.de\/index.php?rest_route=%2Fwp%2Fv2%2Fcategories&post=15990"},{"taxonomy":"post_tag","embeddable":true,"href":"https:\/\/bergers-schlagerparadies.de\/index.php?rest_route=%2Fwp%2Fv2%2Ftags&post=15990"}],"curies":[{"name":"wp","href":"https:\/\/api.w.org\/{rel}","templated":true}]}}