{"id":15977,"date":"2023-03-13T10:30:26","date_gmt":"2023-03-13T09:30:26","guid":{"rendered":"https:\/\/bergers-schlagerparadies.de\/?p=15977"},"modified":"2023-03-02T20:35:19","modified_gmt":"2023-03-02T19:35:19","slug":"schweizer-zeitmaschine-%c2%b7-bergers-schlagerparadies","status":"publish","type":"post","link":"https:\/\/bergers-schlagerparadies.de\/?p=15977","title":{"rendered":"Schweizer &#8211; Zeitmaschine \u00b7 Berger\u00b4s Schlagerparadies"},"content":{"rendered":"<p><img loading=\"lazy\" decoding=\"async\" class=\"size-medium wp-image-15979 alignleft\" src=\"https:\/\/bergers-schlagerparadies.de\/wp-content\/uploads\/2023\/03\/Schweizer-Zeitmaschine-300x300.jpg\" alt=\"\" width=\"300\" height=\"300\" srcset=\"https:\/\/bergers-schlagerparadies.de\/wp-content\/uploads\/2023\/03\/Schweizer-Zeitmaschine-300x300.jpg 300w, https:\/\/bergers-schlagerparadies.de\/wp-content\/uploads\/2023\/03\/Schweizer-Zeitmaschine-1024x1024.jpg 1024w, https:\/\/bergers-schlagerparadies.de\/wp-content\/uploads\/2023\/03\/Schweizer-Zeitmaschine-150x150.jpg 150w, https:\/\/bergers-schlagerparadies.de\/wp-content\/uploads\/2023\/03\/Schweizer-Zeitmaschine-768x768.jpg 768w, https:\/\/bergers-schlagerparadies.de\/wp-content\/uploads\/2023\/03\/Schweizer-Zeitmaschine-1200x1200.jpg 1200w, https:\/\/bergers-schlagerparadies.de\/wp-content\/uploads\/2023\/03\/Schweizer-Zeitmaschine-1188x1188.jpg 1188w, https:\/\/bergers-schlagerparadies.de\/wp-content\/uploads\/2023\/03\/Schweizer-Zeitmaschine-100x100.jpg 100w, https:\/\/bergers-schlagerparadies.de\/wp-content\/uploads\/2023\/03\/Schweizer-Zeitmaschine.jpg 1440w\" sizes=\"auto, (max-width: 300px) 100vw, 300px\" \/>Ein kleiner Junge sitzt am K\u00fcchentisch und macht Hausaufgaben. Ein Kofferradio dudelt leise vor sich. Auf einmal h\u00f6rt er diesen neuen Song, sein F\u00fcller f\u00e4llt ihm langsam aus der Hand. Und die Zeit scheint kurz still zu stehen\u2026<\/p>\n<p>Schweizers neue Single \u201eZeitmaschine\u201c ist eine Ode an l\u00e4ngst vergangene Tagen, an die gesammelten Erinnerungen und ihre F\u00e4higkeit, einen immer wieder zur\u00fcck zu diesen Orten und Momenten zu bringen. Doch der Song handelt auch von den herrschenden Umst\u00e4nden, von Tr\u00e4umen, Hoffnungen, und gro\u00dfen Emotionen, die das Leben bis in die Gegenwart pr\u00e4gen.<br \/>\n\u201eIch will den H\u00f6rer auf eine Reise in die 60er Jahre mitnehmen\u201c, sagt Schweizer zum Song. \u201eEine Zeit voller Tr\u00e4ume und Idealismus, aber auch Entt\u00e4uschungen und Gl\u00fccksgef\u00fchle \u2013 vor allem aber viel Musik. Steigt einfach in die \u201eZeitmaschine\u201c ein\u201c.<\/p>\n<p>F\u00fcr die Umsetzung der Idee vertraut Schweizer erneut auf Willy Kl\u00fcter, mit dem er seit Jahren zusammenarbeitet und bereits gro\u00dfe Erfolge erzielen konnte. Auch die Komposition ist voller positiver Energie: Ruhige Strophen begleiten den in Erinnerungen schwelgenden Text, w\u00e4hrend der Refrain energetisch und poppig f\u00fcr gute Laune sorgt. \u201eZeitmaschine\u201c ist ein rundum gelungener Song, der mit handwerklicher Qualit\u00e4t und Authentizit\u00e4t \u00fcberzeugt.<\/p>\n<p><span style=\"color: #800000;\"><strong>Quelle: Osnaton Records<\/strong><\/span><\/p>\n<p><span style=\"color: #800000;\"><strong>Dieser Song ist ab dem 17.03.2023 in allen bekannten Onlineshops erh\u00e4ltlich!<\/strong><\/span><\/p>\n<p><span style=\"color: #800000;\"><strong>Airdate (f\u00fcr Radiosender): 17.03.2023<\/strong><\/span><\/p>\n","protected":false},"excerpt":{"rendered":"<p>Ein kleiner Junge sitzt am K\u00fcchentisch und macht Hausaufgaben. Ein Kofferradio dudelt leise vor sich. Auf einmal h\u00f6rt er diesen neuen Song, sein F\u00fcller f\u00e4llt ihm langsam aus der Hand. Und die Zeit scheint kurz still zu stehen\u2026 Schweizers neue Single \u201eZeitmaschine\u201c ist eine Ode an l\u00e4ngst vergangene Tagen, an die gesammelten Erinnerungen und ihre F\u00e4higkeit, einen immer wieder zur\u00fcck zu diesen Orten und Momenten zu bringen. Doch der Song handelt auch von den herrschenden Umst\u00e4nden, von Tr\u00e4umen, Hoffnungen, und gro\u00dfen Emotionen, die das Leben bis in die Gegenwart pr\u00e4gen. \u201eIch will den H\u00f6rer auf eine Reise in die 60er Jahre mitnehmen\u201c, sagt Schweizer zum&#8230;<\/p>\n","protected":false},"author":1,"featured_media":15979,"comment_status":"open","ping_status":"open","sticky":false,"template":"","format":"standard","meta":{"footnotes":""},"categories":[2],"tags":[1179],"class_list":["post-15977","post","type-post","status-publish","format-standard","has-post-thumbnail","hentry","category-schlager","tag-schweizer","wpcat-2-id"],"_links":{"self":[{"href":"https:\/\/bergers-schlagerparadies.de\/index.php?rest_route=\/wp\/v2\/posts\/15977","targetHints":{"allow":["GET"]}}],"collection":[{"href":"https:\/\/bergers-schlagerparadies.de\/index.php?rest_route=\/wp\/v2\/posts"}],"about":[{"href":"https:\/\/bergers-schlagerparadies.de\/index.php?rest_route=\/wp\/v2\/types\/post"}],"author":[{"embeddable":true,"href":"https:\/\/bergers-schlagerparadies.de\/index.php?rest_route=\/wp\/v2\/users\/1"}],"replies":[{"embeddable":true,"href":"https:\/\/bergers-schlagerparadies.de\/index.php?rest_route=%2Fwp%2Fv2%2Fcomments&post=15977"}],"version-history":[{"count":1,"href":"https:\/\/bergers-schlagerparadies.de\/index.php?rest_route=\/wp\/v2\/posts\/15977\/revisions"}],"predecessor-version":[{"id":15980,"href":"https:\/\/bergers-schlagerparadies.de\/index.php?rest_route=\/wp\/v2\/posts\/15977\/revisions\/15980"}],"wp:featuredmedia":[{"embeddable":true,"href":"https:\/\/bergers-schlagerparadies.de\/index.php?rest_route=\/wp\/v2\/media\/15979"}],"wp:attachment":[{"href":"https:\/\/bergers-schlagerparadies.de\/index.php?rest_route=%2Fwp%2Fv2%2Fmedia&parent=15977"}],"wp:term":[{"taxonomy":"category","embeddable":true,"href":"https:\/\/bergers-schlagerparadies.de\/index.php?rest_route=%2Fwp%2Fv2%2Fcategories&post=15977"},{"taxonomy":"post_tag","embeddable":true,"href":"https:\/\/bergers-schlagerparadies.de\/index.php?rest_route=%2Fwp%2Fv2%2Ftags&post=15977"}],"curies":[{"name":"wp","href":"https:\/\/api.w.org\/{rel}","templated":true}]}}