{"id":15865,"date":"2023-02-17T16:52:39","date_gmt":"2023-02-17T15:52:39","guid":{"rendered":"https:\/\/bergers-schlagerparadies.de\/?p=15865"},"modified":"2023-02-17T16:52:39","modified_gmt":"2023-02-17T15:52:39","slug":"patrick-lindner-all-deine-farben-%c2%b7-bergers-schlagerparadies","status":"publish","type":"post","link":"https:\/\/bergers-schlagerparadies.de\/?p=15865","title":{"rendered":"Patrick Lindner &#8211; (All) Deine Farben \u00b7 Berger\u00b4s Schlagerparadies"},"content":{"rendered":"<p><img loading=\"lazy\" decoding=\"async\" class=\"size-medium wp-image-15867 alignleft\" src=\"https:\/\/bergers-schlagerparadies.de\/wp-content\/uploads\/2023\/02\/Patrick-Lindner-All-Deine-Farben-300x300.jpg\" alt=\"\" width=\"300\" height=\"300\" srcset=\"https:\/\/bergers-schlagerparadies.de\/wp-content\/uploads\/2023\/02\/Patrick-Lindner-All-Deine-Farben-300x300.jpg 300w, https:\/\/bergers-schlagerparadies.de\/wp-content\/uploads\/2023\/02\/Patrick-Lindner-All-Deine-Farben-1024x1024.jpg 1024w, https:\/\/bergers-schlagerparadies.de\/wp-content\/uploads\/2023\/02\/Patrick-Lindner-All-Deine-Farben-150x150.jpg 150w, https:\/\/bergers-schlagerparadies.de\/wp-content\/uploads\/2023\/02\/Patrick-Lindner-All-Deine-Farben-768x768.jpg 768w, https:\/\/bergers-schlagerparadies.de\/wp-content\/uploads\/2023\/02\/Patrick-Lindner-All-Deine-Farben-1200x1200.jpg 1200w, https:\/\/bergers-schlagerparadies.de\/wp-content\/uploads\/2023\/02\/Patrick-Lindner-All-Deine-Farben-1188x1188.jpg 1188w, https:\/\/bergers-schlagerparadies.de\/wp-content\/uploads\/2023\/02\/Patrick-Lindner-All-Deine-Farben-100x100.jpg 100w, https:\/\/bergers-schlagerparadies.de\/wp-content\/uploads\/2023\/02\/Patrick-Lindner-All-Deine-Farben.jpg 1440w\" sizes=\"auto, (max-width: 300px) 100vw, 300px\" \/>Patrick Lindner zelebriert die ganze Farbpalette der Fr\u00fchlingsgef\u00fchle: Seine neue Single \u201e(All) Deine Farben\u201c ist ab dem 17. Februar \u00fcberall im Stream verf\u00fcgbar!<\/p>\n<p>Als absoluter Herzensmensch wei\u00df Patrick Lindner ganz genau, wie umwerfend, belebend und \u00fcberw\u00e4ltigend die Liebe sich anf\u00fchlen kann: Seine brandneue Single \u201e(All) Deine Farben\u201c handelt von einem regelrechten Rausch der Fr\u00fchlingsgef\u00fchle, wenn der M\u00fcnchener die Magie der Liebe besingt und von einem tiefen Gl\u00fccksgef\u00fchl berichtet, das unglaublich intensiv und unbedingt ansteckend ist. Mit etwas Vorsprung vor dem tats\u00e4chlichen Fr\u00fchlingsauftakt, erscheint seine neueste Single am 17. Februar 2023 bei TELAMO.<\/p>\n<p>\u201eManchmal ist es einfach verr\u00fcckt\u201c, versucht Patrick Lindner diese Euphorie-Wellen zu fassen, die ihn jedes Mal durchstr\u00f6men, wenn er sich seine Situation vergegenw\u00e4rtigt und seine Gef\u00fchle sortiert: \u201e\u2026 dass ein Mensch, so wie du, mich versteht und mich durch schwere Tage auch tr\u00e4gt\u201c, das lasse sich eigentlich kaum in Worte fassen. Zum Gl\u00fcck gibt es begnadete Songwriter wie Tanja Lasch, Henrik Oberbossel und Tobias Witte, die in Kombination mit dem hochkar\u00e4tigen Produzenten Jens L\u00fccking ein derartiges Hochgef\u00fchl in aufregende Musik verwandeln k\u00f6nnen! Was eher ruhig und fast wie eine Ballade beginnt, explodiert sp\u00e4testens zum Refrain und entpuppt sich als passend farbenfrohe Fr\u00fchlings-Hymne mit reichlich Schwung f\u00fcr den Dancefloor \u2013 \u201eich liebe all deine Farben!\u201c<\/p>\n<p>\u201eIn deinen Armen steht die Zeit still\u201c, beschreibt der sympathische S\u00e4nger, der im kommenden Jahr schon sein 35. B\u00fchnenjubil\u00e4um feiern wird, diese Bedingungslosigkeit und diese Geborgenheit, die ihn so gl\u00fccklich und so dankbar machen. Passend dazu darf der Song nach aufregend-treibenden Passagen gegen Ende wieder ganz ruhig und intim ausklingen \u2013 mit einem Liebesschwur: \u201e\u2026 nichts als Liebe empfinde ich f\u00fcr dich \u2026\u201c<\/p>\n<p>Seit \u00fcber 30 Jahren ist Patrick Lindner nun schon eine feste Gr\u00f6\u00dfe in der deutschsprachigen Musiklandschaft: Von Volksmusik zu Schlager, von Schlager zu Popschlager, erfand sich der seit 1989 erfolgreiche S\u00e4nger immer wieder neu und gewann so bereits 3x Platin und 6x Gold, flankiert von f\u00fcnf Goldenen Stimmgabeln, vier #1-Titeln bei der ZDF Hitparade und einem Bambi. Gefeiert als Musiker, kennt man den M\u00fcnchner zudem als Koch, als Moderator, der auf mehrere Dutzend eigene Shows f\u00fcr ZDF und ARD zur\u00fcckblicken kann (u.a. \u201eSo ein Tag mit guten Freunden\u201c, \u201ePatrick Lindner pers\u00f6nlich\u201c, \u201ePatrick Lindner Show\u201c), sowie als Primetime-Schauspieler (u. a. \u201eTraumschiff\u201c, \u201eSOKO\u201c) und Operetten-Star (\u201eIm Wei\u00dfen R\u00f6ssl\u201c, 2015). Selbst die Top-40-Platzierung des 2018 ver\u00f6ffentlichten \u201eLeb dein Leben\u201c-Albums \u00fcbertraf er im Jahr drauf, als die Jubil\u00e4ums-LP \u201eIch feier\u2019 die Zeit\u201c nicht nur auf Platz 27 in die deutschen Charts einstieg, sondern obendrein sogar die Top-5 der Schlager-Bestenlisten aufmischte. Zuletzt hat Lindner im September 2020 die erweiterte Jubil\u00e4ums-Edition von \u201eIch feier\u2019 die Zeit\u201c vorgelegt.<\/p>\n<p>Die neue Single \u201e(All) Deine Farben\u201c ist ab dem 17.02.2023 als Stream und Download erh\u00e4ltlich.<\/p>\n<p><span style=\"color: #800000;\"><strong>Quelle: Telamo<\/strong><\/span><\/p>\n<p><span style=\"color: #800000;\"><strong>Dieser Song ist ab dem 17.02.2023 in allen bekannten Onlineshops erh\u00e4ltlich!<\/strong><\/span><\/p>\n<p><span style=\"color: #800000;\"><strong>Airdate (f\u00fcr Radiosender): 17.02.2023<\/strong><\/span><\/p>\n","protected":false},"excerpt":{"rendered":"<p>Patrick Lindner zelebriert die ganze Farbpalette der Fr\u00fchlingsgef\u00fchle: Seine neue Single \u201e(All) Deine Farben\u201c ist ab dem 17. Februar \u00fcberall im Stream verf\u00fcgbar! Als absoluter Herzensmensch wei\u00df Patrick Lindner ganz genau, wie umwerfend, belebend und \u00fcberw\u00e4ltigend die Liebe sich anf\u00fchlen kann: Seine brandneue Single \u201e(All) Deine Farben\u201c handelt von einem regelrechten Rausch der Fr\u00fchlingsgef\u00fchle, wenn der M\u00fcnchener die Magie der Liebe besingt und von einem tiefen Gl\u00fccksgef\u00fchl berichtet, das unglaublich intensiv und unbedingt ansteckend ist. Mit etwas Vorsprung vor dem tats\u00e4chlichen Fr\u00fchlingsauftakt, erscheint seine neueste Single am 17. Februar 2023 bei TELAMO. \u201eManchmal ist es einfach verr\u00fcckt\u201c, versucht Patrick Lindner diese Euphorie-Wellen zu fassen, die&#8230;<\/p>\n","protected":false},"author":1,"featured_media":15867,"comment_status":"open","ping_status":"open","sticky":false,"template":"","format":"standard","meta":{"footnotes":""},"categories":[2],"tags":[869],"class_list":["post-15865","post","type-post","status-publish","format-standard","has-post-thumbnail","hentry","category-schlager","tag-patrick-lindner","wpcat-2-id"],"_links":{"self":[{"href":"https:\/\/bergers-schlagerparadies.de\/index.php?rest_route=\/wp\/v2\/posts\/15865","targetHints":{"allow":["GET"]}}],"collection":[{"href":"https:\/\/bergers-schlagerparadies.de\/index.php?rest_route=\/wp\/v2\/posts"}],"about":[{"href":"https:\/\/bergers-schlagerparadies.de\/index.php?rest_route=\/wp\/v2\/types\/post"}],"author":[{"embeddable":true,"href":"https:\/\/bergers-schlagerparadies.de\/index.php?rest_route=\/wp\/v2\/users\/1"}],"replies":[{"embeddable":true,"href":"https:\/\/bergers-schlagerparadies.de\/index.php?rest_route=%2Fwp%2Fv2%2Fcomments&post=15865"}],"version-history":[{"count":1,"href":"https:\/\/bergers-schlagerparadies.de\/index.php?rest_route=\/wp\/v2\/posts\/15865\/revisions"}],"predecessor-version":[{"id":15868,"href":"https:\/\/bergers-schlagerparadies.de\/index.php?rest_route=\/wp\/v2\/posts\/15865\/revisions\/15868"}],"wp:featuredmedia":[{"embeddable":true,"href":"https:\/\/bergers-schlagerparadies.de\/index.php?rest_route=\/wp\/v2\/media\/15867"}],"wp:attachment":[{"href":"https:\/\/bergers-schlagerparadies.de\/index.php?rest_route=%2Fwp%2Fv2%2Fmedia&parent=15865"}],"wp:term":[{"taxonomy":"category","embeddable":true,"href":"https:\/\/bergers-schlagerparadies.de\/index.php?rest_route=%2Fwp%2Fv2%2Fcategories&post=15865"},{"taxonomy":"post_tag","embeddable":true,"href":"https:\/\/bergers-schlagerparadies.de\/index.php?rest_route=%2Fwp%2Fv2%2Ftags&post=15865"}],"curies":[{"name":"wp","href":"https:\/\/api.w.org\/{rel}","templated":true}]}}