{"id":15861,"date":"2023-02-17T16:42:08","date_gmt":"2023-02-17T15:42:08","guid":{"rendered":"https:\/\/bergers-schlagerparadies.de\/?p=15861"},"modified":"2023-02-17T16:42:08","modified_gmt":"2023-02-17T15:42:08","slug":"katharina-herz-wieder-frei-%c2%b7-bergers-schlagerparadies","status":"publish","type":"post","link":"https:\/\/bergers-schlagerparadies.de\/?p=15861","title":{"rendered":"Katharina Herz &#8211; Wieder frei \u00b7 Berger\u00b4s Schlagerparadies"},"content":{"rendered":"<p><img loading=\"lazy\" decoding=\"async\" class=\"size-medium wp-image-15863 alignleft\" src=\"https:\/\/bergers-schlagerparadies.de\/wp-content\/uploads\/2023\/02\/Katharina-Herz-Wieder-frei-300x300.jpg\" alt=\"\" width=\"300\" height=\"300\" srcset=\"https:\/\/bergers-schlagerparadies.de\/wp-content\/uploads\/2023\/02\/Katharina-Herz-Wieder-frei-300x300.jpg 300w, https:\/\/bergers-schlagerparadies.de\/wp-content\/uploads\/2023\/02\/Katharina-Herz-Wieder-frei-1024x1024.jpg 1024w, https:\/\/bergers-schlagerparadies.de\/wp-content\/uploads\/2023\/02\/Katharina-Herz-Wieder-frei-150x150.jpg 150w, https:\/\/bergers-schlagerparadies.de\/wp-content\/uploads\/2023\/02\/Katharina-Herz-Wieder-frei-768x768.jpg 768w, https:\/\/bergers-schlagerparadies.de\/wp-content\/uploads\/2023\/02\/Katharina-Herz-Wieder-frei-1536x1536.jpg 1536w, https:\/\/bergers-schlagerparadies.de\/wp-content\/uploads\/2023\/02\/Katharina-Herz-Wieder-frei-2048x2048.jpg 2048w, https:\/\/bergers-schlagerparadies.de\/wp-content\/uploads\/2023\/02\/Katharina-Herz-Wieder-frei-1200x1200.jpg 1200w, https:\/\/bergers-schlagerparadies.de\/wp-content\/uploads\/2023\/02\/Katharina-Herz-Wieder-frei-1188x1188.jpg 1188w, https:\/\/bergers-schlagerparadies.de\/wp-content\/uploads\/2023\/02\/Katharina-Herz-Wieder-frei-100x100.jpg 100w\" sizes=\"auto, (max-width: 300px) 100vw, 300px\" \/>Positiv, enthusiastisch und voller Energie geht die neue Single \u201eWIEDER FREI\u201c von Katharina Herz direkt ins Ohr. Es scheint, als sei dieser Titel genau f\u00fcr diesen Zeitpunkt geschrieben, den Millionen von Menschen erhofft und sehnlich erwartet haben. Die Masken sind gefallen, Veranstaltungen finden statt, die Reiselust ist gewaltig und wir bejahen das Leben wieder mit jeder Faser unseres Seins. \u201eWieder frei\u201c \u2013 das bedeutet Freunde treffen, Reisen, Leben, Tanzen, feiern und eine fast vergessene Unbeschwertheit neu zu entdecken! Lebensfreude pur von einer authentischen Powerfrau mit Herz im Jahr ihres 25-j\u00e4hrigen Jubil\u00e4ums ein diese neue alte Freiheit in vollen Z\u00fcgen zu genie\u00dfen.<\/p>\n<p><span style=\"color: #800000;\"><strong>Quelle: ARTISTS &amp; ACTS<\/strong><\/span><\/p>\n<p><span style=\"color: #800000;\"><strong>Dieser Song ist ab dem 17.02.2023 in allen bekannten Onlineshops erh\u00e4ltlich!<\/strong><\/span><\/p>\n<p><span style=\"color: #800000;\"><strong>Airdate (f\u00fcr Radiosender): 17.02.2023<\/strong><\/span><\/p>\n","protected":false},"excerpt":{"rendered":"<p>Positiv, enthusiastisch und voller Energie geht die neue Single \u201eWIEDER FREI\u201c von Katharina Herz direkt ins Ohr. Es scheint, als sei dieser Titel genau f\u00fcr diesen Zeitpunkt geschrieben, den Millionen von Menschen erhofft und sehnlich erwartet haben. Die Masken sind gefallen, Veranstaltungen finden statt, die Reiselust ist gewaltig und wir bejahen das Leben wieder mit jeder Faser unseres Seins. \u201eWieder frei\u201c \u2013 das bedeutet Freunde treffen, Reisen, Leben, Tanzen, feiern und eine fast vergessene Unbeschwertheit neu zu entdecken! Lebensfreude pur von einer authentischen Powerfrau mit Herz im Jahr ihres 25-j\u00e4hrigen Jubil\u00e4ums ein diese neue alte Freiheit in vollen Z\u00fcgen zu genie\u00dfen. Quelle: ARTISTS &amp; ACTS&#8230;<\/p>\n","protected":false},"author":1,"featured_media":15863,"comment_status":"open","ping_status":"open","sticky":false,"template":"","format":"standard","meta":{"footnotes":""},"categories":[2],"tags":[674],"class_list":["post-15861","post","type-post","status-publish","format-standard","has-post-thumbnail","hentry","category-schlager","tag-katharina-herz","wpcat-2-id"],"_links":{"self":[{"href":"https:\/\/bergers-schlagerparadies.de\/index.php?rest_route=\/wp\/v2\/posts\/15861","targetHints":{"allow":["GET"]}}],"collection":[{"href":"https:\/\/bergers-schlagerparadies.de\/index.php?rest_route=\/wp\/v2\/posts"}],"about":[{"href":"https:\/\/bergers-schlagerparadies.de\/index.php?rest_route=\/wp\/v2\/types\/post"}],"author":[{"embeddable":true,"href":"https:\/\/bergers-schlagerparadies.de\/index.php?rest_route=\/wp\/v2\/users\/1"}],"replies":[{"embeddable":true,"href":"https:\/\/bergers-schlagerparadies.de\/index.php?rest_route=%2Fwp%2Fv2%2Fcomments&post=15861"}],"version-history":[{"count":1,"href":"https:\/\/bergers-schlagerparadies.de\/index.php?rest_route=\/wp\/v2\/posts\/15861\/revisions"}],"predecessor-version":[{"id":15864,"href":"https:\/\/bergers-schlagerparadies.de\/index.php?rest_route=\/wp\/v2\/posts\/15861\/revisions\/15864"}],"wp:featuredmedia":[{"embeddable":true,"href":"https:\/\/bergers-schlagerparadies.de\/index.php?rest_route=\/wp\/v2\/media\/15863"}],"wp:attachment":[{"href":"https:\/\/bergers-schlagerparadies.de\/index.php?rest_route=%2Fwp%2Fv2%2Fmedia&parent=15861"}],"wp:term":[{"taxonomy":"category","embeddable":true,"href":"https:\/\/bergers-schlagerparadies.de\/index.php?rest_route=%2Fwp%2Fv2%2Fcategories&post=15861"},{"taxonomy":"post_tag","embeddable":true,"href":"https:\/\/bergers-schlagerparadies.de\/index.php?rest_route=%2Fwp%2Fv2%2Ftags&post=15861"}],"curies":[{"name":"wp","href":"https:\/\/api.w.org\/{rel}","templated":true}]}}