{"id":15710,"date":"2023-02-10T14:49:21","date_gmt":"2023-02-10T13:49:21","guid":{"rendered":"https:\/\/bergers-schlagerparadies.de\/?p=15710"},"modified":"2023-02-10T14:49:21","modified_gmt":"2023-02-10T13:49:21","slug":"sebastian-von-mletzko-morgen-hoer-ich-auf-%c2%b7-bergers-schlagerparadies","status":"publish","type":"post","link":"https:\/\/bergers-schlagerparadies.de\/?p=15710","title":{"rendered":"Sebastian von Mletzko &#8211; Morgen h\u00f6r ich auf \u00b7 Berger\u00b4s Schlagerparadies"},"content":{"rendered":"<p><img loading=\"lazy\" decoding=\"async\" class=\"size-medium wp-image-15712 alignleft\" src=\"https:\/\/bergers-schlagerparadies.de\/wp-content\/uploads\/2023\/02\/Sebastian-von-Mletzko-Morgen-hoer-ich-auf-300x300.jpg\" alt=\"\" width=\"300\" height=\"300\" srcset=\"https:\/\/bergers-schlagerparadies.de\/wp-content\/uploads\/2023\/02\/Sebastian-von-Mletzko-Morgen-hoer-ich-auf-300x300.jpg 300w, https:\/\/bergers-schlagerparadies.de\/wp-content\/uploads\/2023\/02\/Sebastian-von-Mletzko-Morgen-hoer-ich-auf-1024x1024.jpg 1024w, https:\/\/bergers-schlagerparadies.de\/wp-content\/uploads\/2023\/02\/Sebastian-von-Mletzko-Morgen-hoer-ich-auf-150x150.jpg 150w, https:\/\/bergers-schlagerparadies.de\/wp-content\/uploads\/2023\/02\/Sebastian-von-Mletzko-Morgen-hoer-ich-auf-768x768.jpg 768w, https:\/\/bergers-schlagerparadies.de\/wp-content\/uploads\/2023\/02\/Sebastian-von-Mletzko-Morgen-hoer-ich-auf-1536x1536.jpg 1536w, https:\/\/bergers-schlagerparadies.de\/wp-content\/uploads\/2023\/02\/Sebastian-von-Mletzko-Morgen-hoer-ich-auf-2048x2048.jpg 2048w, https:\/\/bergers-schlagerparadies.de\/wp-content\/uploads\/2023\/02\/Sebastian-von-Mletzko-Morgen-hoer-ich-auf-1200x1200.jpg 1200w, https:\/\/bergers-schlagerparadies.de\/wp-content\/uploads\/2023\/02\/Sebastian-von-Mletzko-Morgen-hoer-ich-auf-1188x1188.jpg 1188w, https:\/\/bergers-schlagerparadies.de\/wp-content\/uploads\/2023\/02\/Sebastian-von-Mletzko-Morgen-hoer-ich-auf-100x100.jpg 100w\" sizes=\"auto, (max-width: 300px) 100vw, 300px\" \/>\u201eMorgen h\u00f6r ich auf\u201c,<br \/>\nist nunmehr die 6.Single, die Sebastian von Mletzko bei seiner Plattenfirma Monopol Records ver\u00f6ffentlicht. Der sympathische S\u00e4nger aus dem Ruhrpott ist ein gern gesehener Gast in Discotheken, wie auch auf Gro\u00dfveranstaltungen.<br \/>\nNachdem sich die Vorg\u00e4ngersingle ,,Leider geil\u201c 13 Wochen in den AirPlay Charts hielt, setzt Sebastian von Mletzko selbstverst\u00e4ndlich auch bei seiner neuen Single \u201eMorgen h\u00f6r ich auf\u201c auf sein altbew\u00e4hrtes Autoren-Team um Komponist Hens Hensen und Textdichter Alexander Scholz.<br \/>\nStarproduzent Hens Hensen war auch hier wieder f\u00fcr die Regler zust\u00e4ndig und verleiht dem neuen Track mit seiner Handschrift Ausdrucksst\u00e4rke und einen druckvollen und modernen Sound.<\/p>\n<p>F\u00fcr den Remix konnten die \u00d6sterreicher Oliver Poschinger (Jay Neero) und Michael Blatnik gewonnen werden, die mit Ihrem Jay Neero Rmx ein Garant f\u00fcr volle Tanzfl\u00e4chen sind.<\/p>\n<p>Und eins ist ganz sicher: Die am 10.02.23 erscheinende Single und das dazugeh\u00f6rige Video \u201eMorgen h\u00f6r ich auf\u201c ist ein weiterer Baustein seiner Karriere, und die h\u00f6rt noch lange nicht auf.<\/p>\n<p><span style=\"color: #800000;\"><strong>Quelle: Monopol Records<\/strong><\/span><\/p>\n<p><span style=\"color: #800000;\"><strong>Dieser Song ist ab dem 10.02.2023 in allen bekannten Onlineshops erh\u00e4ltlich!<\/strong><\/span><\/p>\n<p><span style=\"color: #800000;\"><strong>Airdate (f\u00fcr Radiosender): 10.02.2023<\/strong><\/span><\/p>\n","protected":false},"excerpt":{"rendered":"<p>\u201eMorgen h\u00f6r ich auf\u201c, ist nunmehr die 6.Single, die Sebastian von Mletzko bei seiner Plattenfirma Monopol Records ver\u00f6ffentlicht. Der sympathische S\u00e4nger aus dem Ruhrpott ist ein gern gesehener Gast in Discotheken, wie auch auf Gro\u00dfveranstaltungen. Nachdem sich die Vorg\u00e4ngersingle ,,Leider geil\u201c 13 Wochen in den AirPlay Charts hielt, setzt Sebastian von Mletzko selbstverst\u00e4ndlich auch bei seiner neuen Single \u201eMorgen h\u00f6r ich auf\u201c auf sein altbew\u00e4hrtes Autoren-Team um Komponist Hens Hensen und Textdichter Alexander Scholz. Starproduzent Hens Hensen war auch hier wieder f\u00fcr die Regler zust\u00e4ndig und verleiht dem neuen Track mit seiner Handschrift Ausdrucksst\u00e4rke und einen druckvollen und modernen Sound. F\u00fcr den Remix konnten die&#8230;<\/p>\n","protected":false},"author":1,"featured_media":15712,"comment_status":"open","ping_status":"open","sticky":false,"template":"","format":"standard","meta":{"footnotes":""},"categories":[2],"tags":[469],"class_list":["post-15710","post","type-post","status-publish","format-standard","has-post-thumbnail","hentry","category-schlager","tag-sebastian-von-mletzko","wpcat-2-id"],"_links":{"self":[{"href":"https:\/\/bergers-schlagerparadies.de\/index.php?rest_route=\/wp\/v2\/posts\/15710","targetHints":{"allow":["GET"]}}],"collection":[{"href":"https:\/\/bergers-schlagerparadies.de\/index.php?rest_route=\/wp\/v2\/posts"}],"about":[{"href":"https:\/\/bergers-schlagerparadies.de\/index.php?rest_route=\/wp\/v2\/types\/post"}],"author":[{"embeddable":true,"href":"https:\/\/bergers-schlagerparadies.de\/index.php?rest_route=\/wp\/v2\/users\/1"}],"replies":[{"embeddable":true,"href":"https:\/\/bergers-schlagerparadies.de\/index.php?rest_route=%2Fwp%2Fv2%2Fcomments&post=15710"}],"version-history":[{"count":1,"href":"https:\/\/bergers-schlagerparadies.de\/index.php?rest_route=\/wp\/v2\/posts\/15710\/revisions"}],"predecessor-version":[{"id":15713,"href":"https:\/\/bergers-schlagerparadies.de\/index.php?rest_route=\/wp\/v2\/posts\/15710\/revisions\/15713"}],"wp:featuredmedia":[{"embeddable":true,"href":"https:\/\/bergers-schlagerparadies.de\/index.php?rest_route=\/wp\/v2\/media\/15712"}],"wp:attachment":[{"href":"https:\/\/bergers-schlagerparadies.de\/index.php?rest_route=%2Fwp%2Fv2%2Fmedia&parent=15710"}],"wp:term":[{"taxonomy":"category","embeddable":true,"href":"https:\/\/bergers-schlagerparadies.de\/index.php?rest_route=%2Fwp%2Fv2%2Fcategories&post=15710"},{"taxonomy":"post_tag","embeddable":true,"href":"https:\/\/bergers-schlagerparadies.de\/index.php?rest_route=%2Fwp%2Fv2%2Ftags&post=15710"}],"curies":[{"name":"wp","href":"https:\/\/api.w.org\/{rel}","templated":true}]}}