{"id":15702,"date":"2023-02-10T14:25:24","date_gmt":"2023-02-10T13:25:24","guid":{"rendered":"https:\/\/bergers-schlagerparadies.de\/?p=15702"},"modified":"2023-02-10T14:25:24","modified_gmt":"2023-02-10T13:25:24","slug":"olaf-der-flipper-viva-la-vida-ole-%c2%b7-bergers-schlagerparadies","status":"publish","type":"post","link":"https:\/\/bergers-schlagerparadies.de\/?p=15702","title":{"rendered":"Olaf der Flipper &#8211; Viva la Vida Ol\u00e9 \u00b7 Berger\u00b4s Schlagerparadies"},"content":{"rendered":"<p><img loading=\"lazy\" decoding=\"async\" class=\"size-medium wp-image-15704 alignleft\" src=\"https:\/\/bergers-schlagerparadies.de\/wp-content\/uploads\/2023\/02\/Olaf-der-Flipper-Viva-la-Vida-Ole-300x297.jpg\" alt=\"\" width=\"300\" height=\"297\" srcset=\"https:\/\/bergers-schlagerparadies.de\/wp-content\/uploads\/2023\/02\/Olaf-der-Flipper-Viva-la-Vida-Ole-300x297.jpg 300w, https:\/\/bergers-schlagerparadies.de\/wp-content\/uploads\/2023\/02\/Olaf-der-Flipper-Viva-la-Vida-Ole-1024x1015.jpg 1024w, https:\/\/bergers-schlagerparadies.de\/wp-content\/uploads\/2023\/02\/Olaf-der-Flipper-Viva-la-Vida-Ole-150x150.jpg 150w, https:\/\/bergers-schlagerparadies.de\/wp-content\/uploads\/2023\/02\/Olaf-der-Flipper-Viva-la-Vida-Ole-768x762.jpg 768w, https:\/\/bergers-schlagerparadies.de\/wp-content\/uploads\/2023\/02\/Olaf-der-Flipper-Viva-la-Vida-Ole-1200x1190.jpg 1200w, https:\/\/bergers-schlagerparadies.de\/wp-content\/uploads\/2023\/02\/Olaf-der-Flipper-Viva-la-Vida-Ole-1188x1178.jpg 1188w, https:\/\/bergers-schlagerparadies.de\/wp-content\/uploads\/2023\/02\/Olaf-der-Flipper-Viva-la-Vida-Ole-100x100.jpg 100w, https:\/\/bergers-schlagerparadies.de\/wp-content\/uploads\/2023\/02\/Olaf-der-Flipper-Viva-la-Vida-Ole.jpg 1430w\" sizes=\"auto, (max-width: 300px) 100vw, 300px\" \/>Olaf der Flipper feiert mit seiner neuen Single \u201eViva la Vida Ol\u00e9\u201c das Leben.<\/p>\n<p>Die Tage werden l\u00e4nger, die Sonne lockt. Wir lieben das Leben und dieses Gef\u00fchl von Sommer: Wir wollen raus, wir m\u00f6chten tanzen und feiern. An diese Welle kn\u00fcpft Olaf der Flipper mit \u201eViva la Vida Ol\u00e9\u201c an, un\u00fcberh\u00f6rbar sind nicht nur seine musikalischen Wurzeln, hier schl\u00e4gt sein Herz!<\/p>\n<p>\u201eWir glauben\u2019s selber kaum, 40 Jahre die Flippers\u201c, hei\u00dft es im Text zu \u201eWir sagen danke sch\u00f6n\u201c. Dieses Lied wurde von den Flippers zu ihrem 40-j\u00e4hrigen Jubil\u00e4um aufgenommen. 2011 l\u00f6ste sich die legend\u00e4re Band auf. Olaf der Flipper kann es selbst immer noch nicht glauben, wie erfolgreich dieser Song 14 Jahre sp\u00e4ter geworden ist. Junge Leute, die seine Kinder und Enkel sein k\u00f6nnten, reisen quer durch die Republik und fangen an zu singen, wenn sie ihn sehen. Und es kommt noch besser: Mit den treuen Flippers-Fans feiern sie bei Konzerten nicht nur diesen Titel, der im Sommer 2022 zum viralen Hit gereift ist. So ein Revival hat die Schlagerwelt noch nicht erlebt. Diese generations\u00fcbergreifende Begeisterung, diese Party-Laune geht unter die Haut! \u00dcberall wird der letzte singende Flipper mit offenen Armen empfangen \u2013 ob bei gro\u00dfen Festivals, bei Schlagerkonzerten oder auch am Ballermann. Die einen feiern lauter, die anderen leiser. Der Flippers Sound erlebt eine fantastische Neuauflage. Olaf hat selbst so einen Spa\u00df an der Flippers-Sommer-Sause im kultigen Schlager-Loop, dass er im Studio gleich ein ganzes \u201eDankesch\u00f6n\u201c-Album aufgenommen hat.<\/p>\n<p>\u201e77 Jahre alt musste ich werden, um das live mitzuerleben und hab so richtig Spa\u00df damit!\u201c nimmt er im Fr\u00fchling die Einladung an und umarmt und liebt dieses Leben: \u201eViva la Vida Ol\u00e9\u201c!<\/p>\n<p><span style=\"color: #800000;\"><strong>Quelle: TELAMO<\/strong><\/span><\/p>\n<p><span style=\"color: #800000;\"><strong>Dieser Song ist ab dem 10.02.2023 in allen bekannten Onlineshops erh\u00e4ltlich!<\/strong><\/span><\/p>\n<p><span style=\"color: #800000;\"><strong>Airdate (f\u00fcr Radiosender): 10.02.2023<\/strong><\/span><\/p>\n","protected":false},"excerpt":{"rendered":"<p>Olaf der Flipper feiert mit seiner neuen Single \u201eViva la Vida Ol\u00e9\u201c das Leben. Die Tage werden l\u00e4nger, die Sonne lockt. Wir lieben das Leben und dieses Gef\u00fchl von Sommer: Wir wollen raus, wir m\u00f6chten tanzen und feiern. An diese Welle kn\u00fcpft Olaf der Flipper mit \u201eViva la Vida Ol\u00e9\u201c an, un\u00fcberh\u00f6rbar sind nicht nur seine musikalischen Wurzeln, hier schl\u00e4gt sein Herz! \u201eWir glauben\u2019s selber kaum, 40 Jahre die Flippers\u201c, hei\u00dft es im Text zu \u201eWir sagen danke sch\u00f6n\u201c. Dieses Lied wurde von den Flippers zu ihrem 40-j\u00e4hrigen Jubil\u00e4um aufgenommen. 2011 l\u00f6ste sich die legend\u00e4re Band auf. Olaf der Flipper kann es selbst immer noch&#8230;<\/p>\n","protected":false},"author":1,"featured_media":15704,"comment_status":"open","ping_status":"open","sticky":false,"template":"","format":"standard","meta":{"footnotes":""},"categories":[2],"tags":[1059],"class_list":["post-15702","post","type-post","status-publish","format-standard","has-post-thumbnail","hentry","category-schlager","tag-olaf-der-flipper","wpcat-2-id"],"_links":{"self":[{"href":"https:\/\/bergers-schlagerparadies.de\/index.php?rest_route=\/wp\/v2\/posts\/15702","targetHints":{"allow":["GET"]}}],"collection":[{"href":"https:\/\/bergers-schlagerparadies.de\/index.php?rest_route=\/wp\/v2\/posts"}],"about":[{"href":"https:\/\/bergers-schlagerparadies.de\/index.php?rest_route=\/wp\/v2\/types\/post"}],"author":[{"embeddable":true,"href":"https:\/\/bergers-schlagerparadies.de\/index.php?rest_route=\/wp\/v2\/users\/1"}],"replies":[{"embeddable":true,"href":"https:\/\/bergers-schlagerparadies.de\/index.php?rest_route=%2Fwp%2Fv2%2Fcomments&post=15702"}],"version-history":[{"count":1,"href":"https:\/\/bergers-schlagerparadies.de\/index.php?rest_route=\/wp\/v2\/posts\/15702\/revisions"}],"predecessor-version":[{"id":15705,"href":"https:\/\/bergers-schlagerparadies.de\/index.php?rest_route=\/wp\/v2\/posts\/15702\/revisions\/15705"}],"wp:featuredmedia":[{"embeddable":true,"href":"https:\/\/bergers-schlagerparadies.de\/index.php?rest_route=\/wp\/v2\/media\/15704"}],"wp:attachment":[{"href":"https:\/\/bergers-schlagerparadies.de\/index.php?rest_route=%2Fwp%2Fv2%2Fmedia&parent=15702"}],"wp:term":[{"taxonomy":"category","embeddable":true,"href":"https:\/\/bergers-schlagerparadies.de\/index.php?rest_route=%2Fwp%2Fv2%2Fcategories&post=15702"},{"taxonomy":"post_tag","embeddable":true,"href":"https:\/\/bergers-schlagerparadies.de\/index.php?rest_route=%2Fwp%2Fv2%2Ftags&post=15702"}],"curies":[{"name":"wp","href":"https:\/\/api.w.org\/{rel}","templated":true}]}}