{"id":15621,"date":"2023-02-03T12:39:30","date_gmt":"2023-02-03T11:39:30","guid":{"rendered":"https:\/\/bergers-schlagerparadies.de\/?p=15621"},"modified":"2023-02-03T12:39:30","modified_gmt":"2023-02-03T11:39:30","slug":"wolkenfrei-uns-gehoert-die-welt-%c2%b7-bergers-schlagerparadies","status":"publish","type":"post","link":"https:\/\/bergers-schlagerparadies.de\/?p=15621","title":{"rendered":"Wolkenfrei &#8211; Uns geh\u00f6rt die Welt \u00b7 Berger\u00b4s Schlagerparadies"},"content":{"rendered":"<p><img loading=\"lazy\" decoding=\"async\" class=\"size-medium wp-image-15623 alignleft\" src=\"https:\/\/bergers-schlagerparadies.de\/wp-content\/uploads\/2023\/02\/Wolkenfrei-Uns-gehoert-die-Welt-300x300.jpg\" alt=\"\" width=\"300\" height=\"300\" srcset=\"https:\/\/bergers-schlagerparadies.de\/wp-content\/uploads\/2023\/02\/Wolkenfrei-Uns-gehoert-die-Welt-300x300.jpg 300w, https:\/\/bergers-schlagerparadies.de\/wp-content\/uploads\/2023\/02\/Wolkenfrei-Uns-gehoert-die-Welt-1024x1024.jpg 1024w, https:\/\/bergers-schlagerparadies.de\/wp-content\/uploads\/2023\/02\/Wolkenfrei-Uns-gehoert-die-Welt-150x150.jpg 150w, https:\/\/bergers-schlagerparadies.de\/wp-content\/uploads\/2023\/02\/Wolkenfrei-Uns-gehoert-die-Welt-768x768.jpg 768w, https:\/\/bergers-schlagerparadies.de\/wp-content\/uploads\/2023\/02\/Wolkenfrei-Uns-gehoert-die-Welt.jpg 1200w, https:\/\/bergers-schlagerparadies.de\/wp-content\/uploads\/2023\/02\/Wolkenfrei-Uns-gehoert-die-Welt-1188x1188.jpg 1188w, https:\/\/bergers-schlagerparadies.de\/wp-content\/uploads\/2023\/02\/Wolkenfrei-Uns-gehoert-die-Welt-100x100.jpg 100w\" sizes=\"auto, (max-width: 300px) 100vw, 300px\" \/>Wolkenfrei &#8211; \u201eUns geh\u00f6rt die Welt\u201c<\/p>\n<p>\u201eWas so lang von Staub bedeckt war, wird zu Gold \u2026\u201c<\/p>\n<p>Wolkenfrei \u2013 ein Name so vertraut und doch zeitlos. 2013 eroberte die Band mit ihrem unbeschwerten Sound im Nu die Herzen der Schlagerwelt. Mit Hits wie \u201cJeans, T-Shirt und Freiheit\u201c oder \u201eDu bist meine Insel\u201c hat sich Wolkenfrei innerhalb k\u00fcrzester Zeit Kultstatus erarbeitet. Nach dem Ausscheiden von Stefan Kinski und Marc Fischer f\u00fchrte die Fronts\u00e4ngerin Vanessa Mai das Projekt alleine weiter und ver\u00f6ffentlichte 2015 mit \u201eWolke 7\u201c, den bis dahin erfolgreichsten Wolkenfrei Song. Auch die Videoclips von Wolkenfrei verzeichnen bis heute mehrere hundert Millionen YouTube-Views.<\/p>\n<p>Vanessa Mai verk\u00fcndete nun vor kurzer Zeit \u00fcberraschend das sensationelle Comeback ihrer damaligen musikalischen Anf\u00e4nge &#8211; p\u00fcnktlich zum 10-j\u00e4hrigen Jubil\u00e4um von Wolkenfrei. Mit der Single \u201eUns geh\u00f6rt die Welt\u201c legt sie am 03. Februar 2023 den langersehnten Vorboten aus dem Ende M\u00e4rz folgenden, brandneuen Wolkenfrei Album \u201eHotel Tropicana\u201c vor!<\/p>\n<p>\u201eTief in meinem inneren, hatte Wolkenfrei immer einen Platz in meinem Herzen, ich wei\u00df, wo ich herkomme. Ich hatte nie, keine Lust mehr auf Schlager. Ich musste mit Vanessa Mai nur neue Wege gehen, um jetzt wieder mit vollem Herzen das machen zu k\u00f6nnen was mich schon damals so gl\u00fccklich machte\u201c, beschreibt die S\u00e4ngerin ihre von den Fans so sehr gew\u00fcnschte R\u00fcckkehr mit dem Musikprojekt Wolkenfrei, mit dem sie heute vor allem wieder das unbeschwerte Gef\u00fchl von fr\u00fcher zur\u00fcckholen will. \u201eEs musste erstmal st\u00fcrmen, damit es wieder Wolkenfrei werden kann.\u201c<\/p>\n<p>S\u00e4mtliche St\u00fccke des neuen Albums entstanden in Zusammenarbeit mit dem damaligen Team um Wolkenfrei sowie dem Produzenten Felix Gauder. \u201eAls ich nach Jahren wieder zur\u00fcck ins Studio von Felix kehrte, f\u00fchlte es sich an wie damals. Als w\u00e4re ich nie weg gewesen.\u201c<\/p>\n<p>\u201eHotel Tropicana\u201c ist Leichtigkeit und Lebensfreude. Songs von Liebe, Freiheit und Sehnsucht, von gro\u00dfen Tr\u00e4umen und kleinen Ausbr\u00fcchen aus dem Alltag. Eine fast ansteckende Unbeschwertheit, die man der ersten Single \u201eUns geh\u00f6rt die Welt\u201c auch gleich mit der ersten Note anh\u00f6rt. Statt auf irgendwelche schnelllebigen Trends und Quoten zu schielen, pr\u00e4sentiert sich Wolkenfrei heute genauso, wie ihre Fans sie seit jeher lieben und doch ins Hier und Jetzt geholt: Luftig-leicht, sorglos, tanzbar \u2013 mit anderen Worten: Einfach Wolkenfrei!<\/p>\n<p><span style=\"color: #800000;\"><strong>Quelle: SMA\/ Ariola<\/strong><\/span><\/p>\n<p><span style=\"color: #800000;\"><strong>Dieser Song ist ab dem 03.02.2023 in allen bekannten Onlineshops erh\u00e4ltlich!<\/strong><\/span><\/p>\n<p><span style=\"color: #800000;\"><strong>Airdate (f\u00fcr Radiosender): 03.02.2023<\/strong><\/span><\/p>\n","protected":false},"excerpt":{"rendered":"<p>Wolkenfrei &#8211; \u201eUns geh\u00f6rt die Welt\u201c \u201eWas so lang von Staub bedeckt war, wird zu Gold \u2026\u201c Wolkenfrei \u2013 ein Name so vertraut und doch zeitlos. 2013 eroberte die Band mit ihrem unbeschwerten Sound im Nu die Herzen der Schlagerwelt. Mit Hits wie \u201cJeans, T-Shirt und Freiheit\u201c oder \u201eDu bist meine Insel\u201c hat sich Wolkenfrei innerhalb k\u00fcrzester Zeit Kultstatus erarbeitet. Nach dem Ausscheiden von Stefan Kinski und Marc Fischer f\u00fchrte die Fronts\u00e4ngerin Vanessa Mai das Projekt alleine weiter und ver\u00f6ffentlichte 2015 mit \u201eWolke 7\u201c, den bis dahin erfolgreichsten Wolkenfrei Song. Auch die Videoclips von Wolkenfrei verzeichnen bis heute mehrere hundert Millionen YouTube-Views. Vanessa Mai verk\u00fcndete&#8230;<\/p>\n","protected":false},"author":1,"featured_media":15623,"comment_status":"open","ping_status":"open","sticky":false,"template":"","format":"standard","meta":{"footnotes":""},"categories":[2],"tags":[1658],"class_list":["post-15621","post","type-post","status-publish","format-standard","has-post-thumbnail","hentry","category-schlager","tag-wolkenfrei","wpcat-2-id"],"_links":{"self":[{"href":"https:\/\/bergers-schlagerparadies.de\/index.php?rest_route=\/wp\/v2\/posts\/15621","targetHints":{"allow":["GET"]}}],"collection":[{"href":"https:\/\/bergers-schlagerparadies.de\/index.php?rest_route=\/wp\/v2\/posts"}],"about":[{"href":"https:\/\/bergers-schlagerparadies.de\/index.php?rest_route=\/wp\/v2\/types\/post"}],"author":[{"embeddable":true,"href":"https:\/\/bergers-schlagerparadies.de\/index.php?rest_route=\/wp\/v2\/users\/1"}],"replies":[{"embeddable":true,"href":"https:\/\/bergers-schlagerparadies.de\/index.php?rest_route=%2Fwp%2Fv2%2Fcomments&post=15621"}],"version-history":[{"count":1,"href":"https:\/\/bergers-schlagerparadies.de\/index.php?rest_route=\/wp\/v2\/posts\/15621\/revisions"}],"predecessor-version":[{"id":15624,"href":"https:\/\/bergers-schlagerparadies.de\/index.php?rest_route=\/wp\/v2\/posts\/15621\/revisions\/15624"}],"wp:featuredmedia":[{"embeddable":true,"href":"https:\/\/bergers-schlagerparadies.de\/index.php?rest_route=\/wp\/v2\/media\/15623"}],"wp:attachment":[{"href":"https:\/\/bergers-schlagerparadies.de\/index.php?rest_route=%2Fwp%2Fv2%2Fmedia&parent=15621"}],"wp:term":[{"taxonomy":"category","embeddable":true,"href":"https:\/\/bergers-schlagerparadies.de\/index.php?rest_route=%2Fwp%2Fv2%2Fcategories&post=15621"},{"taxonomy":"post_tag","embeddable":true,"href":"https:\/\/bergers-schlagerparadies.de\/index.php?rest_route=%2Fwp%2Fv2%2Ftags&post=15621"}],"curies":[{"name":"wp","href":"https:\/\/api.w.org\/{rel}","templated":true}]}}