{"id":15608,"date":"2023-02-03T11:51:08","date_gmt":"2023-02-03T10:51:08","guid":{"rendered":"https:\/\/bergers-schlagerparadies.de\/?p=15608"},"modified":"2023-02-03T11:51:08","modified_gmt":"2023-02-03T10:51:08","slug":"neon-sonne-der-nacht-%c2%b7-bergers-schlagerparadies","status":"publish","type":"post","link":"https:\/\/bergers-schlagerparadies.de\/?p=15608","title":{"rendered":"Neon &#8211; Sonne der Nacht \u00b7 Berger\u00b4s Schlagerparadies"},"content":{"rendered":"<p><img loading=\"lazy\" decoding=\"async\" class=\"size-medium wp-image-15610 alignleft\" src=\"https:\/\/bergers-schlagerparadies.de\/wp-content\/uploads\/2023\/02\/Neon-Sonne-der-Nacht-300x300.jpg\" alt=\"\" width=\"300\" height=\"300\" srcset=\"https:\/\/bergers-schlagerparadies.de\/wp-content\/uploads\/2023\/02\/Neon-Sonne-der-Nacht-300x300.jpg 300w, https:\/\/bergers-schlagerparadies.de\/wp-content\/uploads\/2023\/02\/Neon-Sonne-der-Nacht-1024x1024.jpg 1024w, https:\/\/bergers-schlagerparadies.de\/wp-content\/uploads\/2023\/02\/Neon-Sonne-der-Nacht-150x150.jpg 150w, https:\/\/bergers-schlagerparadies.de\/wp-content\/uploads\/2023\/02\/Neon-Sonne-der-Nacht-768x768.jpg 768w, https:\/\/bergers-schlagerparadies.de\/wp-content\/uploads\/2023\/02\/Neon-Sonne-der-Nacht-1200x1200.jpg 1200w, https:\/\/bergers-schlagerparadies.de\/wp-content\/uploads\/2023\/02\/Neon-Sonne-der-Nacht-1188x1188.jpg 1188w, https:\/\/bergers-schlagerparadies.de\/wp-content\/uploads\/2023\/02\/Neon-Sonne-der-Nacht-100x100.jpg 100w, https:\/\/bergers-schlagerparadies.de\/wp-content\/uploads\/2023\/02\/Neon-Sonne-der-Nacht.jpg 1400w\" sizes=\"auto, (max-width: 300px) 100vw, 300px\" \/>Das neue Jahr ist da und direkt zum Start sorgt NEON wieder f\u00fcr einen gro\u00dfartigen Ohrwurm, der jedem Schlagerfan beim ersten H\u00f6ren unmittelbar ein L\u00e4cheln ins Gesicht zaubert. Am 03. Februar ver\u00f6ffentlichen sie ihre neue Single \u201eSonne der Nacht\u201c und beweisen einmal mehr: Sie sind der Garant, wenn es um Gute-Laune-Hits geht.<\/p>\n<p>Seit vielen Jahren begeistern Andi und Tom ihr Publikum, sind f\u00fcr jeden Spa\u00df zu haben und das merkt man auch bei jedem einzelnen ihrer Titel. Vergangenes Jahr ver\u00f6ffentlichten die beiden S\u00e4nger und Freunde ihr neues Album \u201eVerr\u00fcckt nach Liebe\u201c mit den besten Songs aus zehn Jahren NEON, das direkt auf Platz 21 der offiziellen, deutschen Verkaufscharts einstieg. Nun sorgen sie mit ihrem neuen Titel f\u00fcr eine Nummer, die auch in der dunklen Jahreszeit die Herzen erhellen soll. Entstanden ist \u201eSonne der Nacht\u201c im Telamo Songwriter-Camp in Berlin und wurde von Tanja Lasch und Oli Nova extra f\u00fcr das Duo geschrieben. \u201eSchon in der ersten Rohversion waren wir von dem Lied begeistert. Es zeigt, dass man nicht viel braucht um gl\u00fccklich zu sein &#8211; manchmal nur einander. Da reicht es dann auch, einfach die Zimmert\u00fcr zu schlie\u00dfen und die Welt drau\u00dfen zu lassen. Gemeinsam wird dann die Nacht zum Tag gemacht.\u201c<br \/>\nDie Hookline des Refrains \u201eDu bist meine Sonne der Nacht, keine strahlt so hell wie du\u201c sorgt f\u00fcr Ohrwurm-Potential, aber eine Passage hat es NEON ganz besonders angetan: \u201aKeine liegt so sch\u00f6n neben mir\u2018 ist eine der sch\u00f6nsten Textzeilen, die wir seit langem geh\u00f6rt haben. Dieses Bild dr\u00fcckt so viel W\u00e4rme, Z\u00e4rtlichkeit und Liebe aus.\u201c<\/p>\n<p>Eines wird auch beim neuen Track wieder deutlich: die grandiose Zweistimmigkeit von Andi und Tom, die bei ihren Liedern stets im Vordergrund steht. Mit diesem \u201eSignature-Sound\u201c hat NEON ein echtes Alleinstellungsmerkmal gepr\u00e4gt, das in der Schlagerwelt f\u00fcr einen sofortigen Wiedererkennungswert sorgt.<\/p>\n<p>\u201eSonne der Nacht\u201c erscheint am 03.02.2023 als Digital-Single bei TELAMO.<\/p>\n<p><span style=\"color: #800000;\"><strong>Quelle: Telamo<\/strong><\/span><\/p>\n<p><span style=\"color: #800000;\"><strong>Dieser Song ist ab dem 03.02.2023 in allen bekannten Onlineshops erh\u00e4ltlich!<\/strong><\/span><\/p>\n<p><span style=\"color: #800000;\"><strong>Airdate (f\u00fcr Radiosender): 03.02.2023<\/strong><\/span><\/p>\n","protected":false},"excerpt":{"rendered":"<p>Das neue Jahr ist da und direkt zum Start sorgt NEON wieder f\u00fcr einen gro\u00dfartigen Ohrwurm, der jedem Schlagerfan beim ersten H\u00f6ren unmittelbar ein L\u00e4cheln ins Gesicht zaubert. Am 03. Februar ver\u00f6ffentlichen sie ihre neue Single \u201eSonne der Nacht\u201c und beweisen einmal mehr: Sie sind der Garant, wenn es um Gute-Laune-Hits geht. Seit vielen Jahren begeistern Andi und Tom ihr Publikum, sind f\u00fcr jeden Spa\u00df zu haben und das merkt man auch bei jedem einzelnen ihrer Titel. Vergangenes Jahr ver\u00f6ffentlichten die beiden S\u00e4nger und Freunde ihr neues Album \u201eVerr\u00fcckt nach Liebe\u201c mit den besten Songs aus zehn Jahren NEON, das direkt auf Platz 21 der&#8230;<\/p>\n","protected":false},"author":1,"featured_media":15610,"comment_status":"open","ping_status":"open","sticky":false,"template":"","format":"standard","meta":{"footnotes":""},"categories":[2],"tags":[673],"class_list":["post-15608","post","type-post","status-publish","format-standard","has-post-thumbnail","hentry","category-schlager","tag-neon","wpcat-2-id"],"_links":{"self":[{"href":"https:\/\/bergers-schlagerparadies.de\/index.php?rest_route=\/wp\/v2\/posts\/15608","targetHints":{"allow":["GET"]}}],"collection":[{"href":"https:\/\/bergers-schlagerparadies.de\/index.php?rest_route=\/wp\/v2\/posts"}],"about":[{"href":"https:\/\/bergers-schlagerparadies.de\/index.php?rest_route=\/wp\/v2\/types\/post"}],"author":[{"embeddable":true,"href":"https:\/\/bergers-schlagerparadies.de\/index.php?rest_route=\/wp\/v2\/users\/1"}],"replies":[{"embeddable":true,"href":"https:\/\/bergers-schlagerparadies.de\/index.php?rest_route=%2Fwp%2Fv2%2Fcomments&post=15608"}],"version-history":[{"count":1,"href":"https:\/\/bergers-schlagerparadies.de\/index.php?rest_route=\/wp\/v2\/posts\/15608\/revisions"}],"predecessor-version":[{"id":15611,"href":"https:\/\/bergers-schlagerparadies.de\/index.php?rest_route=\/wp\/v2\/posts\/15608\/revisions\/15611"}],"wp:featuredmedia":[{"embeddable":true,"href":"https:\/\/bergers-schlagerparadies.de\/index.php?rest_route=\/wp\/v2\/media\/15610"}],"wp:attachment":[{"href":"https:\/\/bergers-schlagerparadies.de\/index.php?rest_route=%2Fwp%2Fv2%2Fmedia&parent=15608"}],"wp:term":[{"taxonomy":"category","embeddable":true,"href":"https:\/\/bergers-schlagerparadies.de\/index.php?rest_route=%2Fwp%2Fv2%2Fcategories&post=15608"},{"taxonomy":"post_tag","embeddable":true,"href":"https:\/\/bergers-schlagerparadies.de\/index.php?rest_route=%2Fwp%2Fv2%2Ftags&post=15608"}],"curies":[{"name":"wp","href":"https:\/\/api.w.org\/{rel}","templated":true}]}}