{"id":15520,"date":"2023-01-30T10:30:49","date_gmt":"2023-01-30T09:30:49","guid":{"rendered":"https:\/\/bergers-schlagerparadies.de\/?p=15520"},"modified":"2023-01-27T16:32:58","modified_gmt":"2023-01-27T15:32:58","slug":"joel-brandenstein-schwarz-bunt-album-%c2%b7-bergers-schlagerparadies","status":"publish","type":"post","link":"https:\/\/bergers-schlagerparadies.de\/?p=15520","title":{"rendered":"Joel Brandenstein &#8211; Schwarz &#038; Bunt (Album) \u00b7 Berger\u00b4s Schlagerparadies"},"content":{"rendered":"<p><img loading=\"lazy\" decoding=\"async\" class=\"size-medium wp-image-15522 alignleft\" src=\"https:\/\/bergers-schlagerparadies.de\/wp-content\/uploads\/2023\/01\/Joel-Brandenstein-Schwarz-Bunt-Album-300x300.jpg\" alt=\"\" width=\"300\" height=\"300\" srcset=\"https:\/\/bergers-schlagerparadies.de\/wp-content\/uploads\/2023\/01\/Joel-Brandenstein-Schwarz-Bunt-Album-300x300.jpg 300w, https:\/\/bergers-schlagerparadies.de\/wp-content\/uploads\/2023\/01\/Joel-Brandenstein-Schwarz-Bunt-Album-1024x1024.jpg 1024w, https:\/\/bergers-schlagerparadies.de\/wp-content\/uploads\/2023\/01\/Joel-Brandenstein-Schwarz-Bunt-Album-150x150.jpg 150w, https:\/\/bergers-schlagerparadies.de\/wp-content\/uploads\/2023\/01\/Joel-Brandenstein-Schwarz-Bunt-Album-768x768.jpg 768w, https:\/\/bergers-schlagerparadies.de\/wp-content\/uploads\/2023\/01\/Joel-Brandenstein-Schwarz-Bunt-Album.jpg 1200w, https:\/\/bergers-schlagerparadies.de\/wp-content\/uploads\/2023\/01\/Joel-Brandenstein-Schwarz-Bunt-Album-1188x1188.jpg 1188w, https:\/\/bergers-schlagerparadies.de\/wp-content\/uploads\/2023\/01\/Joel-Brandenstein-Schwarz-Bunt-Album-100x100.jpg 100w\" sizes=\"auto, (max-width: 300px) 100vw, 300px\" \/>Das Wort \u201eFeel\u201c- f\u00fchlen &#8211; steht in feinen Buchstaben auf Joel Brandensteins Hals t\u00e4towiert. Tief unter seiner Haut; genau da, wo der S\u00e4nger und Songwriter seit fast einer Dekade auch sein Publikum mit seinen Songs ber\u00fchrt. Mit seinem gef\u00fchlvollen Trademark-Stil aus bitters\u00fc\u00dfen Pianokl\u00e4ngen und seinen markanten Vocals hat sich der Thirty-Something in den vergangenen Jahren den Status als einer der au\u00dfergew\u00f6hnlichsten und packendsten K\u00fcnstler innerhalb der deutschen Poplandschaft erspielt. Auf seinem neuen Album pr\u00e4sentiert Joel Brandenstein nun eine v\u00f6llig neue Klang-Facette, die es bisher noch nie im Schaffen des charismatischen Musikers zu h\u00f6ren gab!<\/p>\n<p>Unglaublich viel ist passiert seit dem Release seines zweiten Albums \u201eFrei\u201c, mit dem Joel Brandenstein die deutschen Longplay-Charts im Winter 2019 auf einem sensationellen 3. Platz enterte. Das wenig sp\u00e4ter ver\u00f6ffentlichte Vanessa Mai-Duett \u201eDer Himmel rei\u00dft auf\u201c ging mit \u00fcber 10 Millionen Spotify-Streams und mehr als 8 Millionen YouTube-Klicks sofort viral und hat sich mittlerweile zum echten Live-Hit der S\u00e4ngerin entwickelt. Und auch der in Zusammenarbeit mit dem Deutschrap-Superstar Samra entstandene Track \u201eRegen\u201c erschloss Joel Brandenstein ganz neue Publikumsschichten und stieg direkt in die Top 100 der deutschen Single-Charts ein. Mittlerweile begeistert er fast 800k monatliche Spotify-H\u00f6rer:innen, knapp 500k Facebook-Follower sowie \u00fcber 535k YouTube-Subscriber, die seine Videos bisher mehr als 277 Millionen mal geklickt haben \u2013 2023 macht Joel Brandenstein nun den n\u00e4chsten Schritt auf seinem Weg.<\/p>\n<p>Die hinter ihm liegenden beiden Jahre hat der Musiker genutzt, um endlich durchzuatmen. Sich zu hinterfragen, in Ruhe zu reflektieren und sich Emotionen zu stellen, die er nun erstmalig in seinen Songs thematisiert. Mit der seiner verstorbenen Mutter gewidmeten Ballade \u201eWegen Dir\u201c erschien Anfang 2022 der erste Vorbote seines nun folgenden, dritten Albums \u201eSchwarz &amp; Bunt\u201c, mit dem sich Brandenstein in verschiedene stilistische Richtungen ausprobiert, die man von ihm bisher noch nicht geh\u00f6rt hat: Aufgeteilt in eine \u201eschwarze\u201c und eine \u201ebunte\u201c Facette vereint das Album tiefgr\u00fcndige Balladen mit packenden, leichteren Popsongs zu einer \u201eschwarzbunten Mischung\u201c, wie Joel seine neu definierte K\u00fcnstlerfreiheit in eigenen Worten beschreibt. Einen ersten Vorgeschmack der bunten Seite gab er im Fr\u00fchjahr 2022 mit der fast 700k mal gestreamten Single \u201eLaute Liebe\u201c.<\/p>\n<p>\u201eSchwarz &amp; Bunt\u201c lebt vom Bruch, vom Kontrast und von der neu entdeckten Experimentierfreude des Musikers, der sich auf den neuen St\u00fccken von s\u00e4mtlichen selbst auferlegten Limits und Stilgrenzen befreit hat und heute ausschlie\u00dflich seinem Bauchgef\u00fchl folgt. Joel Brandenstein kombiniert ein elegant-getragenes Schwarz mit einem poppig-frischen Bunt \u2013 und auch s\u00e4mtlichen weiteren Zwischent\u00f6nen auf seiner emotionalen Farbpalette. Denn auch \u00fcber guten Zeiten k\u00f6nnen manchmal dunkle Schatten liegen, wie er mit zwischen den Stilen angesiedelten Hybrid-Songs wie dem optimistischen Mutmacher-Song \u201eWolkenkratzer\u201c oder dem bitters\u00fc\u00df-tanzbaren \u201eSorry\u201c zeigt. Auf \u201eSchwarz &amp; Bunt\u201c stehen beide Gef\u00fchlsfacetten des Musikers gleichberechtigt nebeneinander: Emotionale, tief ber\u00fchrende Klavierballaden und moderne, nie geh\u00f6rte Einfl\u00fcsse aus Pop, HipHop und Dance.<\/p>\n<p>Unterst\u00fctzung erhielt Joel Brandenstein dabei von niemand Geringerem als Lukas Loules (ehemals Lukas Hilbert), der in Deutschland durch seine Arbeit mit Gr\u00f6\u00dfen wie Nena oder Yvonne Catterfeld bekannt wurde und sp\u00e4ter in Los Angeles gemeinsam mit Superstar-Producer Max Martin f\u00fcr amerikanische Popikonen wie Chris Brown oder Ke$ha verantwortlich zeichnete. Gemeinsam konnte das Team Brandenstein\/ Loules den besonderen Mix aus Emotion und Energie auf \u201eSchwarz &amp; Bunt\u201c kanalisieren. \u201eJedes meiner Lieder spiegelt meine jeweilige Stimmung wider\u201c, so Joel Brandenstein. \u201eDiesmal habe ich mir erlaubt, ein wenig positiver zu sein. Es geht mir heute viel besser, als noch zu der Zeit, als mein letztes Album entstand. Das h\u00f6rt man. Lukas hat sich w\u00e4hrend der Aufnahmen zu einem sehr guten Freund entwickelt, der meine Ideen genauso umgesetzt hat, wie sie mir vorgeschwebt haben.\u201c<\/p>\n<p>Wobei das Treffen mit dem umtriebigen Songwriter und Producer eher zuf\u00e4llig zustande kam, wie Joel Brandenburg berichtet. \u201eWir haben uns in Berlin w\u00e4hrend eines Studioaufenthalts mit Nico Suave kennengelernt und schon gleich den ersten gemeinsamen Track geschrieben! Wir haben festgestellt, dass wir gar nicht so weit voneinander entfernt wohnen; also ist Lukas in den letzten drei Produktionswochen einfach bei mir eingezogen. Obwohl wir Tag und Nacht in meinem Homestudio an der neuen Scheibe gearbeitet haben, war es eine sehr sch\u00f6ne und entspannte Zeit. Lukas hat mich ermutigt, neue Wege zu gehen, loszulassen und nicht immer alles zu \u00fcberanalysieren. Uns war wichtig, alles so intuitiv und ungefiltert wie m\u00f6glich aufzunehmen. Das haben wir geschafft!\u201c<\/p>\n<p>So wie auf \u201eschwarzen\u201c St\u00fccken wie dem ber\u00fchrenden \u201eKrankes Herz\u201c, dem nachdenklichen \u201eArm oder reich\u201c und der Single \u201eFremde\u201c. Aufgelockert wird die Stimmung durch \u201ebunte\u201c Tracks wie die brandneue Single \u201eStreichholz im Regen\u201c, dem modernen \u201eGoodbye\u201c und dem nostalgischen R\u00fcckblick \u201eSiebzehn\u201c. \u201eBei dem St\u00fcck `Streichholz im Regen` hatte ich lange das Bild einer flackernden Flamme im Kopf\u201c, so Joel. \u201eOftmals sp\u00fcrt man schon lange vorher, dass es mit einer Beziehung zu Ende geht. Doch man will sich einfach nicht damit abfinden und h\u00e4lt das Feuer noch irgendwie am Leben, obwohl im Grunde nichts mehr zu retten ist. `Wolkenkratzer` handelt davon, sich wieder dem Leben zu \u00f6ffnen \u2013 mit eine der wichtigsten Hauptbotschaften des Albums. Es geht darum, seine Zweifel zu besiegen und einfach einen weiteren Schritt auf seinem Pfad zu machen.\u201c<\/p>\n<p>Nach dem dramatischen \u201eH\u00f6henangst\u201c endet das Album mit der eindringlichen Klavierballade \u201eFertig mit dir\u201c &#8211; einer selbstreinigenden Abrechnung mit einem ehemals geliebten Menschen. Und alles andere als ein Happy-End, doch das w\u00fcrde wohl auch niemand von Joel Brandenstein erwarten. \u201eIch bin eben durch und durch Melancholiker\u201c, so der Musiker schmunzelnd. \u201eHeartbreak ist einfach mein gr\u00f6\u00dftes Talent. Die Songs auf `Schwarz &amp; Bunt` sind eine Reflexion aller Facetten im Leben: Von Licht und Schatten, Trauer und Gl\u00fcck, von guten und schlechten Zeiten. Ohne Tiefen g\u00e4be es auch keine H\u00f6hen und ohne Schmerz w\u00fcsste man auch nicht die Liebe zu sch\u00e4tzen. Man wird st\u00e4ndig mit Dingen konfrontiert, mit denen man nicht rechnet. Wichtig ist, trotzdem durchl\u00e4ssig f\u00fcr seine Gef\u00fchle zu bleiben. F\u00fcr die schwarzen und auch f\u00fcr die bunten.\u201c<\/p>\n<p><span style=\"color: #800000;\"><strong>Quelle: SMD\/ RCA<\/strong><\/span><\/p>\n<p><span style=\"color: #800000;\"><strong>Dieses Album ist ab dem 03.02.2023 in allen bekannten Onlineshops erh\u00e4ltlich!<\/strong><\/span><\/p>\n<p><span style=\"color: #800000;\"><strong>Airdate (f\u00fcr Radiosender): 03.02.2023<\/strong><\/span><\/p>\n<div class=\"productdetail-info-data-item\">\n<div class=\"clearboth\"><\/div>\n<\/div>\n<div class=\"productdetail-info-data-item\"><\/div>\n","protected":false},"excerpt":{"rendered":"<p>Das Wort \u201eFeel\u201c- f\u00fchlen &#8211; steht in feinen Buchstaben auf Joel Brandensteins Hals t\u00e4towiert. Tief unter seiner Haut; genau da, wo der S\u00e4nger und Songwriter seit fast einer Dekade auch sein Publikum mit seinen Songs ber\u00fchrt. Mit seinem gef\u00fchlvollen Trademark-Stil aus bitters\u00fc\u00dfen Pianokl\u00e4ngen und seinen markanten Vocals hat sich der Thirty-Something in den vergangenen Jahren den Status als einer der au\u00dfergew\u00f6hnlichsten und packendsten K\u00fcnstler innerhalb der deutschen Poplandschaft erspielt. Auf seinem neuen Album pr\u00e4sentiert Joel Brandenstein nun eine v\u00f6llig neue Klang-Facette, die es bisher noch nie im Schaffen des charismatischen Musikers zu h\u00f6ren gab! Unglaublich viel ist passiert seit dem Release seines zweiten Albums \u201eFrei\u201c,&#8230;<\/p>\n","protected":false},"author":1,"featured_media":15522,"comment_status":"open","ping_status":"open","sticky":false,"template":"","format":"standard","meta":{"footnotes":""},"categories":[2],"tags":[1647],"class_list":["post-15520","post","type-post","status-publish","format-standard","has-post-thumbnail","hentry","category-schlager","tag-joel-brandenstein","wpcat-2-id"],"_links":{"self":[{"href":"https:\/\/bergers-schlagerparadies.de\/index.php?rest_route=\/wp\/v2\/posts\/15520","targetHints":{"allow":["GET"]}}],"collection":[{"href":"https:\/\/bergers-schlagerparadies.de\/index.php?rest_route=\/wp\/v2\/posts"}],"about":[{"href":"https:\/\/bergers-schlagerparadies.de\/index.php?rest_route=\/wp\/v2\/types\/post"}],"author":[{"embeddable":true,"href":"https:\/\/bergers-schlagerparadies.de\/index.php?rest_route=\/wp\/v2\/users\/1"}],"replies":[{"embeddable":true,"href":"https:\/\/bergers-schlagerparadies.de\/index.php?rest_route=%2Fwp%2Fv2%2Fcomments&post=15520"}],"version-history":[{"count":1,"href":"https:\/\/bergers-schlagerparadies.de\/index.php?rest_route=\/wp\/v2\/posts\/15520\/revisions"}],"predecessor-version":[{"id":15523,"href":"https:\/\/bergers-schlagerparadies.de\/index.php?rest_route=\/wp\/v2\/posts\/15520\/revisions\/15523"}],"wp:featuredmedia":[{"embeddable":true,"href":"https:\/\/bergers-schlagerparadies.de\/index.php?rest_route=\/wp\/v2\/media\/15522"}],"wp:attachment":[{"href":"https:\/\/bergers-schlagerparadies.de\/index.php?rest_route=%2Fwp%2Fv2%2Fmedia&parent=15520"}],"wp:term":[{"taxonomy":"category","embeddable":true,"href":"https:\/\/bergers-schlagerparadies.de\/index.php?rest_route=%2Fwp%2Fv2%2Fcategories&post=15520"},{"taxonomy":"post_tag","embeddable":true,"href":"https:\/\/bergers-schlagerparadies.de\/index.php?rest_route=%2Fwp%2Fv2%2Ftags&post=15520"}],"curies":[{"name":"wp","href":"https:\/\/api.w.org\/{rel}","templated":true}]}}