{"id":15504,"date":"2023-02-06T10:30:41","date_gmt":"2023-02-06T09:30:41","guid":{"rendered":"https:\/\/bergers-schlagerparadies.de\/?p=15504"},"modified":"2023-01-27T15:09:11","modified_gmt":"2023-01-27T14:09:11","slug":"christian-torchiani-bozena-mielnik-mitten-in-dein-herz-%c2%b7-bergers-schlagerparadies","status":"publish","type":"post","link":"https:\/\/bergers-schlagerparadies.de\/?p=15504","title":{"rendered":"Christian Torchiani &#038; Bozena Mielnik &#8211; Mitten in Dein Herz \u00b7 Berger\u00b4s Schlagerparadies"},"content":{"rendered":"<p><img loading=\"lazy\" decoding=\"async\" class=\"size-medium wp-image-15506 alignleft\" src=\"https:\/\/bergers-schlagerparadies.de\/wp-content\/uploads\/2023\/01\/Christian-Torchiani-Bozena-Mielnik-Mitten-in-Dein-Herz-300x300.jpg\" alt=\"\" width=\"300\" height=\"300\" srcset=\"https:\/\/bergers-schlagerparadies.de\/wp-content\/uploads\/2023\/01\/Christian-Torchiani-Bozena-Mielnik-Mitten-in-Dein-Herz-300x300.jpg 300w, https:\/\/bergers-schlagerparadies.de\/wp-content\/uploads\/2023\/01\/Christian-Torchiani-Bozena-Mielnik-Mitten-in-Dein-Herz-1024x1024.jpg 1024w, https:\/\/bergers-schlagerparadies.de\/wp-content\/uploads\/2023\/01\/Christian-Torchiani-Bozena-Mielnik-Mitten-in-Dein-Herz-150x150.jpg 150w, https:\/\/bergers-schlagerparadies.de\/wp-content\/uploads\/2023\/01\/Christian-Torchiani-Bozena-Mielnik-Mitten-in-Dein-Herz-768x768.jpg 768w, https:\/\/bergers-schlagerparadies.de\/wp-content\/uploads\/2023\/01\/Christian-Torchiani-Bozena-Mielnik-Mitten-in-Dein-Herz-1536x1536.jpg 1536w, https:\/\/bergers-schlagerparadies.de\/wp-content\/uploads\/2023\/01\/Christian-Torchiani-Bozena-Mielnik-Mitten-in-Dein-Herz-2048x2048.jpg 2048w, https:\/\/bergers-schlagerparadies.de\/wp-content\/uploads\/2023\/01\/Christian-Torchiani-Bozena-Mielnik-Mitten-in-Dein-Herz-1200x1200.jpg 1200w, https:\/\/bergers-schlagerparadies.de\/wp-content\/uploads\/2023\/01\/Christian-Torchiani-Bozena-Mielnik-Mitten-in-Dein-Herz-1188x1188.jpg 1188w, https:\/\/bergers-schlagerparadies.de\/wp-content\/uploads\/2023\/01\/Christian-Torchiani-Bozena-Mielnik-Mitten-in-Dein-Herz-100x100.jpg 100w\" sizes=\"auto, (max-width: 300px) 100vw, 300px\" \/>Ein Wink des Schicksals brachte das erste Vorarlberg \u2013 Polnische Duett in 2023 auf den Weg. Auf einer privaten Party lernte Christian Torchiani die S\u00e4ngerin Bozena Mielnik aus Polen kennen. Es war eine gemischtsprachige Veranstaltung und Christian war sofort von der angenehmen, weichen Stimme von Bozena begeistert. Der Veranstalter der Party, der ebenfalls aus Polen stammt, schlug den beiden K\u00fcnstlern vor, ein Duett in beiden Sprachen zu machen. Er war \u00fcberzeugt, dass die gro\u00dfe polnische Gemeinde in Deutschland dieses Lied mit Freuden annehmen wird. Nach kurzer Beratung mit Bozena Mielnik, beschloss Christian Torchiani ein Lied zu schreiben. Zuhause im Studio angekommen, setzte er sich an sein Klavier und es entstand das Lied \u201eMitten in dein Herz\u201c, Bozena Mielnik steuerte die Polnischen Textzeilen dazu bei und schon wurde die Idee f\u00fcr die erste gemeinsame deutsch\/polnische Single geboren.\u00a0Ein Lied zum Tanzen und Tr\u00e4umen und wer weiss, was noch\u2026.<\/p>\n<p><span style=\"color: #800000;\"><strong>Quelle: WESPO<\/strong><\/span><\/p>\n<p><span style=\"color: #800000;\"><strong>Dieser Song ist ab dem 10.02.2023 in allen bekannten Onlineshops erh\u00e4ltlich!<\/strong><\/span><\/p>\n<p><span style=\"color: #800000;\"><strong>Airdate (f\u00fcr Radiosender): 10.02.2023<\/strong><\/span><\/p>\n","protected":false},"excerpt":{"rendered":"<p>Ein Wink des Schicksals brachte das erste Vorarlberg \u2013 Polnische Duett in 2023 auf den Weg. Auf einer privaten Party lernte Christian Torchiani die S\u00e4ngerin Bozena Mielnik aus Polen kennen. Es war eine gemischtsprachige Veranstaltung und Christian war sofort von der angenehmen, weichen Stimme von Bozena begeistert. Der Veranstalter der Party, der ebenfalls aus Polen stammt, schlug den beiden K\u00fcnstlern vor, ein Duett in beiden Sprachen zu machen. Er war \u00fcberzeugt, dass die gro\u00dfe polnische Gemeinde in Deutschland dieses Lied mit Freuden annehmen wird. Nach kurzer Beratung mit Bozena Mielnik, beschloss Christian Torchiani ein Lied zu schreiben. Zuhause im Studio angekommen, setzte er sich an&#8230;<\/p>\n","protected":false},"author":1,"featured_media":15506,"comment_status":"open","ping_status":"open","sticky":false,"template":"","format":"standard","meta":{"footnotes":""},"categories":[2],"tags":[1644],"class_list":["post-15504","post","type-post","status-publish","format-standard","has-post-thumbnail","hentry","category-schlager","tag-christian-torchiani-bozena-mielnik","wpcat-2-id"],"_links":{"self":[{"href":"https:\/\/bergers-schlagerparadies.de\/index.php?rest_route=\/wp\/v2\/posts\/15504","targetHints":{"allow":["GET"]}}],"collection":[{"href":"https:\/\/bergers-schlagerparadies.de\/index.php?rest_route=\/wp\/v2\/posts"}],"about":[{"href":"https:\/\/bergers-schlagerparadies.de\/index.php?rest_route=\/wp\/v2\/types\/post"}],"author":[{"embeddable":true,"href":"https:\/\/bergers-schlagerparadies.de\/index.php?rest_route=\/wp\/v2\/users\/1"}],"replies":[{"embeddable":true,"href":"https:\/\/bergers-schlagerparadies.de\/index.php?rest_route=%2Fwp%2Fv2%2Fcomments&post=15504"}],"version-history":[{"count":1,"href":"https:\/\/bergers-schlagerparadies.de\/index.php?rest_route=\/wp\/v2\/posts\/15504\/revisions"}],"predecessor-version":[{"id":15507,"href":"https:\/\/bergers-schlagerparadies.de\/index.php?rest_route=\/wp\/v2\/posts\/15504\/revisions\/15507"}],"wp:featuredmedia":[{"embeddable":true,"href":"https:\/\/bergers-schlagerparadies.de\/index.php?rest_route=\/wp\/v2\/media\/15506"}],"wp:attachment":[{"href":"https:\/\/bergers-schlagerparadies.de\/index.php?rest_route=%2Fwp%2Fv2%2Fmedia&parent=15504"}],"wp:term":[{"taxonomy":"category","embeddable":true,"href":"https:\/\/bergers-schlagerparadies.de\/index.php?rest_route=%2Fwp%2Fv2%2Fcategories&post=15504"},{"taxonomy":"post_tag","embeddable":true,"href":"https:\/\/bergers-schlagerparadies.de\/index.php?rest_route=%2Fwp%2Fv2%2Ftags&post=15504"}],"curies":[{"name":"wp","href":"https:\/\/api.w.org\/{rel}","templated":true}]}}