{"id":15428,"date":"2023-01-20T13:54:42","date_gmt":"2023-01-20T12:54:42","guid":{"rendered":"https:\/\/bergers-schlagerparadies.de\/?p=15428"},"modified":"2023-01-20T13:54:42","modified_gmt":"2023-01-20T12:54:42","slug":"sandra-diano-matthias-carras-diesen-einen-moment-%c2%b7-bergers-schlagerparadies","status":"publish","type":"post","link":"https:\/\/bergers-schlagerparadies.de\/?p=15428","title":{"rendered":"Sandra Diano &#038; Matthias Carras &#8211; Diesen einen Moment \u00b7 Berger\u00b4s Schlagerparadies"},"content":{"rendered":"<p><img loading=\"lazy\" decoding=\"async\" class=\"size-medium wp-image-15427 alignleft\" src=\"https:\/\/bergers-schlagerparadies.de\/wp-content\/uploads\/2023\/01\/Sandra-Diano-Matthias-Carras-Diesen-einen-Moment-300x300.jpg\" alt=\"\" width=\"300\" height=\"300\" srcset=\"https:\/\/bergers-schlagerparadies.de\/wp-content\/uploads\/2023\/01\/Sandra-Diano-Matthias-Carras-Diesen-einen-Moment-300x300.jpg 300w, https:\/\/bergers-schlagerparadies.de\/wp-content\/uploads\/2023\/01\/Sandra-Diano-Matthias-Carras-Diesen-einen-Moment-150x150.jpg 150w, https:\/\/bergers-schlagerparadies.de\/wp-content\/uploads\/2023\/01\/Sandra-Diano-Matthias-Carras-Diesen-einen-Moment-768x768.jpg 768w, https:\/\/bergers-schlagerparadies.de\/wp-content\/uploads\/2023\/01\/Sandra-Diano-Matthias-Carras-Diesen-einen-Moment-100x100.jpg 100w, https:\/\/bergers-schlagerparadies.de\/wp-content\/uploads\/2023\/01\/Sandra-Diano-Matthias-Carras-Diesen-einen-Moment.jpg 800w\" sizes=\"auto, (max-width: 300px) 100vw, 300px\" \/>Wer h\u00e4tte damals gedacht, dass die Zeilen des aktuellen Duett-Titels von Sandra Diano &amp; Matthias Carras einmal solch eine wahre Bedeutung annehmen w\u00fcrden &#8211; leider! Denn die darin gestellte Frage \u201eGehst du mit mir dieses St\u00fcck Richtung Licht&#8220; sollte eine tragische Wahrheit offenbaren, wie sich am letzten Samstag herausstellte: Schlagers\u00e4nger und Moderator Matthias Carras (Ich bin dein Co-Pilot) erlag am 14.01.2022 seinem jahrelangen Krebsleiden.<\/p>\n<p>Komponist und Produzent Felice Pedull\u00e0 schrieb den beiden bereits 2019 diesen Song auf den Leib.\u00a0 Er sollte eigentlich der Startschuss des bevorstehenden Comebacks von Matthias Carras sein, nachdem dieser eine etwa 7-j\u00e4hrige Pause vom Schlagerbusiness eingelegt hatte &#8211; auch damals schon aufgrund von gesundheitlichen Problemen, Depressionen und Burnout. Er war zur\u00fcck &#8211; motivierter als je zuvor, gewillt, seinem Leben eine Kehrtwendung zu verpassen, es in vollen Z\u00fcgen zu genie\u00dfen, nichts mehr aufzuschieben. Kurz darauf erkrankte er jedoch an Krebs. Doch er k\u00e4mpfte sich zur\u00fcck ins Leben, nahm sogar noch sein letztes Album &#8222;Endlich frei&#8220; mit dem Produzenten-Team Felice Pedull\u00e0 &amp; Christoph Seipel auf.<\/p>\n<p>Bereits 2012 ver\u00f6ffentlichten Matthias Carras &amp; Sandra Diano ein Cover des ber\u00fchmten Waggershausen &amp; Alice- Songs &#8222;Zu nah am Feuer&#8220; (1984) und 2013 ein von Carras selbst geschriebener Song &#8222;Perch\u00e9 no\u201c, der Premiere im ZDF-Fernsehgarten hatte. An diese erfolgreiche Zeit wollten die beiden mit ihrem kommenden Duett ankn\u00fcpfen, nochmal zusammen auf der B\u00fchne stehen &#8211; das war das ersehnte Ziel. &#8222;Nur diesen einen Moment will ich dich nur f\u00fcr mich&#8230; nur eine Minute&#8230;\u00a0 nur einen Moment&#8230;&#8220; Ein Wunsch, der leider nicht mehr in Erf\u00fcllung gehen sollte. &#8222;Um dich erneut zu sehen, ein Lied zusammen gehen, lag in der Luft und es war schon vorbestimmt&#8230;&#8220; Auch in diesen Zeilen steckt ganz viel Wahrheit, denn das erste und letzte Mal nach so vielen Jahren Karriere-Pause hatten sich Sandra Diano und Matthias Carras tats\u00e4chlich zum Einsingen des Songs 2019 im Studio gesehen&#8230; als h\u00e4tte der Songschreiber Pedull\u00e0 gewusst, wie die Geschichte ausgehen w\u00fcrde.<\/p>\n<p>&#8222;Pl\u00f6tzlich erscheint dieser Titel beim Anh\u00f6ren in einem ganz anderen Licht&#8230;. gruselig&#8230; mir fuhr es durch den ganzen K\u00f6rper, als ich realisierte, dass der Titel nun tats\u00e4chlich unsere vollst\u00e4ndige musikalische Geschichte erz\u00e4hlte. Es war Matthias ausdr\u00fccklicher Wunsch, unseren gemeinsamen Song in jedem Fall als Single aus seinem Album auszukoppeln. Dies tun wir nun &#8211; in seinem Gedenken. Ich bin stolz und dankbar, seine B\u00fchnenpartnerin gewesen sein zu d\u00fcrfen. Wir werden ihn nie vergessen &#8211; als Freund, als Kollege, aber vor allem als echter Herzensmensch.&#8220; (Zitat Sandra Diano, 16.01.2022)<\/p>\n<p><span style=\"color: #800000;\"><strong>Quelle: Fiesta Records<\/strong><\/span><\/p>\n<p><span style=\"color: #800000;\"><strong>Dieser Song ist ab dem 20.01.2023 in allen bekannten Onlineshops erh\u00e4ltlich!<\/strong><\/span><\/p>\n<p><span style=\"color: #800000;\"><strong>Airdate (f\u00fcr Radiosender): 20.01.2023<\/strong><\/span><\/p>\n","protected":false},"excerpt":{"rendered":"<p>Wer h\u00e4tte damals gedacht, dass die Zeilen des aktuellen Duett-Titels von Sandra Diano &amp; Matthias Carras einmal solch eine wahre Bedeutung annehmen w\u00fcrden &#8211; leider! Denn die darin gestellte Frage \u201eGehst du mit mir dieses St\u00fcck Richtung Licht&#8220; sollte eine tragische Wahrheit offenbaren, wie sich am letzten Samstag herausstellte: Schlagers\u00e4nger und Moderator Matthias Carras (Ich bin dein Co-Pilot) erlag am 14.01.2022 seinem jahrelangen Krebsleiden. Komponist und Produzent Felice Pedull\u00e0 schrieb den beiden bereits 2019 diesen Song auf den Leib.\u00a0 Er sollte eigentlich der Startschuss des bevorstehenden Comebacks von Matthias Carras sein, nachdem dieser eine etwa 7-j\u00e4hrige Pause vom Schlagerbusiness eingelegt hatte &#8211; auch damals schon&#8230;<\/p>\n","protected":false},"author":1,"featured_media":15427,"comment_status":"open","ping_status":"open","sticky":false,"template":"","format":"standard","meta":{"footnotes":""},"categories":[2],"tags":[1642],"class_list":["post-15428","post","type-post","status-publish","format-standard","has-post-thumbnail","hentry","category-schlager","tag-sandra-diano-matthias-carras","wpcat-2-id"],"_links":{"self":[{"href":"https:\/\/bergers-schlagerparadies.de\/index.php?rest_route=\/wp\/v2\/posts\/15428","targetHints":{"allow":["GET"]}}],"collection":[{"href":"https:\/\/bergers-schlagerparadies.de\/index.php?rest_route=\/wp\/v2\/posts"}],"about":[{"href":"https:\/\/bergers-schlagerparadies.de\/index.php?rest_route=\/wp\/v2\/types\/post"}],"author":[{"embeddable":true,"href":"https:\/\/bergers-schlagerparadies.de\/index.php?rest_route=\/wp\/v2\/users\/1"}],"replies":[{"embeddable":true,"href":"https:\/\/bergers-schlagerparadies.de\/index.php?rest_route=%2Fwp%2Fv2%2Fcomments&post=15428"}],"version-history":[{"count":1,"href":"https:\/\/bergers-schlagerparadies.de\/index.php?rest_route=\/wp\/v2\/posts\/15428\/revisions"}],"predecessor-version":[{"id":15430,"href":"https:\/\/bergers-schlagerparadies.de\/index.php?rest_route=\/wp\/v2\/posts\/15428\/revisions\/15430"}],"wp:featuredmedia":[{"embeddable":true,"href":"https:\/\/bergers-schlagerparadies.de\/index.php?rest_route=\/wp\/v2\/media\/15427"}],"wp:attachment":[{"href":"https:\/\/bergers-schlagerparadies.de\/index.php?rest_route=%2Fwp%2Fv2%2Fmedia&parent=15428"}],"wp:term":[{"taxonomy":"category","embeddable":true,"href":"https:\/\/bergers-schlagerparadies.de\/index.php?rest_route=%2Fwp%2Fv2%2Fcategories&post=15428"},{"taxonomy":"post_tag","embeddable":true,"href":"https:\/\/bergers-schlagerparadies.de\/index.php?rest_route=%2Fwp%2Fv2%2Ftags&post=15428"}],"curies":[{"name":"wp","href":"https:\/\/api.w.org\/{rel}","templated":true}]}}