{"id":15406,"date":"2023-01-16T10:30:58","date_gmt":"2023-01-16T09:30:58","guid":{"rendered":"https:\/\/bergers-schlagerparadies.de\/?p=15406"},"modified":"2023-01-14T18:55:52","modified_gmt":"2023-01-14T17:55:52","slug":"roland-kaiser-du-deine-freundin-und-ich-%c2%b7-bergers-schlagerparadies","status":"publish","type":"post","link":"https:\/\/bergers-schlagerparadies.de\/?p=15406","title":{"rendered":"Roland Kaiser &#8211; Du, deine Freundin und ich \u00b7 Berger\u00b4s Schlagerparadies"},"content":{"rendered":"<p><img loading=\"lazy\" decoding=\"async\" class=\"size-medium wp-image-12724 alignleft\" src=\"https:\/\/bergers-schlagerparadies.de\/wp-content\/uploads\/2022\/08\/Roland-Kaiser-Perspektiven-300x300.jpg\" alt=\"\" width=\"300\" height=\"300\" srcset=\"https:\/\/bergers-schlagerparadies.de\/wp-content\/uploads\/2022\/08\/Roland-Kaiser-Perspektiven-300x300.jpg 300w, https:\/\/bergers-schlagerparadies.de\/wp-content\/uploads\/2022\/08\/Roland-Kaiser-Perspektiven-1024x1024.jpg 1024w, https:\/\/bergers-schlagerparadies.de\/wp-content\/uploads\/2022\/08\/Roland-Kaiser-Perspektiven-150x150.jpg 150w, https:\/\/bergers-schlagerparadies.de\/wp-content\/uploads\/2022\/08\/Roland-Kaiser-Perspektiven-768x768.jpg 768w, https:\/\/bergers-schlagerparadies.de\/wp-content\/uploads\/2022\/08\/Roland-Kaiser-Perspektiven.jpg 1200w, https:\/\/bergers-schlagerparadies.de\/wp-content\/uploads\/2022\/08\/Roland-Kaiser-Perspektiven-1188x1188.jpg 1188w, https:\/\/bergers-schlagerparadies.de\/wp-content\/uploads\/2022\/08\/Roland-Kaiser-Perspektiven-100x100.jpg 100w\" sizes=\"auto, (max-width: 300px) 100vw, 300px\" \/>Roland Kaiser \u201eDu, deine Freundin und ich\u201c<\/p>\n<p>F\u00fcnf Dekaden Roland Kaiser \u2013 das bedeutet Millionen treuer H\u00f6rerinnen und H\u00f6rer, die der charismatische S\u00e4nger und Musiker bis heute generations\u00fcbergreifend mit seinen unz\u00e4hligen Hits begeistert. Ein Zeitraum, in dem der leidenschaftliche Vollblutentertainer nicht nur die deutschen Musik-Charts wie kaum ein zweiter K\u00fcnstler gepr\u00e4gt hat, sondern auch zu einem wichtigen Bestandteil der gesamtdeutschen Geschichte avanciert ist. Seit jeher gelingt es Roland Kaiser spielend, das Publikum mit seiner herzlichen, geerdeten Art zu faszinieren, w\u00e4hrend er den Zeitgeist immer wieder mit frischen, unverbrauchten Songideen einf\u00e4ngt. So auch mit seinem brandneuen Studioalbum \u201ePerspektiven\u201c (V\u00d6: 02.09.2022), mit dem Roland Kaiser in seinem Jubil\u00e4umsjahr seit \u00fcber 40 Jahren erstmals wieder an der Spitze der Offiziellen Deutschen Albumcharts stand.<\/p>\n<p>Auf \u201ePerspektiven\u201c beleuchtet Roland Kaiser die verschiedenen Facetten des Lebens: Liebe und Erotik, Ver\u00e4nderung und Weiterentwicklung, aber auch Einsamkeit und Schmerz, bis hin zu delikaten Dreiecksbeziehungen wie bei seiner neuen Single \u201eDu, deine Freundin und ich\u201c, auf dem der S\u00e4nger zu funky-tanzbaren Disco-Sounds von einer imagin\u00e4ren M\u00e9nage-\u00e0-trois erz\u00e4hlt. \u201eAls mir die Autoren Christina Schwa\u00df und Matthias Hass diesen Song vorschlugen, hat er mich sofort gereizt, weil er so faszinierend und so frech ist\u201c, so Roland Kaiser \u00fcber die Entstehungsgeschichte des musikalischen Gedankenspiels. \u201e\u00c4hnlich wie bei `Manchmal m\u00f6chte ich schon mit dir` wird auch hier die Phantasie des Publikums angeregt. Das Ende des St\u00fccks bleibt jedoch offen. Haben sie oder haben sie nicht?\u201c Eine augenzwinkernde Provokation, auf deren Reaktionen Kaiser vorbereitet ist: \u201eSicher wird es Leute geben, in deren Augen dieser Text eine Unversch\u00e4mtheit ist, die man sich gerade in meinem Alter nicht mehr erlauben sollte. Ich bin mir bewusst, mit diesem Lied zu polarisieren. Doch dem sehe ich l\u00e4ssig entgegen.\u201c Und der Erfolg gibt ihm recht, lobte ihn nicht zuletzt u.a. Die ZEIT, als absoluten Ausnahmek\u00fcnstler, der \u00fcberraschend zeitgem\u00e4\u00df Themen wie Polyamorie und offene Beziehungen behandelt \u2013 auch dank seiner neuen Single \u201eDu, deine Freundin und ich\u201c.<\/p>\n<p><span style=\"color: #800000;\"><strong>Quelle: SMA\/ Ariola<\/strong><\/span><\/p>\n<p><span style=\"color: #800000;\"><strong>Dieser Song ist ab dem 20.01.2023 in allen bekannten Onlineshops erh\u00e4ltlich!<\/strong><\/span><\/p>\n<p><span style=\"color: #800000;\"><strong>Airdate (f\u00fcr Radiosender): 13.01.2023<\/strong><\/span><\/p>\n","protected":false},"excerpt":{"rendered":"<p>Roland Kaiser \u201eDu, deine Freundin und ich\u201c F\u00fcnf Dekaden Roland Kaiser \u2013 das bedeutet Millionen treuer H\u00f6rerinnen und H\u00f6rer, die der charismatische S\u00e4nger und Musiker bis heute generations\u00fcbergreifend mit seinen unz\u00e4hligen Hits begeistert. Ein Zeitraum, in dem der leidenschaftliche Vollblutentertainer nicht nur die deutschen Musik-Charts wie kaum ein zweiter K\u00fcnstler gepr\u00e4gt hat, sondern auch zu einem wichtigen Bestandteil der gesamtdeutschen Geschichte avanciert ist. Seit jeher gelingt es Roland Kaiser spielend, das Publikum mit seiner herzlichen, geerdeten Art zu faszinieren, w\u00e4hrend er den Zeitgeist immer wieder mit frischen, unverbrauchten Songideen einf\u00e4ngt. So auch mit seinem brandneuen Studioalbum \u201ePerspektiven\u201c (V\u00d6: 02.09.2022), mit dem Roland Kaiser in seinem&#8230;<\/p>\n","protected":false},"author":1,"featured_media":12724,"comment_status":"open","ping_status":"open","sticky":false,"template":"","format":"standard","meta":{"footnotes":""},"categories":[2],"tags":[625],"class_list":["post-15406","post","type-post","status-publish","format-standard","has-post-thumbnail","hentry","category-schlager","tag-roland-kaiser","wpcat-2-id"],"_links":{"self":[{"href":"https:\/\/bergers-schlagerparadies.de\/index.php?rest_route=\/wp\/v2\/posts\/15406","targetHints":{"allow":["GET"]}}],"collection":[{"href":"https:\/\/bergers-schlagerparadies.de\/index.php?rest_route=\/wp\/v2\/posts"}],"about":[{"href":"https:\/\/bergers-schlagerparadies.de\/index.php?rest_route=\/wp\/v2\/types\/post"}],"author":[{"embeddable":true,"href":"https:\/\/bergers-schlagerparadies.de\/index.php?rest_route=\/wp\/v2\/users\/1"}],"replies":[{"embeddable":true,"href":"https:\/\/bergers-schlagerparadies.de\/index.php?rest_route=%2Fwp%2Fv2%2Fcomments&post=15406"}],"version-history":[{"count":2,"href":"https:\/\/bergers-schlagerparadies.de\/index.php?rest_route=\/wp\/v2\/posts\/15406\/revisions"}],"predecessor-version":[{"id":15409,"href":"https:\/\/bergers-schlagerparadies.de\/index.php?rest_route=\/wp\/v2\/posts\/15406\/revisions\/15409"}],"wp:featuredmedia":[{"embeddable":true,"href":"https:\/\/bergers-schlagerparadies.de\/index.php?rest_route=\/wp\/v2\/media\/12724"}],"wp:attachment":[{"href":"https:\/\/bergers-schlagerparadies.de\/index.php?rest_route=%2Fwp%2Fv2%2Fmedia&parent=15406"}],"wp:term":[{"taxonomy":"category","embeddable":true,"href":"https:\/\/bergers-schlagerparadies.de\/index.php?rest_route=%2Fwp%2Fv2%2Fcategories&post=15406"},{"taxonomy":"post_tag","embeddable":true,"href":"https:\/\/bergers-schlagerparadies.de\/index.php?rest_route=%2Fwp%2Fv2%2Ftags&post=15406"}],"curies":[{"name":"wp","href":"https:\/\/api.w.org\/{rel}","templated":true}]}}